{"id":112689,"date":"2022-11-18T13:25:41","date_gmt":"2022-11-18T16:25:41","guid":{"rendered":"https:\/\/eldiariodesanpedro.com.ar\/sitio\/?p=112689"},"modified":"2022-11-18T13:25:42","modified_gmt":"2022-11-18T16:25:42","slug":"reunion-provincial-de-referentes-de-areas-de-transito-en-el-ministerio-de-transporte","status":"publish","type":"post","link":"https:\/\/eldiariodesanpedro.com.ar\/sitio\/reunion-provincial-de-referentes-de-areas-de-transito-en-el-ministerio-de-transporte\/","title":{"rendered":"Reuni\u00f3n provincial de referentes de \u00e1reas de tr\u00e1nsito en el Ministerio de Transporte"},"content":{"rendered":"<!-- VideographyWP Plugin Message: Automatic video embedding prevented by plugin options. -->\n\n<p>La Municipalidad de San Pedro estuvo representada este jueves en la reuni\u00f3n a la que fueron convocados representantes de todos los distritos provinciales, para una jornada de actualizaci\u00f3n sobre medidas para implementar dentro del Plan de Seguridad Vial.<\/p>\n\n\n\n<p>Desde nuestra ciudad concurrieron el Coordinador de Tr\u00e1nsito y Nocturnidad Alides Vel\u00e1quez, Adriana Macchi responsable del Centro de Monitoreo y Walter Lacuadra Director de la oficina administrativa de Licencias de Conducir, \u00e1reas dependientes de la Secretar\u00eda de Seguridad.<\/p>\n\n\n\n<p>El encuentro encabezado entre otros por el Director de Asistencia Administrativa del Ministerio de Transporte Dr. Roberto Batista, tuvo lugar en la sede de esa cartera en la capital provincial y se convoc\u00f3 con el objetivo de actualizar, proponer y recibir inquietudes.<\/p>\n\n\n\n<p>Dentro de los temas planteados se destacaron novedades que se ir\u00e1n volcando a cada regi\u00f3n relacionada y puntualmente en el caso de San Pedro se realizaron gestiones para contar con mayores recursos en el funcionamiento del Observatorio Vial que realiza un seguimiento muy importante de la accidentolog\u00eda local.<\/p>\n\n\n\n<p>Adem\u00e1s se ir\u00e1n implementando nuevos procedimientos para las \u00e1reas de gesti\u00f3n de licencias de conducir y las tareas de control de tr\u00e1nsito en la v\u00eda p\u00fablica.<\/p>\n\n\n\n<figure class=\"wp-block-image size-full\"><img decoding=\"async\" width=\"840\" height=\"630\" data-attachment-id=\"112690\" data-permalink=\"https:\/\/eldiariodesanpedro.com.ar\/sitio\/reunion-provincial-de-referentes-de-areas-de-transito-en-el-ministerio-de-transporte\/whatsapp-image-2022-11-18-at-07-27-10\/\" data-orig-file=\"https:\/\/eldiariodesanpedro.com.ar\/sitio\/wp-content\/uploads\/2022\/11\/WhatsApp-Image-2022-11-18-at-07.27.10.jpeg\" data-orig-size=\"840,630\" data-comments-opened=\"0\" data-image-meta=\"{&quot;aperture&quot;:&quot;0&quot;,&quot;credit&quot;:&quot;&quot;,&quot;camera&quot;:&quot;&quot;,&quot;caption&quot;:&quot;&quot;,&quot;created_timestamp&quot;:&quot;0&quot;,&quot;copyright&quot;:&quot;&quot;,&quot;focal_length&quot;:&quot;0&quot;,&quot;iso&quot;:&quot;0&quot;,&quot;shutter_speed&quot;:&quot;0&quot;,&quot;title&quot;:&quot;&quot;,&quot;orientation&quot;:&quot;0&quot;}\" data-image-title=\"WhatsApp Image 2022-11-18 at 07.27.10\" data-image-description=\"\" data-image-caption=\"\" data-large-file=\"https:\/\/eldiariodesanpedro.com.ar\/sitio\/wp-content\/uploads\/2022\/11\/WhatsApp-Image-2022-11-18-at-07.27.10.jpeg\" data-src=\"https:\/\/eldiariodesanpedro.com.ar\/sitio\/wp-content\/uploads\/2022\/11\/WhatsApp-Image-2022-11-18-at-07.27.10.jpeg\" alt=\"\" class=\"wp-image-112690 lazyload\" data-srcset=\"https:\/\/eldiariodesanpedro.com.ar\/sitio\/wp-content\/uploads\/2022\/11\/WhatsApp-Image-2022-11-18-at-07.27.10.jpeg 840w, https:\/\/eldiariodesanpedro.com.ar\/sitio\/wp-content\/uploads\/2022\/11\/WhatsApp-Image-2022-11-18-at-07.27.10-300x225.jpeg 300w, https:\/\/eldiariodesanpedro.com.ar\/sitio\/wp-content\/uploads\/2022\/11\/WhatsApp-Image-2022-11-18-at-07.27.10-768x576.jpeg 768w, https:\/\/eldiariodesanpedro.com.ar\/sitio\/wp-content\/uploads\/2022\/11\/WhatsApp-Image-2022-11-18-at-07.27.10-272x204.jpeg 272w\" data-sizes=\"(max-width: 840px) 100vw, 840px\" src=\"data:image\/svg+xml;base64,PHN2ZyB3aWR0aD0iMSIgaGVpZ2h0PSIxIiB4bWxucz0iaHR0cDovL3d3dy53My5vcmcvMjAwMC9zdmciPjwvc3ZnPg==\" style=\"--smush-placeholder-width: 840px; --smush-placeholder-aspect-ratio: 840\/630;\" \/><\/figure>\n","protected":false},"excerpt":{"rendered":"<p>La Municipalidad de San Pedro estuvo representada este jueves en la reuni\u00f3n a la que fueron convocados representantes de todos los distritos provinciales, para una jornada de actualizaci\u00f3n sobre medidas para implementar dentro del Plan de Seguridad Vial. Desde nuestra ciudad concurrieron el Coordinador de Tr\u00e1nsito y Nocturnidad Alides Vel\u00e1quez, Adriana Macchi responsable del Centro [&hellip;]<\/p>\n","protected":false},"author":4,"featured_media":112691,"comment_status":"closed","ping_status":"closed","sticky":false,"template":"","format":"standard","meta":{"om_disable_all_campaigns":false,"_jetpack_memberships_contains_paid_content":false,"footnotes":""},"categories":[101,2],"tags":[197,696,33,19],"class_list":["post-112689","post","type-post","status-publish","format-standard","has-post-thumbnail","hentry","category-interes-general-locales","category-locales","tag-buenos-aires","tag-interes-general","tag-locales","tag-san-pedro"],"aioseo_notices":[],"gutentor_comment":0,"jetpack_featured_media_url":"https:\/\/eldiariodesanpedro.com.ar\/sitio\/wp-content\/uploads\/2022\/11\/WhatsApp-Image-2022-11-18-at-07.27.11.jpeg","jetpack_shortlink":"https:\/\/wp.me\/p6RhLt-tjz","jetpack_sharing_enabled":true,"_links":{"self":[{"href":"https:\/\/eldiariodesanpedro.com.ar\/sitio\/wp-json\/wp\/v2\/posts\/112689","targetHints":{"allow":["GET"]}}],"collection":[{"href":"https:\/\/eldiariodesanpedro.com.ar\/sitio\/wp-json\/wp\/v2\/posts"}],"about":[{"href":"https:\/\/eldiariodesanpedro.com.ar\/sitio\/wp-json\/wp\/v2\/types\/post"}],"author":[{"embeddable":true,"href":"https:\/\/eldiariodesanpedro.com.ar\/sitio\/wp-json\/wp\/v2\/users\/4"}],"replies":[{"embeddable":true,"href":"https:\/\/eldiariodesanpedro.com.ar\/sitio\/wp-json\/wp\/v2\/comments?post=112689"}],"version-history":[{"count":1,"href":"https:\/\/eldiariodesanpedro.com.ar\/sitio\/wp-json\/wp\/v2\/posts\/112689\/revisions"}],"predecessor-version":[{"id":112692,"href":"https:\/\/eldiariodesanpedro.com.ar\/sitio\/wp-json\/wp\/v2\/posts\/112689\/revisions\/112692"}],"wp:featuredmedia":[{"embeddable":true,"href":"https:\/\/eldiariodesanpedro.com.ar\/sitio\/wp-json\/wp\/v2\/media\/112691"}],"wp:attachment":[{"href":"https:\/\/eldiariodesanpedro.com.ar\/sitio\/wp-json\/wp\/v2\/media?parent=112689"}],"wp:term":[{"taxonomy":"category","embeddable":true,"href":"https:\/\/eldiariodesanpedro.com.ar\/sitio\/wp-json\/wp\/v2\/categories?post=112689"},{"taxonomy":"post_tag","embeddable":true,"href":"https:\/\/eldiariodesanpedro.com.ar\/sitio\/wp-json\/wp\/v2\/tags?post=112689"}],"curies":[{"name":"wp","href":"https:\/\/api.w.org\/{rel}","templated":true}]}}