{"id":112678,"date":"2022-11-18T13:17:31","date_gmt":"2022-11-18T16:17:31","guid":{"rendered":"https:\/\/eldiariodesanpedro.com.ar\/sitio\/?p=112678"},"modified":"2022-11-18T13:17:32","modified_gmt":"2022-11-18T16:17:32","slug":"acto-oficial-y-agenda-cultural-para-el-proximo-fin-de-semana-largo","status":"publish","type":"post","link":"https:\/\/eldiariodesanpedro.com.ar\/sitio\/acto-oficial-y-agenda-cultural-para-el-proximo-fin-de-semana-largo\/","title":{"rendered":"Acto oficial y agenda cultural para el pr\u00f3ximo fin de semana largo"},"content":{"rendered":"<!-- VideographyWP Plugin Message: Automatic video embedding prevented by plugin options. -->\n\n<p>Esta ma\u00f1ana, en la Secretar\u00eda de Turismo y Cultura fueron presentadas las actividades que se desarrollar\u00e1n este fin de semana largo en la ciudad y las localidades, con el acto oficial en conmemoraci\u00f3n del D\u00eda de la Soberan\u00eda que se realizar\u00e1 el domingo 20 de noviembre a las 18.30 hs. en Vuelta de Obligado como principal atractivo y eventos deportivos, culturales y musicales dentro de las propuestas que se ofrecer\u00e1n a sampedrinos y turistas.<\/p>\n\n\n\n<p>El anuncio se realiz\u00f3 a trav\u00e9s de una conferencia de prensa encabezada por la Secretaria de Turismo y Cultura, Marcela Cu\u00f1er de la que participaron Leandro Vega y Checho Petrelli en representaci\u00f3n de los organizadores del primer encuentro de m\u00fasica comercial que se llevar\u00e1 a cabo en el Club Sportivo la Esperanza; Carlos C\u00e1ceres y Miguel Iglesias representando a la organizaci\u00f3n del 17\u00b0 encuentro norte\u00f1o en el Paseo P\u00fablico Municipal; y Claudio Tipaldi junto a Jorge Rodr\u00edguez, quienes organizan el Torneo Ciudad de San Pedro en el San Pedro Golf Club.<\/p>\n\n\n\n<p>Agenda cultural y recreativa:<\/p>\n\n\n\n<p>Acto oficial por el D\u00eda de la Soberan\u00eda: En la localidad de Vuelta de Obligado se desarrollar\u00e1 desde las 18.30 hs. la conmemoraci\u00f3n de la gesta hist\u00f3rica que nos convoca todos los a\u00f1os para honrar la memoria de las y los patriotas que defendieron nuestra soberan\u00eda. El acto contar\u00e1 con la participaci\u00f3n de la Banda de Patricios de Vuelta de Obligado de la ciudad de Ramallo, la unidad de recreaci\u00f3n hist\u00f3rica Patricios de Vuelta de Obligado con asiento en la ciudad de Buenos Aires, el Ballet \u201cSol de Obligado\u201d y representantes del centro tradicionalista El Pehual.<\/p>\n\n\n\n<p>XVII Encuentro Norte\u00f1o: S\u00e1bado 19, domingo 20 y lunes 21 se realizar\u00e1 en el Paseo P\u00fablico Municipal con entrada libre y gratuita este encuentro cultural que organiza la Asociaci\u00f3n Civil Huauque con la Coordinaci\u00f3n de la Municipalidad, a trav\u00e9s de la Secretar\u00eda de Turismo y Cultura que contar\u00e1 con las presentaciones de: Bruno Arias, Los Hermanos Herrera, Agrupaci\u00f3n Incamayo, Caf\u00e9 Miel, Marcelo Veliz, Raices Atamisque\u00f1as, Sencillito y de Alpargatas, Chango Rojas, Emilio Manicler, Nuevas voces de la Salamanca, Maju del Barro, M\u00f3nica Ortiz, Los Crems y La Pueblerina entre otros.<\/p>\n\n\n\n<p>Primer Encuentro Comercialero: Se realizar\u00e1 el domingo 20 de noviembre a las 20.00 hs. en el Club Sportivo la Esperanza y contar\u00e1 con la participaci\u00f3n de Checho Petrelli de la ciudad de Comodoro Rivadavia con \u201cLocura Comercialera\u201d.<\/p>\n\n\n\n<p>Torneo Ciudad de San Pedro: Se llevar\u00e1 a cabo en el San Pedro Golf Club, la segunda edici\u00f3n de la copa Vuelta de Obligado los d\u00edas s\u00e1bado 19, domingo 20 y lunes 21 de noviembre. Con una modalidad de 36 hoyos Medal Play y premios para el Mejor Gross, Mejor Neto por categor\u00eda, Approach y Long Drive. Por informes e inscripci\u00f3n contactar al 011-1566257914.<\/p>\n\n\n\n<p>Festival M\u00fasica Esperanza Vuelta de Obligado: El domingo 20 de noviembre desde las 11.00 hs. en la costa de Vuelta de Obligado, con entrada libre y gratuita se desarrollar\u00e1 esta jornada en homenaje a Miguel \u00c1ngel Estrella que contar\u00e1 con la actuaci\u00f3n de diferentes agrupaciones, talleres y ensambles del Partido. En caso de lluvia la actividad se pasa a la Escuela Secundara N\u00b0 5 de la localidad.<\/p>\n\n\n\n<p>Visitas Guiadas Gratuitas: A las visitas guiadas por el casco hist\u00f3rico que se realizan todos los domingos a las 11 de la ma\u00f1ana, se sumar\u00e1 un recorrido por el sitio hist\u00f3rico de la batalla de Vuelta de Obligado el s\u00e1bado 19 de noviembre y lunes 21 de noviembre a las 10 hs. Para anotarse pueden dirigirse a la Secretar\u00eda de Turismo y Cultura, a trav\u00e9s de sus redes sociales o comunicarse con el (03329) 42-2050.<\/p>\n\n\n\n<p>Santa Luc\u00eda es Danza: El domingo 20 de noviembre desde las 16 hs. en la localidad de Santa Luc\u00eda se llevar\u00e1 a cabo la cuarta edici\u00f3n del festival internacional de danzas folkl\u00f3ricas.<\/p>\n\n\n\n<p>Yes Pier: El s\u00e1bado 19 y domingo 20 de noviembre a las 21.30 hs. en la sala Cuarta Pared la compa\u00f1\u00eda El Vacil\u00f3n presenta la obra Yes Pier \u201cRomeo y Julieta de bolsillo\u201d de Emiliano Dionisi y las actuaciones de Gabo C\u00e1ceres y Walter Petroni. La obra trata de una pareja de catedr\u00e1ticos que brindan una lecci\u00f3n magistral en torno a la vida y obra de Williams Shakespeare, en la que no faltan los datos m\u00e1s inveros\u00edmiles, ni las estad\u00edsticas m\u00e1s ins\u00f3litas.<\/p>\n\n\n\n<p>Mr. Splendini: En el teatro Wojtyla, ubicado en Pellegrini 378, se presenta \u201cMr. Splendini, el vendedor de humo\u201d el domingo 20 de noviembre a las 19.00 hs. Un espect\u00e1culo m\u00e1gico para disfrutar con toda la familia. Para reservas contactar con el 03329-15623464.<\/p>\n\n\n\n<p>Feria Callejera del Libro: El s\u00e1bado 19 de noviembre a partir de las 16.00 hs. sobre la vereda de la Sociedad Italiana ubicada en Mitre 861. Durante la actividad se podr\u00e1n encontrar cuentos, poes\u00edas, narrativa, novelas, infantiles, ensayos y todas las creaciones de los escritores sampedrinos.<\/p>\n\n\n\n<figure class=\"wp-block-image size-full\"><img decoding=\"async\" width=\"752\" height=\"630\" data-attachment-id=\"112680\" data-permalink=\"https:\/\/eldiariodesanpedro.com.ar\/sitio\/acto-oficial-y-agenda-cultural-para-el-proximo-fin-de-semana-largo\/whatsapp-image-2022-11-17-at-15-36-47\/\" data-orig-file=\"https:\/\/eldiariodesanpedro.com.ar\/sitio\/wp-content\/uploads\/2022\/11\/WhatsApp-Image-2022-11-17-at-15.36.47.jpeg\" data-orig-size=\"752,630\" data-comments-opened=\"0\" data-image-meta=\"{&quot;aperture&quot;:&quot;0&quot;,&quot;credit&quot;:&quot;&quot;,&quot;camera&quot;:&quot;&quot;,&quot;caption&quot;:&quot;&quot;,&quot;created_timestamp&quot;:&quot;0&quot;,&quot;copyright&quot;:&quot;&quot;,&quot;focal_length&quot;:&quot;0&quot;,&quot;iso&quot;:&quot;0&quot;,&quot;shutter_speed&quot;:&quot;0&quot;,&quot;title&quot;:&quot;&quot;,&quot;orientation&quot;:&quot;0&quot;}\" data-image-title=\"WhatsApp Image 2022-11-17 at 15.36.47\" data-image-description=\"\" data-image-caption=\"\" data-large-file=\"https:\/\/eldiariodesanpedro.com.ar\/sitio\/wp-content\/uploads\/2022\/11\/WhatsApp-Image-2022-11-17-at-15.36.47.jpeg\" data-src=\"https:\/\/eldiariodesanpedro.com.ar\/sitio\/wp-content\/uploads\/2022\/11\/WhatsApp-Image-2022-11-17-at-15.36.47.jpeg\" alt=\"\" class=\"wp-image-112680 lazyload\" data-srcset=\"https:\/\/eldiariodesanpedro.com.ar\/sitio\/wp-content\/uploads\/2022\/11\/WhatsApp-Image-2022-11-17-at-15.36.47.jpeg 752w, https:\/\/eldiariodesanpedro.com.ar\/sitio\/wp-content\/uploads\/2022\/11\/WhatsApp-Image-2022-11-17-at-15.36.47-300x251.jpeg 300w\" data-sizes=\"(max-width: 752px) 100vw, 752px\" src=\"data:image\/svg+xml;base64,PHN2ZyB3aWR0aD0iMSIgaGVpZ2h0PSIxIiB4bWxucz0iaHR0cDovL3d3dy53My5vcmcvMjAwMC9zdmciPjwvc3ZnPg==\" style=\"--smush-placeholder-width: 752px; --smush-placeholder-aspect-ratio: 752\/630;\" \/><\/figure>\n\n\n\n<figure class=\"wp-block-image size-full\"><img decoding=\"async\" width=\"621\" height=\"630\" data-attachment-id=\"112681\" data-permalink=\"https:\/\/eldiariodesanpedro.com.ar\/sitio\/acto-oficial-y-agenda-cultural-para-el-proximo-fin-de-semana-largo\/whatsapp-image-2022-11-17-at-15-36-54\/\" data-orig-file=\"https:\/\/eldiariodesanpedro.com.ar\/sitio\/wp-content\/uploads\/2022\/11\/WhatsApp-Image-2022-11-17-at-15.36.54.jpeg\" data-orig-size=\"621,630\" data-comments-opened=\"0\" data-image-meta=\"{&quot;aperture&quot;:&quot;0&quot;,&quot;credit&quot;:&quot;&quot;,&quot;camera&quot;:&quot;&quot;,&quot;caption&quot;:&quot;&quot;,&quot;created_timestamp&quot;:&quot;0&quot;,&quot;copyright&quot;:&quot;&quot;,&quot;focal_length&quot;:&quot;0&quot;,&quot;iso&quot;:&quot;0&quot;,&quot;shutter_speed&quot;:&quot;0&quot;,&quot;title&quot;:&quot;&quot;,&quot;orientation&quot;:&quot;0&quot;}\" data-image-title=\"WhatsApp Image 2022-11-17 at 15.36.54\" data-image-description=\"\" data-image-caption=\"\" data-large-file=\"https:\/\/eldiariodesanpedro.com.ar\/sitio\/wp-content\/uploads\/2022\/11\/WhatsApp-Image-2022-11-17-at-15.36.54.jpeg\" data-src=\"https:\/\/eldiariodesanpedro.com.ar\/sitio\/wp-content\/uploads\/2022\/11\/WhatsApp-Image-2022-11-17-at-15.36.54.jpeg\" alt=\"\" class=\"wp-image-112681 lazyload\" data-srcset=\"https:\/\/eldiariodesanpedro.com.ar\/sitio\/wp-content\/uploads\/2022\/11\/WhatsApp-Image-2022-11-17-at-15.36.54.jpeg 621w, https:\/\/eldiariodesanpedro.com.ar\/sitio\/wp-content\/uploads\/2022\/11\/WhatsApp-Image-2022-11-17-at-15.36.54-296x300.jpeg 296w\" data-sizes=\"(max-width: 621px) 100vw, 621px\" src=\"data:image\/svg+xml;base64,PHN2ZyB3aWR0aD0iMSIgaGVpZ2h0PSIxIiB4bWxucz0iaHR0cDovL3d3dy53My5vcmcvMjAwMC9zdmciPjwvc3ZnPg==\" style=\"--smush-placeholder-width: 621px; --smush-placeholder-aspect-ratio: 621\/630;\" \/><\/figure>\n\n\n\n<figure class=\"wp-block-image size-full\"><img decoding=\"async\" width=\"630\" height=\"630\" data-attachment-id=\"112683\" data-permalink=\"https:\/\/eldiariodesanpedro.com.ar\/sitio\/acto-oficial-y-agenda-cultural-para-el-proximo-fin-de-semana-largo\/whatsapp-image-2022-11-17-at-15-36-56\/\" data-orig-file=\"https:\/\/eldiariodesanpedro.com.ar\/sitio\/wp-content\/uploads\/2022\/11\/WhatsApp-Image-2022-11-17-at-15.36.56.jpeg\" data-orig-size=\"630,630\" data-comments-opened=\"0\" data-image-meta=\"{&quot;aperture&quot;:&quot;0&quot;,&quot;credit&quot;:&quot;&quot;,&quot;camera&quot;:&quot;&quot;,&quot;caption&quot;:&quot;&quot;,&quot;created_timestamp&quot;:&quot;0&quot;,&quot;copyright&quot;:&quot;&quot;,&quot;focal_length&quot;:&quot;0&quot;,&quot;iso&quot;:&quot;0&quot;,&quot;shutter_speed&quot;:&quot;0&quot;,&quot;title&quot;:&quot;&quot;,&quot;orientation&quot;:&quot;0&quot;}\" data-image-title=\"WhatsApp Image 2022-11-17 at 15.36.56\" data-image-description=\"\" data-image-caption=\"\" data-large-file=\"https:\/\/eldiariodesanpedro.com.ar\/sitio\/wp-content\/uploads\/2022\/11\/WhatsApp-Image-2022-11-17-at-15.36.56.jpeg\" data-src=\"https:\/\/eldiariodesanpedro.com.ar\/sitio\/wp-content\/uploads\/2022\/11\/WhatsApp-Image-2022-11-17-at-15.36.56.jpeg\" alt=\"\" class=\"wp-image-112683 lazyload\" data-srcset=\"https:\/\/eldiariodesanpedro.com.ar\/sitio\/wp-content\/uploads\/2022\/11\/WhatsApp-Image-2022-11-17-at-15.36.56.jpeg 630w, https:\/\/eldiariodesanpedro.com.ar\/sitio\/wp-content\/uploads\/2022\/11\/WhatsApp-Image-2022-11-17-at-15.36.56-300x300.jpeg 300w, https:\/\/eldiariodesanpedro.com.ar\/sitio\/wp-content\/uploads\/2022\/11\/WhatsApp-Image-2022-11-17-at-15.36.56-150x150.jpeg 150w\" data-sizes=\"(max-width: 630px) 100vw, 630px\" src=\"data:image\/svg+xml;base64,PHN2ZyB3aWR0aD0iMSIgaGVpZ2h0PSIxIiB4bWxucz0iaHR0cDovL3d3dy53My5vcmcvMjAwMC9zdmciPjwvc3ZnPg==\" style=\"--smush-placeholder-width: 630px; --smush-placeholder-aspect-ratio: 630\/630;\" \/><\/figure>\n\n\n\n<figure class=\"wp-block-image size-full\"><img decoding=\"async\" width=\"473\" height=\"630\" data-attachment-id=\"112682\" data-permalink=\"https:\/\/eldiariodesanpedro.com.ar\/sitio\/acto-oficial-y-agenda-cultural-para-el-proximo-fin-de-semana-largo\/whatsapp-image-2022-11-17-at-15-36-55\/\" data-orig-file=\"https:\/\/eldiariodesanpedro.com.ar\/sitio\/wp-content\/uploads\/2022\/11\/WhatsApp-Image-2022-11-17-at-15.36.55.jpeg\" data-orig-size=\"473,630\" data-comments-opened=\"0\" data-image-meta=\"{&quot;aperture&quot;:&quot;0&quot;,&quot;credit&quot;:&quot;&quot;,&quot;camera&quot;:&quot;&quot;,&quot;caption&quot;:&quot;&quot;,&quot;created_timestamp&quot;:&quot;0&quot;,&quot;copyright&quot;:&quot;&quot;,&quot;focal_length&quot;:&quot;0&quot;,&quot;iso&quot;:&quot;0&quot;,&quot;shutter_speed&quot;:&quot;0&quot;,&quot;title&quot;:&quot;&quot;,&quot;orientation&quot;:&quot;0&quot;}\" data-image-title=\"WhatsApp Image 2022-11-17 at 15.36.55\" data-image-description=\"\" data-image-caption=\"\" data-large-file=\"https:\/\/eldiariodesanpedro.com.ar\/sitio\/wp-content\/uploads\/2022\/11\/WhatsApp-Image-2022-11-17-at-15.36.55.jpeg\" data-src=\"https:\/\/eldiariodesanpedro.com.ar\/sitio\/wp-content\/uploads\/2022\/11\/WhatsApp-Image-2022-11-17-at-15.36.55.jpeg\" alt=\"\" class=\"wp-image-112682 lazyload\" data-srcset=\"https:\/\/eldiariodesanpedro.com.ar\/sitio\/wp-content\/uploads\/2022\/11\/WhatsApp-Image-2022-11-17-at-15.36.55.jpeg 473w, https:\/\/eldiariodesanpedro.com.ar\/sitio\/wp-content\/uploads\/2022\/11\/WhatsApp-Image-2022-11-17-at-15.36.55-225x300.jpeg 225w\" data-sizes=\"(max-width: 473px) 100vw, 473px\" src=\"data:image\/svg+xml;base64,PHN2ZyB3aWR0aD0iMSIgaGVpZ2h0PSIxIiB4bWxucz0iaHR0cDovL3d3dy53My5vcmcvMjAwMC9zdmciPjwvc3ZnPg==\" style=\"--smush-placeholder-width: 473px; --smush-placeholder-aspect-ratio: 473\/630;\" \/><\/figure>\n\n\n\n<figure class=\"wp-block-image size-full\"><img decoding=\"async\" width=\"426\" height=\"630\" data-attachment-id=\"112684\" data-permalink=\"https:\/\/eldiariodesanpedro.com.ar\/sitio\/acto-oficial-y-agenda-cultural-para-el-proximo-fin-de-semana-largo\/whatsapp-image-2022-11-17-at-15-36-57\/\" data-orig-file=\"https:\/\/eldiariodesanpedro.com.ar\/sitio\/wp-content\/uploads\/2022\/11\/WhatsApp-Image-2022-11-17-at-15.36.57.jpeg\" data-orig-size=\"426,630\" data-comments-opened=\"0\" data-image-meta=\"{&quot;aperture&quot;:&quot;0&quot;,&quot;credit&quot;:&quot;&quot;,&quot;camera&quot;:&quot;&quot;,&quot;caption&quot;:&quot;&quot;,&quot;created_timestamp&quot;:&quot;0&quot;,&quot;copyright&quot;:&quot;&quot;,&quot;focal_length&quot;:&quot;0&quot;,&quot;iso&quot;:&quot;0&quot;,&quot;shutter_speed&quot;:&quot;0&quot;,&quot;title&quot;:&quot;&quot;,&quot;orientation&quot;:&quot;0&quot;}\" data-image-title=\"WhatsApp Image 2022-11-17 at 15.36.57\" data-image-description=\"\" data-image-caption=\"\" data-large-file=\"https:\/\/eldiariodesanpedro.com.ar\/sitio\/wp-content\/uploads\/2022\/11\/WhatsApp-Image-2022-11-17-at-15.36.57.jpeg\" data-src=\"https:\/\/eldiariodesanpedro.com.ar\/sitio\/wp-content\/uploads\/2022\/11\/WhatsApp-Image-2022-11-17-at-15.36.57.jpeg\" alt=\"\" class=\"wp-image-112684 lazyload\" data-srcset=\"https:\/\/eldiariodesanpedro.com.ar\/sitio\/wp-content\/uploads\/2022\/11\/WhatsApp-Image-2022-11-17-at-15.36.57.jpeg 426w, https:\/\/eldiariodesanpedro.com.ar\/sitio\/wp-content\/uploads\/2022\/11\/WhatsApp-Image-2022-11-17-at-15.36.57-203x300.jpeg 203w\" data-sizes=\"(max-width: 426px) 100vw, 426px\" src=\"data:image\/svg+xml;base64,PHN2ZyB3aWR0aD0iMSIgaGVpZ2h0PSIxIiB4bWxucz0iaHR0cDovL3d3dy53My5vcmcvMjAwMC9zdmciPjwvc3ZnPg==\" style=\"--smush-placeholder-width: 426px; --smush-placeholder-aspect-ratio: 426\/630;\" \/><\/figure>\n\n\n\n<figure class=\"wp-block-image size-full\"><img decoding=\"async\" width=\"630\" height=\"630\" data-attachment-id=\"112686\" data-permalink=\"https:\/\/eldiariodesanpedro.com.ar\/sitio\/acto-oficial-y-agenda-cultural-para-el-proximo-fin-de-semana-largo\/whatsapp-image-2022-11-17-at-15-36-58-2\/\" data-orig-file=\"https:\/\/eldiariodesanpedro.com.ar\/sitio\/wp-content\/uploads\/2022\/11\/WhatsApp-Image-2022-11-17-at-15.36.58-2.jpeg\" data-orig-size=\"630,630\" data-comments-opened=\"0\" data-image-meta=\"{&quot;aperture&quot;:&quot;0&quot;,&quot;credit&quot;:&quot;&quot;,&quot;camera&quot;:&quot;&quot;,&quot;caption&quot;:&quot;&quot;,&quot;created_timestamp&quot;:&quot;0&quot;,&quot;copyright&quot;:&quot;&quot;,&quot;focal_length&quot;:&quot;0&quot;,&quot;iso&quot;:&quot;0&quot;,&quot;shutter_speed&quot;:&quot;0&quot;,&quot;title&quot;:&quot;&quot;,&quot;orientation&quot;:&quot;0&quot;}\" data-image-title=\"WhatsApp Image 2022-11-17 at 15.36.58 (2)\" data-image-description=\"\" data-image-caption=\"\" data-large-file=\"https:\/\/eldiariodesanpedro.com.ar\/sitio\/wp-content\/uploads\/2022\/11\/WhatsApp-Image-2022-11-17-at-15.36.58-2.jpeg\" data-src=\"https:\/\/eldiariodesanpedro.com.ar\/sitio\/wp-content\/uploads\/2022\/11\/WhatsApp-Image-2022-11-17-at-15.36.58-2.jpeg\" alt=\"\" class=\"wp-image-112686 lazyload\" data-srcset=\"https:\/\/eldiariodesanpedro.com.ar\/sitio\/wp-content\/uploads\/2022\/11\/WhatsApp-Image-2022-11-17-at-15.36.58-2.jpeg 630w, https:\/\/eldiariodesanpedro.com.ar\/sitio\/wp-content\/uploads\/2022\/11\/WhatsApp-Image-2022-11-17-at-15.36.58-2-300x300.jpeg 300w, https:\/\/eldiariodesanpedro.com.ar\/sitio\/wp-content\/uploads\/2022\/11\/WhatsApp-Image-2022-11-17-at-15.36.58-2-150x150.jpeg 150w\" data-sizes=\"(max-width: 630px) 100vw, 630px\" src=\"data:image\/svg+xml;base64,PHN2ZyB3aWR0aD0iMSIgaGVpZ2h0PSIxIiB4bWxucz0iaHR0cDovL3d3dy53My5vcmcvMjAwMC9zdmciPjwvc3ZnPg==\" style=\"--smush-placeholder-width: 630px; --smush-placeholder-aspect-ratio: 630\/630;\" \/><\/figure>\n\n\n\n<figure class=\"wp-block-image size-full\"><img decoding=\"async\" width=\"504\" height=\"630\" data-attachment-id=\"112687\" data-permalink=\"https:\/\/eldiariodesanpedro.com.ar\/sitio\/acto-oficial-y-agenda-cultural-para-el-proximo-fin-de-semana-largo\/whatsapp-image-2022-11-17-at-15-36-58\/\" data-orig-file=\"https:\/\/eldiariodesanpedro.com.ar\/sitio\/wp-content\/uploads\/2022\/11\/WhatsApp-Image-2022-11-17-at-15.36.58.jpeg\" data-orig-size=\"504,630\" data-comments-opened=\"0\" data-image-meta=\"{&quot;aperture&quot;:&quot;0&quot;,&quot;credit&quot;:&quot;&quot;,&quot;camera&quot;:&quot;&quot;,&quot;caption&quot;:&quot;&quot;,&quot;created_timestamp&quot;:&quot;0&quot;,&quot;copyright&quot;:&quot;&quot;,&quot;focal_length&quot;:&quot;0&quot;,&quot;iso&quot;:&quot;0&quot;,&quot;shutter_speed&quot;:&quot;0&quot;,&quot;title&quot;:&quot;&quot;,&quot;orientation&quot;:&quot;0&quot;}\" data-image-title=\"WhatsApp Image 2022-11-17 at 15.36.58\" data-image-description=\"\" data-image-caption=\"\" data-large-file=\"https:\/\/eldiariodesanpedro.com.ar\/sitio\/wp-content\/uploads\/2022\/11\/WhatsApp-Image-2022-11-17-at-15.36.58.jpeg\" data-src=\"https:\/\/eldiariodesanpedro.com.ar\/sitio\/wp-content\/uploads\/2022\/11\/WhatsApp-Image-2022-11-17-at-15.36.58.jpeg\" alt=\"\" class=\"wp-image-112687 lazyload\" data-srcset=\"https:\/\/eldiariodesanpedro.com.ar\/sitio\/wp-content\/uploads\/2022\/11\/WhatsApp-Image-2022-11-17-at-15.36.58.jpeg 504w, https:\/\/eldiariodesanpedro.com.ar\/sitio\/wp-content\/uploads\/2022\/11\/WhatsApp-Image-2022-11-17-at-15.36.58-240x300.jpeg 240w\" data-sizes=\"(max-width: 504px) 100vw, 504px\" src=\"data:image\/svg+xml;base64,PHN2ZyB3aWR0aD0iMSIgaGVpZ2h0PSIxIiB4bWxucz0iaHR0cDovL3d3dy53My5vcmcvMjAwMC9zdmciPjwvc3ZnPg==\" style=\"--smush-placeholder-width: 504px; --smush-placeholder-aspect-ratio: 504\/630;\" \/><\/figure>\n","protected":false},"excerpt":{"rendered":"<p>Esta ma\u00f1ana, en la Secretar\u00eda de Turismo y Cultura fueron presentadas las actividades que se desarrollar\u00e1n este fin de semana largo en la ciudad y las localidades, con el acto oficial en conmemoraci\u00f3n del D\u00eda de la Soberan\u00eda que se realizar\u00e1 el domingo 20 de noviembre a las 18.30 hs. en Vuelta de Obligado como [&hellip;]<\/p>\n","protected":false},"author":4,"featured_media":112679,"comment_status":"closed","ping_status":"closed","sticky":false,"template":"","format":"standard","meta":{"om_disable_all_campaigns":false,"_jetpack_memberships_contains_paid_content":false,"footnotes":""},"categories":[50,101,2],"tags":[197,696,33,19],"class_list":["post-112678","post","type-post","status-publish","format-standard","has-post-thumbnail","hentry","category-destacadas","category-interes-general-locales","category-locales","tag-buenos-aires","tag-interes-general","tag-locales","tag-san-pedro"],"aioseo_notices":[],"gutentor_comment":0,"jetpack_featured_media_url":"https:\/\/eldiariodesanpedro.com.ar\/sitio\/wp-content\/uploads\/2022\/11\/WhatsApp-Image-2022-11-17-at-15.36.46.jpeg","jetpack_shortlink":"https:\/\/wp.me\/p6RhLt-tjo","jetpack_sharing_enabled":true,"_links":{"self":[{"href":"https:\/\/eldiariodesanpedro.com.ar\/sitio\/wp-json\/wp\/v2\/posts\/112678","targetHints":{"allow":["GET"]}}],"collection":[{"href":"https:\/\/eldiariodesanpedro.com.ar\/sitio\/wp-json\/wp\/v2\/posts"}],"about":[{"href":"https:\/\/eldiariodesanpedro.com.ar\/sitio\/wp-json\/wp\/v2\/types\/post"}],"author":[{"embeddable":true,"href":"https:\/\/eldiariodesanpedro.com.ar\/sitio\/wp-json\/wp\/v2\/users\/4"}],"replies":[{"embeddable":true,"href":"https:\/\/eldiariodesanpedro.com.ar\/sitio\/wp-json\/wp\/v2\/comments?post=112678"}],"version-history":[{"count":1,"href":"https:\/\/eldiariodesanpedro.com.ar\/sitio\/wp-json\/wp\/v2\/posts\/112678\/revisions"}],"predecessor-version":[{"id":112688,"href":"https:\/\/eldiariodesanpedro.com.ar\/sitio\/wp-json\/wp\/v2\/posts\/112678\/revisions\/112688"}],"wp:featuredmedia":[{"embeddable":true,"href":"https:\/\/eldiariodesanpedro.com.ar\/sitio\/wp-json\/wp\/v2\/media\/112679"}],"wp:attachment":[{"href":"https:\/\/eldiariodesanpedro.com.ar\/sitio\/wp-json\/wp\/v2\/media?parent=112678"}],"wp:term":[{"taxonomy":"category","embeddable":true,"href":"https:\/\/eldiariodesanpedro.com.ar\/sitio\/wp-json\/wp\/v2\/categories?post=112678"},{"taxonomy":"post_tag","embeddable":true,"href":"https:\/\/eldiariodesanpedro.com.ar\/sitio\/wp-json\/wp\/v2\/tags?post=112678"}],"curies":[{"name":"wp","href":"https:\/\/api.w.org\/{rel}","templated":true}]}}