{"id":112668,"date":"2022-11-17T13:21:19","date_gmt":"2022-11-17T16:21:19","guid":{"rendered":"https:\/\/eldiariodesanpedro.com.ar\/sitio\/?p=112668"},"modified":"2022-11-17T13:21:20","modified_gmt":"2022-11-17T16:21:20","slug":"dia-de-la-soberania-sin-presencia-de-autoridades-nacionales-y-provinciales-el-acto-sera-el-domingo-20","status":"publish","type":"post","link":"https:\/\/eldiariodesanpedro.com.ar\/sitio\/dia-de-la-soberania-sin-presencia-de-autoridades-nacionales-y-provinciales-el-acto-sera-el-domingo-20\/","title":{"rendered":"D\u00eda de la Soberan\u00eda: Sin presencia de autoridades nacionales y provinciales, el acto ser\u00e1 el domingo 20"},"content":{"rendered":"<!-- VideographyWP Plugin Message: Automatic video embedding prevented by plugin options. -->\n\n<p>La Municipalidad de San Pedro estar\u00e1 a cargo del acto oficial por el D\u00eda de la Soberan\u00eda que se concretar\u00e1 el domingo 20 en Vuelta de Obligado, sin la presencia confirmada de autoridades nacionales y\/o provinciales hasta el momento. El lunes 21 ser\u00e1 feriado, tal como fue dispuesto por el Ejecutivo nacional en el calendario 2022.<\/p>\n\n\n\n<p>En un a\u00f1o previo a las elecciones, Vuelta de Obligado, que ha sabido recibir en los \u00faltimos a\u00f1os a dirigentes de primer nivel incluyendo a la vicepresidenta Cristina Fern\u00e1ndez, el presidente Alberto Fern\u00e1ndez y el gobernador Axel Kicillof, no tendr\u00e1 este a\u00f1o presencia de autoridades nacionales y provinciales en la conmemoraci\u00f3n del D\u00eda de la Soberan\u00eda.<\/p>\n\n\n\n<p>La log\u00edstica del acto qued\u00f3 a cargo de la Municipalidad de San Pedro y est\u00e1 previsto que se concrete el mismo domingo 20, a las 18.30, en el Sitio Hist\u00f3rico de Vuelta de Obligado.<\/p>\n\n\n\n<p>Durante la jornada est\u00e1 prevista la actuaci\u00f3n, en principio de M\u00fasica Esperanza Vuelta de Obligado y en las pr\u00f3ximas horas se dar\u00eda a conocer la grilla que incluir\u00eda la actuaci\u00f3n de un ballet folcl\u00f3rico local.<\/p>\n\n\n\n<p>A esto se sumar\u00e1 el acto protocolar con los saludos correspondientes y las palabras de cierre a cargo del intendente municipal Ram\u00f3n Salazar.&nbsp;<\/p>\n","protected":false},"excerpt":{"rendered":"<p>La Municipalidad de San Pedro estar\u00e1 a cargo del acto oficial por el D\u00eda de la Soberan\u00eda que se concretar\u00e1 el domingo 20 en Vuelta de Obligado, sin la presencia confirmada de autoridades nacionales y\/o provinciales hasta el momento. El lunes 21 ser\u00e1 feriado, tal como fue dispuesto por el Ejecutivo nacional en el calendario [&hellip;]<\/p>\n","protected":false},"author":4,"featured_media":112669,"comment_status":"closed","ping_status":"closed","sticky":false,"template":"","format":"standard","meta":{"om_disable_all_campaigns":false,"_jetpack_memberships_contains_paid_content":false,"footnotes":""},"categories":[50,101,2],"tags":[197,696,33,19],"class_list":["post-112668","post","type-post","status-publish","format-standard","has-post-thumbnail","hentry","category-destacadas","category-interes-general-locales","category-locales","tag-buenos-aires","tag-interes-general","tag-locales","tag-san-pedro"],"aioseo_notices":[],"gutentor_comment":0,"jetpack_featured_media_url":"https:\/\/eldiariodesanpedro.com.ar\/sitio\/wp-content\/uploads\/2022\/11\/monumento-batalla-vuelta_1.jpg","jetpack_shortlink":"https:\/\/wp.me\/p6RhLt-tje","jetpack_sharing_enabled":true,"_links":{"self":[{"href":"https:\/\/eldiariodesanpedro.com.ar\/sitio\/wp-json\/wp\/v2\/posts\/112668","targetHints":{"allow":["GET"]}}],"collection":[{"href":"https:\/\/eldiariodesanpedro.com.ar\/sitio\/wp-json\/wp\/v2\/posts"}],"about":[{"href":"https:\/\/eldiariodesanpedro.com.ar\/sitio\/wp-json\/wp\/v2\/types\/post"}],"author":[{"embeddable":true,"href":"https:\/\/eldiariodesanpedro.com.ar\/sitio\/wp-json\/wp\/v2\/users\/4"}],"replies":[{"embeddable":true,"href":"https:\/\/eldiariodesanpedro.com.ar\/sitio\/wp-json\/wp\/v2\/comments?post=112668"}],"version-history":[{"count":1,"href":"https:\/\/eldiariodesanpedro.com.ar\/sitio\/wp-json\/wp\/v2\/posts\/112668\/revisions"}],"predecessor-version":[{"id":112670,"href":"https:\/\/eldiariodesanpedro.com.ar\/sitio\/wp-json\/wp\/v2\/posts\/112668\/revisions\/112670"}],"wp:featuredmedia":[{"embeddable":true,"href":"https:\/\/eldiariodesanpedro.com.ar\/sitio\/wp-json\/wp\/v2\/media\/112669"}],"wp:attachment":[{"href":"https:\/\/eldiariodesanpedro.com.ar\/sitio\/wp-json\/wp\/v2\/media?parent=112668"}],"wp:term":[{"taxonomy":"category","embeddable":true,"href":"https:\/\/eldiariodesanpedro.com.ar\/sitio\/wp-json\/wp\/v2\/categories?post=112668"},{"taxonomy":"post_tag","embeddable":true,"href":"https:\/\/eldiariodesanpedro.com.ar\/sitio\/wp-json\/wp\/v2\/tags?post=112668"}],"curies":[{"name":"wp","href":"https:\/\/api.w.org\/{rel}","templated":true}]}}