{"id":112662,"date":"2022-11-17T12:40:12","date_gmt":"2022-11-17T15:40:12","guid":{"rendered":"https:\/\/eldiariodesanpedro.com.ar\/sitio\/?p=112662"},"modified":"2022-11-17T12:43:11","modified_gmt":"2022-11-17T15:43:11","slug":"qatar-2022-silvio-velo-y-melina-duzac-protagonistas-de-la-publicidad-de-cerveza-schneider","status":"publish","type":"post","link":"https:\/\/eldiariodesanpedro.com.ar\/sitio\/qatar-2022-silvio-velo-y-melina-duzac-protagonistas-de-la-publicidad-de-cerveza-schneider\/","title":{"rendered":"Qatar 2022: Silvio Velo y Melina Duzac protagonistas de la publicidad de cerveza Schneider"},"content":{"rendered":"<!-- VideographyWP Plugin Message: Automatic video embedding prevented by plugin options. -->\n\n<p>Los sampedrinos aparecen en el comercial que la firma cervecera present\u00f3 como sponsor oficial se la selecci\u00f3n Argentina.<\/p>\n\n\n\n<p>Hace pocos d\u00edas la firma cervecera Schneider comenz\u00f3 a difundir el comercial institucional que la presenta como sponsor oficial de la selecci\u00f3n Argentina de cara a su debut en el mundial de Qatar 2022.<\/p>\n\n\n\n<p>All\u00ed aparecen dos sampedrinos que son protagonistas de una emotiva historia donde distintas personas proponen los mejores deseos para el combinado de f\u00fatbol.<\/p>\n\n\n\n<p>Melina Duzac como payam\u00e9dica y Silvio Velo, hist\u00f3rico capit\u00e1n de la selecci\u00f3n Argentina de f\u00fatbol para no videntes, m\u00e1s conocida como \u00abLos Murci\u00e9lagos\u00bb, son quienes participaron de la publicidad que fue grabada hace pocas semanas.<\/p>\n\n\n\n<p>En el caso de Melina Duzac, quien estudia actuaci\u00f3n y est\u00e1 a pocos d\u00edas de finalizar la carrera, cont\u00f3 en el aire de FM G\u00e9nesis que se present\u00f3 a un casting y ah\u00ed fue elegida. \u00abNecesitaban un payam\u00e9dico y me present\u00e9\u00bb, cont\u00f3. \u00abUna en el momento no se da cuenta pero cuando vez la publicidad es todo muy emotivo\u00bb.<\/p>\n\n\n\n<p>\u00abNo sab\u00eda que participaba Silvio Velo, yo grab\u00e9 sola y me enter\u00e9 que estaba una vez que vi la publicidad terminada\u00bb.<\/p>\n\n\n\n<p>Silvio Velo tambi\u00e9n cont\u00f3 que no sab\u00eda que hab\u00eda otra sampedrina en la publicidad y adelant\u00f3 que por ahora no participa de otro comercial m\u00e1s all\u00e1 de que particip\u00f3 de varias pruebas.<\/p>\n\n\n\n<p><em>\u201cEl sue\u00f1o de cualquiera que ama el f\u00fatbol es tener una camiseta firmada de la Selecci\u00f3n, por eso le vamos a hacer llegar a los jugadores la suya firmada por los argentinos, por esos que tambi\u00e9n le dedican todo a esta camiseta\u201d<\/em>. Con estas palabras,\u00a0<strong>Nicol\u00e1s Massimino y Nicol\u00e1s Goldstein<\/strong>, CCO y DGC de\u00a0<strong>Mercado McCann<\/strong>, respectivamente, presentan\u00a0<strong>\u2018<em>Aut\u00f3grafos\u2019<\/em><\/strong><em>,\u00a0<\/em>la campa\u00f1a desarrollada por la agencia para\u00a0<strong>Schneider<\/strong>.<\/p>\n\n\n\n<iframe width=\"860\" height=\"484\" data-src=\"https:\/\/www.youtube.com\/embed\/OzI2ddW6CCg\" title=\"El sue\u00f1o de cualquiera que ama el f\u00fatbol\" frameborder=\"0\" allow=\"accelerometer; autoplay; clipboard-write; encrypted-media; gyroscope; picture-in-picture\" allowfullscreen src=\"data:image\/svg+xml;base64,PHN2ZyB3aWR0aD0iMSIgaGVpZ2h0PSIxIiB4bWxucz0iaHR0cDovL3d3dy53My5vcmcvMjAwMC9zdmciPjwvc3ZnPg==\" class=\"lazyload\" data-load-mode=\"1\"><\/iframe>\n","protected":false},"excerpt":{"rendered":"<p>Los sampedrinos aparecen en el comercial que la firma cervecera present\u00f3 como sponsor oficial se la selecci\u00f3n Argentina. Hace pocos d\u00edas la firma cervecera Schneider comenz\u00f3 a difundir el comercial institucional que la presenta como sponsor oficial de la selecci\u00f3n Argentina de cara a su debut en el mundial de Qatar 2022. All\u00ed aparecen dos [&hellip;]<\/p>\n","protected":false},"author":4,"featured_media":112663,"comment_status":"closed","ping_status":"closed","sticky":false,"template":"","format":"standard","meta":{"om_disable_all_campaigns":false,"_jetpack_memberships_contains_paid_content":false,"footnotes":""},"categories":[50,101,2],"tags":[197,696,33,19],"class_list":["post-112662","post","type-post","status-publish","format-standard","has-post-thumbnail","hentry","category-destacadas","category-interes-general-locales","category-locales","tag-buenos-aires","tag-interes-general","tag-locales","tag-san-pedro"],"aioseo_notices":[],"gutentor_comment":0,"jetpack_featured_media_url":"https:\/\/eldiariodesanpedro.com.ar\/sitio\/wp-content\/uploads\/2022\/11\/0000021414-resized-1920x1080-1.jpg","jetpack_shortlink":"https:\/\/wp.me\/p6RhLt-tj8","jetpack_sharing_enabled":true,"_links":{"self":[{"href":"https:\/\/eldiariodesanpedro.com.ar\/sitio\/wp-json\/wp\/v2\/posts\/112662","targetHints":{"allow":["GET"]}}],"collection":[{"href":"https:\/\/eldiariodesanpedro.com.ar\/sitio\/wp-json\/wp\/v2\/posts"}],"about":[{"href":"https:\/\/eldiariodesanpedro.com.ar\/sitio\/wp-json\/wp\/v2\/types\/post"}],"author":[{"embeddable":true,"href":"https:\/\/eldiariodesanpedro.com.ar\/sitio\/wp-json\/wp\/v2\/users\/4"}],"replies":[{"embeddable":true,"href":"https:\/\/eldiariodesanpedro.com.ar\/sitio\/wp-json\/wp\/v2\/comments?post=112662"}],"version-history":[{"count":2,"href":"https:\/\/eldiariodesanpedro.com.ar\/sitio\/wp-json\/wp\/v2\/posts\/112662\/revisions"}],"predecessor-version":[{"id":112667,"href":"https:\/\/eldiariodesanpedro.com.ar\/sitio\/wp-json\/wp\/v2\/posts\/112662\/revisions\/112667"}],"wp:featuredmedia":[{"embeddable":true,"href":"https:\/\/eldiariodesanpedro.com.ar\/sitio\/wp-json\/wp\/v2\/media\/112663"}],"wp:attachment":[{"href":"https:\/\/eldiariodesanpedro.com.ar\/sitio\/wp-json\/wp\/v2\/media?parent=112662"}],"wp:term":[{"taxonomy":"category","embeddable":true,"href":"https:\/\/eldiariodesanpedro.com.ar\/sitio\/wp-json\/wp\/v2\/categories?post=112662"},{"taxonomy":"post_tag","embeddable":true,"href":"https:\/\/eldiariodesanpedro.com.ar\/sitio\/wp-json\/wp\/v2\/tags?post=112662"}],"curies":[{"name":"wp","href":"https:\/\/api.w.org\/{rel}","templated":true}]}}