{"id":112660,"date":"2022-11-17T12:00:46","date_gmt":"2022-11-17T15:00:46","guid":{"rendered":"https:\/\/eldiariodesanpedro.com.ar\/sitio\/?p=112660"},"modified":"2022-11-17T12:00:47","modified_gmt":"2022-11-17T15:00:47","slug":"salazar-evalua-mas-nombres-para-sumar-al-gabinete","status":"publish","type":"post","link":"https:\/\/eldiariodesanpedro.com.ar\/sitio\/salazar-evalua-mas-nombres-para-sumar-al-gabinete\/","title":{"rendered":"Salazar eval\u00faa m\u00e1s nombres para sumar al gabinete"},"content":{"rendered":"<!-- VideographyWP Plugin Message: Automatic video embedding prevented by plugin options. -->\n\n<p>Luego del nombramiento de Jimena Mari\u00f1o en la Direcci\u00f3n de Comisiones de Fomento en lugar de In\u00e9s Mario el Intendente confirm\u00f3 que en los pr\u00f3ximos d\u00edas podr\u00eda sumarse otras personas a su gabinete.<\/p>\n\n\n\n<p>Desde hace pocos d\u00edas la concejal suplente del Frente de Todos Jimena Marino se sum\u00f3 al gabinete del Intendente Ram\u00f3n Salazar c\u00f3mo la flamante Directora de Comisiones de Fomento en lugar de In\u00e9s Mario tal cual hab\u00eda sido adelantado en el aire de FM G\u00e9nesis.<\/p>\n\n\n\n<p>Como fue de p\u00fablico conocimiento, en un principio el elegido para ocupar ese \u00e1rea era Pablo Peralta, el actual director del Instituto Sarmiento y Mari\u00f1o ser\u00eda qui\u00e9n lo reemplazaba en esa instituci\u00f3n pero luego cuando el ex presidente de la Coopser desisti\u00f3 de ocupar ese cargo fue la funcionaria quien acept\u00f3 la propuesta.<\/p>\n\n\n\n<p>Fue el propio Intendente Municipal Ram\u00f3n Salazar quien remarc\u00f3 el nombramiento y a la vez confirm\u00f3 que est\u00e1 evaluando algunos nombres para sumar al gabinete en lugares que a\u00fan est\u00e1n pendientes.&nbsp;<\/p>\n\n\n\n<p>Uno de los cargos a ocupar ser\u00eda el de la Direcci\u00f3n de Cultura y el propio mandatario asegur\u00f3 que \u00abes para colaborar con Marcela Cu\u00f1er quien tiene mucho trabajo\u00bb.<\/p>\n\n\n\n<p>Salazar tambi\u00e9n confirm\u00f3 qu\u00e9 eval\u00faa sumar un funcionario a la Secretar\u00eda de Obras P\u00fablicas en el cargo que qued\u00f3 pendiente luego de que Roberto Borgo pasara a desempe\u00f1arse como administrador del hospital Emilio Ruffa y que su figura al lado de el doctor Javier Silva era fundamental.<\/p>\n\n\n\n<p>El mandatario tambi\u00e9n manifest\u00f3 su intenci\u00f3n de nombrar a un Secretario de Desarrollo Econ\u00f3mico, \u00e1rea que estaba a cargo de Mart\u00edn Baraybar hasta que este asumi\u00f3 como Secretario de Gobierno.<\/p>\n\n\n\n<p>Es decir que en los pr\u00f3ximos d\u00edas se podr\u00e1n conocer los posibles nombres que se sumar\u00edan al equipo de Salazar para ocupar los cargos qu\u00e9 permanecen disponibles.<\/p>\n","protected":false},"excerpt":{"rendered":"<p>Luego del nombramiento de Jimena Mari\u00f1o en la Direcci\u00f3n de Comisiones de Fomento en lugar de In\u00e9s Mario el Intendente confirm\u00f3 que en los pr\u00f3ximos d\u00edas podr\u00eda sumarse otras personas a su gabinete. Desde hace pocos d\u00edas la concejal suplente del Frente de Todos Jimena Marino se sum\u00f3 al gabinete del Intendente Ram\u00f3n Salazar c\u00f3mo [&hellip;]<\/p>\n","protected":false},"author":4,"featured_media":68573,"comment_status":"closed","ping_status":"closed","sticky":false,"template":"","format":"standard","meta":{"om_disable_all_campaigns":false,"_jetpack_memberships_contains_paid_content":false,"footnotes":""},"categories":[50,2,102],"tags":[197,696,33,19],"class_list":["post-112660","post","type-post","status-publish","format-standard","has-post-thumbnail","hentry","category-destacadas","category-locales","category-politica-locales","tag-buenos-aires","tag-interes-general","tag-locales","tag-san-pedro"],"aioseo_notices":[],"gutentor_comment":0,"jetpack_featured_media_url":"https:\/\/eldiariodesanpedro.com.ar\/sitio\/wp-content\/uploads\/2020\/02\/Ram\u00f3n-Salazar-primer-plano.jpg","jetpack_shortlink":"https:\/\/wp.me\/p6RhLt-tj6","jetpack_sharing_enabled":true,"_links":{"self":[{"href":"https:\/\/eldiariodesanpedro.com.ar\/sitio\/wp-json\/wp\/v2\/posts\/112660","targetHints":{"allow":["GET"]}}],"collection":[{"href":"https:\/\/eldiariodesanpedro.com.ar\/sitio\/wp-json\/wp\/v2\/posts"}],"about":[{"href":"https:\/\/eldiariodesanpedro.com.ar\/sitio\/wp-json\/wp\/v2\/types\/post"}],"author":[{"embeddable":true,"href":"https:\/\/eldiariodesanpedro.com.ar\/sitio\/wp-json\/wp\/v2\/users\/4"}],"replies":[{"embeddable":true,"href":"https:\/\/eldiariodesanpedro.com.ar\/sitio\/wp-json\/wp\/v2\/comments?post=112660"}],"version-history":[{"count":1,"href":"https:\/\/eldiariodesanpedro.com.ar\/sitio\/wp-json\/wp\/v2\/posts\/112660\/revisions"}],"predecessor-version":[{"id":112661,"href":"https:\/\/eldiariodesanpedro.com.ar\/sitio\/wp-json\/wp\/v2\/posts\/112660\/revisions\/112661"}],"wp:featuredmedia":[{"embeddable":true,"href":"https:\/\/eldiariodesanpedro.com.ar\/sitio\/wp-json\/wp\/v2\/media\/68573"}],"wp:attachment":[{"href":"https:\/\/eldiariodesanpedro.com.ar\/sitio\/wp-json\/wp\/v2\/media?parent=112660"}],"wp:term":[{"taxonomy":"category","embeddable":true,"href":"https:\/\/eldiariodesanpedro.com.ar\/sitio\/wp-json\/wp\/v2\/categories?post=112660"},{"taxonomy":"post_tag","embeddable":true,"href":"https:\/\/eldiariodesanpedro.com.ar\/sitio\/wp-json\/wp\/v2\/tags?post=112660"}],"curies":[{"name":"wp","href":"https:\/\/api.w.org\/{rel}","templated":true}]}}