{"id":112649,"date":"2022-11-17T11:52:21","date_gmt":"2022-11-17T14:52:21","guid":{"rendered":"https:\/\/eldiariodesanpedro.com.ar\/sitio\/?p=112649"},"modified":"2022-11-17T11:52:22","modified_gmt":"2022-11-17T14:52:22","slug":"segunda-jornada-del-operativo-de-asistencia-en-zona-de-islas","status":"publish","type":"post","link":"https:\/\/eldiariodesanpedro.com.ar\/sitio\/segunda-jornada-del-operativo-de-asistencia-en-zona-de-islas\/","title":{"rendered":"Segunda jornada del operativo de asistencia en zona de islas"},"content":{"rendered":"<!-- VideographyWP Plugin Message: Automatic video embedding prevented by plugin options. -->\n\n<p>Este mi\u00e9rcoles continu\u00f3 el operativo conjunto de asistencia en las zonas de Los Laureles hasta Vuelta de Obligado que llev\u00f3 a cabo la Municipalidad de San Pedro, a trav\u00e9s de las Secretar\u00edas de Desarrollo Humano, Salud, Turismo y Cultura, la Direcci\u00f3n de Ambiente, Defensa Civil San Pedro conjuntamente con la Secretar\u00eda de Salud de la Municipalidad de Baradero, INTA San Pedro, el Ministerio del Interior, el Ministerio de Seguridad, la Armada Argentina y Prefectura Naval Argentina.<\/p>\n\n\n\n<p>Durante las dos jornadas se enviaron suministros y agua potable para asistir a unas 100 familias aproximadamente. Adem\u00e1s, se aplicaron vacunas de las campa\u00f1as vigentes y se desarrollaron diferentes actividades culturales, con espect\u00e1culos de clown y teatro para los habitantes del lugar.<\/p>\n\n\n\n<p>Junto a la Secretaria de Turismo y Cultura, Marcela Cu\u00f1er y el Subsecretario de Salud, Gabriel Sayago, formaron parte del operativo el Director de Defensa Civil San Pedro, Fabio Giovanettoni; el Coordinador Buenos Aires de la Direcci\u00f3n Nacional de Relaci\u00f3n con los Municipios del Ministerio del Interior, Daniel Ravettino; el locutor y periodista, Lalo Mir y personal de las diferentes \u00e1reas e instituciones involucradas.<\/p>\n\n\n\n<figure class=\"wp-block-image size-large\"><img decoding=\"async\" width=\"1024\" height=\"497\" data-attachment-id=\"112651\" data-permalink=\"https:\/\/eldiariodesanpedro.com.ar\/sitio\/segunda-jornada-del-operativo-de-asistencia-en-zona-de-islas\/whatsapp-image-2022-11-17-at-09-42-06\/\" data-orig-file=\"https:\/\/eldiariodesanpedro.com.ar\/sitio\/wp-content\/uploads\/2022\/11\/WhatsApp-Image-2022-11-17-at-09.42.06.jpeg\" data-orig-size=\"1200,582\" data-comments-opened=\"0\" data-image-meta=\"{&quot;aperture&quot;:&quot;0&quot;,&quot;credit&quot;:&quot;&quot;,&quot;camera&quot;:&quot;&quot;,&quot;caption&quot;:&quot;&quot;,&quot;created_timestamp&quot;:&quot;0&quot;,&quot;copyright&quot;:&quot;&quot;,&quot;focal_length&quot;:&quot;0&quot;,&quot;iso&quot;:&quot;0&quot;,&quot;shutter_speed&quot;:&quot;0&quot;,&quot;title&quot;:&quot;&quot;,&quot;orientation&quot;:&quot;0&quot;}\" data-image-title=\"WhatsApp Image 2022-11-17 at 09.42.06\" data-image-description=\"\" data-image-caption=\"\" data-large-file=\"https:\/\/eldiariodesanpedro.com.ar\/sitio\/wp-content\/uploads\/2022\/11\/WhatsApp-Image-2022-11-17-at-09.42.06-1024x497.jpeg\" data-src=\"https:\/\/eldiariodesanpedro.com.ar\/sitio\/wp-content\/uploads\/2022\/11\/WhatsApp-Image-2022-11-17-at-09.42.06-1024x497.jpeg\" alt=\"\" class=\"wp-image-112651 lazyload\" data-srcset=\"https:\/\/eldiariodesanpedro.com.ar\/sitio\/wp-content\/uploads\/2022\/11\/WhatsApp-Image-2022-11-17-at-09.42.06-1024x497.jpeg 1024w, https:\/\/eldiariodesanpedro.com.ar\/sitio\/wp-content\/uploads\/2022\/11\/WhatsApp-Image-2022-11-17-at-09.42.06-300x146.jpeg 300w, https:\/\/eldiariodesanpedro.com.ar\/sitio\/wp-content\/uploads\/2022\/11\/WhatsApp-Image-2022-11-17-at-09.42.06-768x372.jpeg 768w, https:\/\/eldiariodesanpedro.com.ar\/sitio\/wp-content\/uploads\/2022\/11\/WhatsApp-Image-2022-11-17-at-09.42.06.jpeg 1200w\" data-sizes=\"(max-width: 1024px) 100vw, 1024px\" src=\"data:image\/svg+xml;base64,PHN2ZyB3aWR0aD0iMSIgaGVpZ2h0PSIxIiB4bWxucz0iaHR0cDovL3d3dy53My5vcmcvMjAwMC9zdmciPjwvc3ZnPg==\" style=\"--smush-placeholder-width: 1024px; --smush-placeholder-aspect-ratio: 1024\/497;\" \/><\/figure>\n\n\n\n<figure class=\"wp-block-image size-large\"><img decoding=\"async\" width=\"1024\" height=\"576\" data-attachment-id=\"112650\" data-permalink=\"https:\/\/eldiariodesanpedro.com.ar\/sitio\/segunda-jornada-del-operativo-de-asistencia-en-zona-de-islas\/whatsapp-image-2022-11-17-at-09-42-05\/\" data-orig-file=\"https:\/\/eldiariodesanpedro.com.ar\/sitio\/wp-content\/uploads\/2022\/11\/WhatsApp-Image-2022-11-17-at-09.42.05.jpeg\" data-orig-size=\"1120,630\" data-comments-opened=\"0\" data-image-meta=\"{&quot;aperture&quot;:&quot;0&quot;,&quot;credit&quot;:&quot;&quot;,&quot;camera&quot;:&quot;&quot;,&quot;caption&quot;:&quot;&quot;,&quot;created_timestamp&quot;:&quot;0&quot;,&quot;copyright&quot;:&quot;&quot;,&quot;focal_length&quot;:&quot;0&quot;,&quot;iso&quot;:&quot;0&quot;,&quot;shutter_speed&quot;:&quot;0&quot;,&quot;title&quot;:&quot;&quot;,&quot;orientation&quot;:&quot;0&quot;}\" data-image-title=\"WhatsApp Image 2022-11-17 at 09.42.05\" data-image-description=\"\" data-image-caption=\"\" data-large-file=\"https:\/\/eldiariodesanpedro.com.ar\/sitio\/wp-content\/uploads\/2022\/11\/WhatsApp-Image-2022-11-17-at-09.42.05-1024x576.jpeg\" data-src=\"https:\/\/eldiariodesanpedro.com.ar\/sitio\/wp-content\/uploads\/2022\/11\/WhatsApp-Image-2022-11-17-at-09.42.05-1024x576.jpeg\" alt=\"\" class=\"wp-image-112650 lazyload\" data-srcset=\"https:\/\/eldiariodesanpedro.com.ar\/sitio\/wp-content\/uploads\/2022\/11\/WhatsApp-Image-2022-11-17-at-09.42.05-1024x576.jpeg 1024w, https:\/\/eldiariodesanpedro.com.ar\/sitio\/wp-content\/uploads\/2022\/11\/WhatsApp-Image-2022-11-17-at-09.42.05-300x169.jpeg 300w, https:\/\/eldiariodesanpedro.com.ar\/sitio\/wp-content\/uploads\/2022\/11\/WhatsApp-Image-2022-11-17-at-09.42.05-768x432.jpeg 768w, https:\/\/eldiariodesanpedro.com.ar\/sitio\/wp-content\/uploads\/2022\/11\/WhatsApp-Image-2022-11-17-at-09.42.05.jpeg 1120w\" data-sizes=\"(max-width: 1024px) 100vw, 1024px\" src=\"data:image\/svg+xml;base64,PHN2ZyB3aWR0aD0iMSIgaGVpZ2h0PSIxIiB4bWxucz0iaHR0cDovL3d3dy53My5vcmcvMjAwMC9zdmciPjwvc3ZnPg==\" style=\"--smush-placeholder-width: 1024px; --smush-placeholder-aspect-ratio: 1024\/576;\" \/><\/figure>\n","protected":false},"excerpt":{"rendered":"<p>Este mi\u00e9rcoles continu\u00f3 el operativo conjunto de asistencia en las zonas de Los Laureles hasta Vuelta de Obligado que llev\u00f3 a cabo la Municipalidad de San Pedro, a trav\u00e9s de las Secretar\u00edas de Desarrollo Humano, Salud, Turismo y Cultura, la Direcci\u00f3n de Ambiente, Defensa Civil San Pedro conjuntamente con la Secretar\u00eda de Salud de la [&hellip;]<\/p>\n","protected":false},"author":4,"featured_media":112652,"comment_status":"closed","ping_status":"closed","sticky":false,"template":"","format":"standard","meta":{"om_disable_all_campaigns":false,"_jetpack_memberships_contains_paid_content":false,"footnotes":""},"categories":[50,101,2],"tags":[197,696,33,19],"class_list":["post-112649","post","type-post","status-publish","format-standard","has-post-thumbnail","hentry","category-destacadas","category-interes-general-locales","category-locales","tag-buenos-aires","tag-interes-general","tag-locales","tag-san-pedro"],"aioseo_notices":[],"gutentor_comment":0,"jetpack_featured_media_url":"https:\/\/eldiariodesanpedro.com.ar\/sitio\/wp-content\/uploads\/2022\/11\/WhatsApp-Image-2022-11-17-at-09.42.09.jpeg","jetpack_shortlink":"https:\/\/wp.me\/p6RhLt-tiV","jetpack_sharing_enabled":true,"_links":{"self":[{"href":"https:\/\/eldiariodesanpedro.com.ar\/sitio\/wp-json\/wp\/v2\/posts\/112649","targetHints":{"allow":["GET"]}}],"collection":[{"href":"https:\/\/eldiariodesanpedro.com.ar\/sitio\/wp-json\/wp\/v2\/posts"}],"about":[{"href":"https:\/\/eldiariodesanpedro.com.ar\/sitio\/wp-json\/wp\/v2\/types\/post"}],"author":[{"embeddable":true,"href":"https:\/\/eldiariodesanpedro.com.ar\/sitio\/wp-json\/wp\/v2\/users\/4"}],"replies":[{"embeddable":true,"href":"https:\/\/eldiariodesanpedro.com.ar\/sitio\/wp-json\/wp\/v2\/comments?post=112649"}],"version-history":[{"count":1,"href":"https:\/\/eldiariodesanpedro.com.ar\/sitio\/wp-json\/wp\/v2\/posts\/112649\/revisions"}],"predecessor-version":[{"id":112653,"href":"https:\/\/eldiariodesanpedro.com.ar\/sitio\/wp-json\/wp\/v2\/posts\/112649\/revisions\/112653"}],"wp:featuredmedia":[{"embeddable":true,"href":"https:\/\/eldiariodesanpedro.com.ar\/sitio\/wp-json\/wp\/v2\/media\/112652"}],"wp:attachment":[{"href":"https:\/\/eldiariodesanpedro.com.ar\/sitio\/wp-json\/wp\/v2\/media?parent=112649"}],"wp:term":[{"taxonomy":"category","embeddable":true,"href":"https:\/\/eldiariodesanpedro.com.ar\/sitio\/wp-json\/wp\/v2\/categories?post=112649"},{"taxonomy":"post_tag","embeddable":true,"href":"https:\/\/eldiariodesanpedro.com.ar\/sitio\/wp-json\/wp\/v2\/tags?post=112649"}],"curies":[{"name":"wp","href":"https:\/\/api.w.org\/{rel}","templated":true}]}}