{"id":112645,"date":"2022-11-17T10:45:50","date_gmt":"2022-11-17T13:45:50","guid":{"rendered":"https:\/\/eldiariodesanpedro.com.ar\/sitio\/?p=112645"},"modified":"2022-11-17T10:45:51","modified_gmt":"2022-11-17T13:45:51","slug":"nueva-charla-del-programa-de-atencion-primaria-de-la-salud-2","status":"publish","type":"post","link":"https:\/\/eldiariodesanpedro.com.ar\/sitio\/nueva-charla-del-programa-de-atencion-primaria-de-la-salud-2\/","title":{"rendered":"Nueva charla del Programa de Atenci\u00f3n Primaria de la Salud"},"content":{"rendered":"<!-- VideographyWP Plugin Message: Automatic video embedding prevented by plugin options. -->\n\n<p>Este viernes 18 tendr\u00e1 lugar, a las 18 hs. en el Howard Johnson Marinas, el noveno encuentro del Programa de Atenci\u00f3n Primaria de la Salud organizado por la Secretar\u00eda de Salud de la Municipalidad, destinado al personal de salud y vinculados a la atenci\u00f3n sanitaria en ese nivel. En esta ocasi\u00f3n se presentar\u00e1n m\u00f3dulos sobre \u201cEstrategias y control ginecol\u00f3gico\u201d y \u201ccontrol del embarazo\u00bb, con especialistas del Hospital de Emergencias Clemente \u00c1lvarez y de la Maternidad Mart\u00edn de Rosario.<\/p>\n\n\n\n<p>Estar\u00e1n a cargo de estos paneles, la Dra. Ivana Strasser, m\u00e9dica especialista en ginecolog\u00eda y obstetricia, Jefa del Servicio de Ginecolog\u00eda del Hospital de Emergencias Clemente \u00c1lvarez y m\u00e9dica de planta del Sanatorio de la Mujer y la Dra. Karina Mart\u00ednez, especialista en obstetricia y Subdirectora de la Maternidad Mart\u00edn de Rosario.<\/p>\n\n\n\n<p>Estas capacitaciones que re\u00fanen a destacados profesionales locales y a panelistas de alto nivel nacional contin\u00faan peri\u00f3dicamente para ofrecer, a quienes de manera cotidiana reciben a la comunidad sampedrina, una atenci\u00f3n de mayor nivel y al mismo tiempo volcar sus experiencias en un espacio compartido.<\/p>\n\n\n\n<figure class=\"wp-block-image size-large\"><img decoding=\"async\" width=\"1024\" height=\"576\" data-attachment-id=\"112646\" data-permalink=\"https:\/\/eldiariodesanpedro.com.ar\/sitio\/nueva-charla-del-programa-de-atencion-primaria-de-la-salud-2\/whatsapp-image-2022-11-16-at-18-13-03\/\" data-orig-file=\"https:\/\/eldiariodesanpedro.com.ar\/sitio\/wp-content\/uploads\/2022\/11\/WhatsApp-Image-2022-11-16-at-18.13.03.jpeg\" data-orig-size=\"1120,630\" data-comments-opened=\"0\" data-image-meta=\"{&quot;aperture&quot;:&quot;0&quot;,&quot;credit&quot;:&quot;&quot;,&quot;camera&quot;:&quot;&quot;,&quot;caption&quot;:&quot;&quot;,&quot;created_timestamp&quot;:&quot;0&quot;,&quot;copyright&quot;:&quot;&quot;,&quot;focal_length&quot;:&quot;0&quot;,&quot;iso&quot;:&quot;0&quot;,&quot;shutter_speed&quot;:&quot;0&quot;,&quot;title&quot;:&quot;&quot;,&quot;orientation&quot;:&quot;0&quot;}\" data-image-title=\"WhatsApp Image 2022-11-16 at 18.13.03\" data-image-description=\"\" data-image-caption=\"\" data-large-file=\"https:\/\/eldiariodesanpedro.com.ar\/sitio\/wp-content\/uploads\/2022\/11\/WhatsApp-Image-2022-11-16-at-18.13.03-1024x576.jpeg\" data-src=\"https:\/\/eldiariodesanpedro.com.ar\/sitio\/wp-content\/uploads\/2022\/11\/WhatsApp-Image-2022-11-16-at-18.13.03-1024x576.jpeg\" alt=\"\" class=\"wp-image-112646 lazyload\" data-srcset=\"https:\/\/eldiariodesanpedro.com.ar\/sitio\/wp-content\/uploads\/2022\/11\/WhatsApp-Image-2022-11-16-at-18.13.03-1024x576.jpeg 1024w, https:\/\/eldiariodesanpedro.com.ar\/sitio\/wp-content\/uploads\/2022\/11\/WhatsApp-Image-2022-11-16-at-18.13.03-300x169.jpeg 300w, https:\/\/eldiariodesanpedro.com.ar\/sitio\/wp-content\/uploads\/2022\/11\/WhatsApp-Image-2022-11-16-at-18.13.03-768x432.jpeg 768w, https:\/\/eldiariodesanpedro.com.ar\/sitio\/wp-content\/uploads\/2022\/11\/WhatsApp-Image-2022-11-16-at-18.13.03.jpeg 1120w\" data-sizes=\"(max-width: 1024px) 100vw, 1024px\" src=\"data:image\/svg+xml;base64,PHN2ZyB3aWR0aD0iMSIgaGVpZ2h0PSIxIiB4bWxucz0iaHR0cDovL3d3dy53My5vcmcvMjAwMC9zdmciPjwvc3ZnPg==\" style=\"--smush-placeholder-width: 1024px; --smush-placeholder-aspect-ratio: 1024\/576;\" \/><\/figure>\n","protected":false},"excerpt":{"rendered":"<p>Este viernes 18 tendr\u00e1 lugar, a las 18 hs. en el Howard Johnson Marinas, el noveno encuentro del Programa de Atenci\u00f3n Primaria de la Salud organizado por la Secretar\u00eda de Salud de la Municipalidad, destinado al personal de salud y vinculados a la atenci\u00f3n sanitaria en ese nivel. En esta ocasi\u00f3n se presentar\u00e1n m\u00f3dulos sobre [&hellip;]<\/p>\n","protected":false},"author":4,"featured_media":112647,"comment_status":"closed","ping_status":"closed","sticky":false,"template":"","format":"standard","meta":{"om_disable_all_campaigns":false,"_jetpack_memberships_contains_paid_content":false,"footnotes":""},"categories":[101,2],"tags":[197,696,33,19],"class_list":["post-112645","post","type-post","status-publish","format-standard","has-post-thumbnail","hentry","category-interes-general-locales","category-locales","tag-buenos-aires","tag-interes-general","tag-locales","tag-san-pedro"],"aioseo_notices":[],"gutentor_comment":0,"jetpack_featured_media_url":"https:\/\/eldiariodesanpedro.com.ar\/sitio\/wp-content\/uploads\/2022\/11\/atencion-primaria-520x293-1.jpg","jetpack_shortlink":"https:\/\/wp.me\/p6RhLt-tiR","jetpack_sharing_enabled":true,"_links":{"self":[{"href":"https:\/\/eldiariodesanpedro.com.ar\/sitio\/wp-json\/wp\/v2\/posts\/112645","targetHints":{"allow":["GET"]}}],"collection":[{"href":"https:\/\/eldiariodesanpedro.com.ar\/sitio\/wp-json\/wp\/v2\/posts"}],"about":[{"href":"https:\/\/eldiariodesanpedro.com.ar\/sitio\/wp-json\/wp\/v2\/types\/post"}],"author":[{"embeddable":true,"href":"https:\/\/eldiariodesanpedro.com.ar\/sitio\/wp-json\/wp\/v2\/users\/4"}],"replies":[{"embeddable":true,"href":"https:\/\/eldiariodesanpedro.com.ar\/sitio\/wp-json\/wp\/v2\/comments?post=112645"}],"version-history":[{"count":1,"href":"https:\/\/eldiariodesanpedro.com.ar\/sitio\/wp-json\/wp\/v2\/posts\/112645\/revisions"}],"predecessor-version":[{"id":112648,"href":"https:\/\/eldiariodesanpedro.com.ar\/sitio\/wp-json\/wp\/v2\/posts\/112645\/revisions\/112648"}],"wp:featuredmedia":[{"embeddable":true,"href":"https:\/\/eldiariodesanpedro.com.ar\/sitio\/wp-json\/wp\/v2\/media\/112647"}],"wp:attachment":[{"href":"https:\/\/eldiariodesanpedro.com.ar\/sitio\/wp-json\/wp\/v2\/media?parent=112645"}],"wp:term":[{"taxonomy":"category","embeddable":true,"href":"https:\/\/eldiariodesanpedro.com.ar\/sitio\/wp-json\/wp\/v2\/categories?post=112645"},{"taxonomy":"post_tag","embeddable":true,"href":"https:\/\/eldiariodesanpedro.com.ar\/sitio\/wp-json\/wp\/v2\/tags?post=112645"}],"curies":[{"name":"wp","href":"https:\/\/api.w.org\/{rel}","templated":true}]}}