{"id":112641,"date":"2022-11-17T10:42:14","date_gmt":"2022-11-17T13:42:14","guid":{"rendered":"https:\/\/eldiariodesanpedro.com.ar\/sitio\/?p=112641"},"modified":"2022-11-17T10:42:16","modified_gmt":"2022-11-17T13:42:16","slug":"el-municipio-acordo-con-los-empleados-municipales-un-aumento-que-igualara-el-indice-de-inflacion-anual","status":"publish","type":"post","link":"https:\/\/eldiariodesanpedro.com.ar\/sitio\/el-municipio-acordo-con-los-empleados-municipales-un-aumento-que-igualara-el-indice-de-inflacion-anual\/","title":{"rendered":"El municipio acord\u00f3 con los empleados municipales un aumento que igualar\u00e1 el \u00edndice de inflaci\u00f3n anual"},"content":{"rendered":"<!-- VideographyWP Plugin Message: Automatic video embedding prevented by plugin options. -->\n\n<p>La Municipalidad de San Pedro informa que, luego de las negociaciones mantenidas durante los \u00faltimos d\u00edas, se firm\u00f3 esta tarde el acta que establece un nuevo incremento salarial para las trabajadoras y trabajadores municipales.<\/p>\n\n\n\n<p>El gobierno que conduce el Intendente Ram\u00f3n Salazar, se propuso hacer el mayor esfuerzo posible para otorgarles un aumento que equipare la inflaci\u00f3n anual, y en ese sentido, se estableci\u00f3 un aumento del 20% para el mes de diciembre y una cl\u00e1usula de ajuste para liquidar la diferencia que resulte de la inflaci\u00f3n 2022 y el total de los aumentos acumulados durante el a\u00f1o.<\/p>\n\n\n\n<p>Desde el inicio de las reuniones, con buen di\u00e1logo entre las partes, se plante\u00f3 la dificultad de la situaci\u00f3n econ\u00f3mica general con un contexto inflacionario muy complicado, y se anticip\u00f3 la voluntad de realizar un esfuerzo para encontrar una respuesta satisfactoria.<\/p>\n\n\n\n<p>Este compromiso de brindar una respuesta a la altura de las circunstancias, llev\u00f3 al Intendente a mantener la semana pasada una reuni\u00f3n con el Gobernador de la Provincia de Buenos Aires Axel Kicillof, quien a trav\u00e9s del Ministerio de Hacienda y Finanzas que dirige Pablo L\u00f3pez, brind\u00f3 un apoyo muy importante para poder constituir el ofrecimiento, con el que se firm\u00f3 el acuerdo esta tarde.<\/p>\n\n\n\n<p>El funcionamiento pleno de la Municipalidad a trav\u00e9s de todas sus \u00e1reas depende de los trabajadores y trabajadoras, por ello, este aumento ha sido considerado oportuno por el Intendente y su equipo, con el objetivo de respaldar al personal activo y a los jubilados, y al mismo tiempo estimular el compromiso cotidiano con todos los servicios que nuestra comunidad debe recibir.<\/p>\n\n\n\n<p>La reuni\u00f3n de hoy cont\u00f3 con la participaci\u00f3n de los secretarios de Coordinaci\u00f3n Luciano Arias, de Econom\u00eda Fabi\u00e1n Rodr\u00edguez y de Gobierno Mart\u00edn Baraybar y de Juan Cruz Acosta, Luciana Pav\u00f3n Duarte y Ra\u00fal Ben\u00edtez representando al Sindicato de Trabajadores Municipales, Oscar S\u00e1nchez representando a ATE y Walter Belesi en representaci\u00f3n UPCN. La propuesta fue aceptada por mayor\u00eda con la firma de los representantes de STM y UPCN.<\/p>\n\n\n\n<figure class=\"wp-block-image size-full\"><img decoding=\"async\" width=\"630\" height=\"630\" data-attachment-id=\"112643\" data-permalink=\"https:\/\/eldiariodesanpedro.com.ar\/sitio\/el-municipio-acordo-con-los-empleados-municipales-un-aumento-que-igualara-el-indice-de-inflacion-anual\/whatsapp-image-2022-11-16-at-17-36-50\/\" data-orig-file=\"https:\/\/eldiariodesanpedro.com.ar\/sitio\/wp-content\/uploads\/2022\/11\/WhatsApp-Image-2022-11-16-at-17.36.50.jpeg\" data-orig-size=\"630,630\" data-comments-opened=\"0\" data-image-meta=\"{&quot;aperture&quot;:&quot;0&quot;,&quot;credit&quot;:&quot;&quot;,&quot;camera&quot;:&quot;&quot;,&quot;caption&quot;:&quot;&quot;,&quot;created_timestamp&quot;:&quot;0&quot;,&quot;copyright&quot;:&quot;&quot;,&quot;focal_length&quot;:&quot;0&quot;,&quot;iso&quot;:&quot;0&quot;,&quot;shutter_speed&quot;:&quot;0&quot;,&quot;title&quot;:&quot;&quot;,&quot;orientation&quot;:&quot;0&quot;}\" data-image-title=\"WhatsApp Image 2022-11-16 at 17.36.50\" data-image-description=\"\" data-image-caption=\"\" data-large-file=\"https:\/\/eldiariodesanpedro.com.ar\/sitio\/wp-content\/uploads\/2022\/11\/WhatsApp-Image-2022-11-16-at-17.36.50.jpeg\" data-src=\"https:\/\/eldiariodesanpedro.com.ar\/sitio\/wp-content\/uploads\/2022\/11\/WhatsApp-Image-2022-11-16-at-17.36.50.jpeg\" alt=\"\" class=\"wp-image-112643 lazyload\" data-srcset=\"https:\/\/eldiariodesanpedro.com.ar\/sitio\/wp-content\/uploads\/2022\/11\/WhatsApp-Image-2022-11-16-at-17.36.50.jpeg 630w, https:\/\/eldiariodesanpedro.com.ar\/sitio\/wp-content\/uploads\/2022\/11\/WhatsApp-Image-2022-11-16-at-17.36.50-300x300.jpeg 300w, https:\/\/eldiariodesanpedro.com.ar\/sitio\/wp-content\/uploads\/2022\/11\/WhatsApp-Image-2022-11-16-at-17.36.50-150x150.jpeg 150w\" data-sizes=\"(max-width: 630px) 100vw, 630px\" src=\"data:image\/svg+xml;base64,PHN2ZyB3aWR0aD0iMSIgaGVpZ2h0PSIxIiB4bWxucz0iaHR0cDovL3d3dy53My5vcmcvMjAwMC9zdmciPjwvc3ZnPg==\" style=\"--smush-placeholder-width: 630px; --smush-placeholder-aspect-ratio: 630\/630;\" \/><\/figure>\n","protected":false},"excerpt":{"rendered":"<p>La Municipalidad de San Pedro informa que, luego de las negociaciones mantenidas durante los \u00faltimos d\u00edas, se firm\u00f3 esta tarde el acta que establece un nuevo incremento salarial para las trabajadoras y trabajadores municipales. El gobierno que conduce el Intendente Ram\u00f3n Salazar, se propuso hacer el mayor esfuerzo posible para otorgarles un aumento que equipare [&hellip;]<\/p>\n","protected":false},"author":4,"featured_media":112642,"comment_status":"closed","ping_status":"closed","sticky":false,"template":"","format":"standard","meta":{"om_disable_all_campaigns":false,"_jetpack_memberships_contains_paid_content":false,"footnotes":""},"categories":[50,101,2],"tags":[197,696,33,19],"class_list":["post-112641","post","type-post","status-publish","format-standard","has-post-thumbnail","hentry","category-destacadas","category-interes-general-locales","category-locales","tag-buenos-aires","tag-interes-general","tag-locales","tag-san-pedro"],"aioseo_notices":[],"gutentor_comment":0,"jetpack_featured_media_url":"https:\/\/eldiariodesanpedro.com.ar\/sitio\/wp-content\/uploads\/2022\/11\/WhatsApp-Image-2022-11-16-at-17.04.41.jpeg","jetpack_shortlink":"https:\/\/wp.me\/p6RhLt-tiN","jetpack_sharing_enabled":true,"_links":{"self":[{"href":"https:\/\/eldiariodesanpedro.com.ar\/sitio\/wp-json\/wp\/v2\/posts\/112641","targetHints":{"allow":["GET"]}}],"collection":[{"href":"https:\/\/eldiariodesanpedro.com.ar\/sitio\/wp-json\/wp\/v2\/posts"}],"about":[{"href":"https:\/\/eldiariodesanpedro.com.ar\/sitio\/wp-json\/wp\/v2\/types\/post"}],"author":[{"embeddable":true,"href":"https:\/\/eldiariodesanpedro.com.ar\/sitio\/wp-json\/wp\/v2\/users\/4"}],"replies":[{"embeddable":true,"href":"https:\/\/eldiariodesanpedro.com.ar\/sitio\/wp-json\/wp\/v2\/comments?post=112641"}],"version-history":[{"count":1,"href":"https:\/\/eldiariodesanpedro.com.ar\/sitio\/wp-json\/wp\/v2\/posts\/112641\/revisions"}],"predecessor-version":[{"id":112644,"href":"https:\/\/eldiariodesanpedro.com.ar\/sitio\/wp-json\/wp\/v2\/posts\/112641\/revisions\/112644"}],"wp:featuredmedia":[{"embeddable":true,"href":"https:\/\/eldiariodesanpedro.com.ar\/sitio\/wp-json\/wp\/v2\/media\/112642"}],"wp:attachment":[{"href":"https:\/\/eldiariodesanpedro.com.ar\/sitio\/wp-json\/wp\/v2\/media?parent=112641"}],"wp:term":[{"taxonomy":"category","embeddable":true,"href":"https:\/\/eldiariodesanpedro.com.ar\/sitio\/wp-json\/wp\/v2\/categories?post=112641"},{"taxonomy":"post_tag","embeddable":true,"href":"https:\/\/eldiariodesanpedro.com.ar\/sitio\/wp-json\/wp\/v2\/tags?post=112641"}],"curies":[{"name":"wp","href":"https:\/\/api.w.org\/{rel}","templated":true}]}}