{"id":112636,"date":"2022-11-16T15:51:17","date_gmt":"2022-11-16T18:51:17","guid":{"rendered":"https:\/\/eldiariodesanpedro.com.ar\/sitio\/?p=112636"},"modified":"2022-11-16T15:51:18","modified_gmt":"2022-11-16T18:51:18","slug":"fiesta-de-la-tradicion-de-los-centros-de-jubilados-frente-a-la-municipalidad","status":"publish","type":"post","link":"https:\/\/eldiariodesanpedro.com.ar\/sitio\/fiesta-de-la-tradicion-de-los-centros-de-jubilados-frente-a-la-municipalidad\/","title":{"rendered":"Fiesta de la tradici\u00f3n de los centros de jubilados frente a la Municipalidad"},"content":{"rendered":"<!-- VideographyWP Plugin Message: Automatic video embedding prevented by plugin options. -->\n\n<p>El \u00e1rea de Adultos Mayores de la Secretar\u00eda de Desarrollo Humano organiza este jueves 17 de noviembre desde las 19 horas un encuentro para celebrar el D\u00eda de la Tradici\u00f3n con la participaci\u00f3n de integrantes de los clubes de jubilados y pensionados de todo el Partido.<\/p>\n\n\n\n<p>Sobre la Avenida Pellegrini frente al Palacio Municipal, se reunir\u00e1n grupos de baile y m\u00fasicos para volver a celebrar esta fecha tras el tiempo en el que por la Pandemia de Covid no pudo realizarse.<\/p>\n\n\n\n<p>En la apertura se presentar\u00e1 el Taller \u201cAlma, Coraz\u00f3n y Vida\u201d del Centro Mutual de Jubilados de Avenida 3 de febrero a cargo del Profesor Adri\u00e1n Verd\u00f3n y la fiesta continuar\u00e1n con el grupo de ni\u00f1os \u201cFlorcita de Cedr\u00f3n\u201d de la Sociedad Italiana acompa\u00f1ados por Tina Isaurralde, el grupo de adultos del Centro de Jubilados del Club de Jubilados Los Aromos a cargo del Profesor Carlos Gonz\u00e1lez, nuevamente el grupo del Centro de 3 de Febrero y el grupo de adultos del Centro Los Aromos.<\/p>\n\n\n\n<p>Para las 21 horas est\u00e1 previsto la participaci\u00f3n del Taller de Tango \u00abAmor y Pasi\u00f3n por el Tango\u00bb, a las 21:30 horas el grupo \u00abLos de Salta\u00bb a cargo de la profesora Eugenia Capre, 21.45 horas Polleras Blancas, 22 horas Joselito y Carlos Ferreyra y en el cierre a las 22.15 horas Sergio Romero.<\/p>\n\n\n\n<p>La actividad de acceso libre y gratuito y se invita a toda la comunidad a acercarse para compartir esta fiesta.<\/p>\n","protected":false},"excerpt":{"rendered":"<p>El \u00e1rea de Adultos Mayores de la Secretar\u00eda de Desarrollo Humano organiza este jueves 17 de noviembre desde las 19 horas un encuentro para celebrar el D\u00eda de la Tradici\u00f3n con la participaci\u00f3n de integrantes de los clubes de jubilados y pensionados de todo el Partido. Sobre la Avenida Pellegrini frente al Palacio Municipal, se [&hellip;]<\/p>\n","protected":false},"author":4,"featured_media":112637,"comment_status":"closed","ping_status":"closed","sticky":false,"template":"","format":"standard","meta":{"om_disable_all_campaigns":false,"_jetpack_memberships_contains_paid_content":false,"footnotes":""},"categories":[101,2],"tags":[197,3235,696,33,19],"class_list":["post-112636","post","type-post","status-publish","format-standard","has-post-thumbnail","hentry","category-interes-general-locales","category-locales","tag-buenos-aires","tag-fiesta-de-la-tradicion-de-los-centros-de-jubilados-frente-a-la-municipalidad","tag-interes-general","tag-locales","tag-san-pedro"],"aioseo_notices":[],"gutentor_comment":0,"jetpack_featured_media_url":"https:\/\/eldiariodesanpedro.com.ar\/sitio\/wp-content\/uploads\/2022\/11\/1484171963472.jpeg","jetpack_shortlink":"https:\/\/wp.me\/p6RhLt-tiI","jetpack_sharing_enabled":true,"_links":{"self":[{"href":"https:\/\/eldiariodesanpedro.com.ar\/sitio\/wp-json\/wp\/v2\/posts\/112636","targetHints":{"allow":["GET"]}}],"collection":[{"href":"https:\/\/eldiariodesanpedro.com.ar\/sitio\/wp-json\/wp\/v2\/posts"}],"about":[{"href":"https:\/\/eldiariodesanpedro.com.ar\/sitio\/wp-json\/wp\/v2\/types\/post"}],"author":[{"embeddable":true,"href":"https:\/\/eldiariodesanpedro.com.ar\/sitio\/wp-json\/wp\/v2\/users\/4"}],"replies":[{"embeddable":true,"href":"https:\/\/eldiariodesanpedro.com.ar\/sitio\/wp-json\/wp\/v2\/comments?post=112636"}],"version-history":[{"count":1,"href":"https:\/\/eldiariodesanpedro.com.ar\/sitio\/wp-json\/wp\/v2\/posts\/112636\/revisions"}],"predecessor-version":[{"id":112638,"href":"https:\/\/eldiariodesanpedro.com.ar\/sitio\/wp-json\/wp\/v2\/posts\/112636\/revisions\/112638"}],"wp:featuredmedia":[{"embeddable":true,"href":"https:\/\/eldiariodesanpedro.com.ar\/sitio\/wp-json\/wp\/v2\/media\/112637"}],"wp:attachment":[{"href":"https:\/\/eldiariodesanpedro.com.ar\/sitio\/wp-json\/wp\/v2\/media?parent=112636"}],"wp:term":[{"taxonomy":"category","embeddable":true,"href":"https:\/\/eldiariodesanpedro.com.ar\/sitio\/wp-json\/wp\/v2\/categories?post=112636"},{"taxonomy":"post_tag","embeddable":true,"href":"https:\/\/eldiariodesanpedro.com.ar\/sitio\/wp-json\/wp\/v2\/tags?post=112636"}],"curies":[{"name":"wp","href":"https:\/\/api.w.org\/{rel}","templated":true}]}}