{"id":112630,"date":"2022-11-16T15:45:20","date_gmt":"2022-11-16T18:45:20","guid":{"rendered":"https:\/\/eldiariodesanpedro.com.ar\/sitio\/?p=112630"},"modified":"2022-11-16T15:45:21","modified_gmt":"2022-11-16T18:45:21","slug":"las-charlas-de-seguridad-vial-llegaron-al-cec-803-de-gobernador-castro","status":"publish","type":"post","link":"https:\/\/eldiariodesanpedro.com.ar\/sitio\/las-charlas-de-seguridad-vial-llegaron-al-cec-803-de-gobernador-castro\/","title":{"rendered":"Las charlas de seguridad vial llegaron al CEC 803 de Gobernador Castro"},"content":{"rendered":"<!-- VideographyWP Plugin Message: Automatic video embedding prevented by plugin options. -->\n\n<p>Ni\u00f1os y ni\u00f1as de entre 10 y 12 a\u00f1os recibieron al equipo interdisciplinario que viene proponiendo charlas sobre seguridad vial y prevenci\u00f3n en diferentes establecimientos escolares, en este caso, en el CEC 803 de Gobernador Castro.<\/p>\n\n\n\n<p>Formaron parte de esta iniciativa la Direcci\u00f3n Administrativa (oficina de licencias de conducir) de la Secretar\u00eda de Seguridad de la Municipalidad de San Pedro, autoridades educativas y colaboradores, a los que acompa\u00f1aron en esta oportunidad una mam\u00e1 que dio testimonio de un accidente sufrido por su hijo y un profesional m\u00e9dico.<\/p>\n\n\n\n<p>Como siempre se hace especial referencia a la circulaci\u00f3n con el uso de casco y el respeto de las se\u00f1ales en la v\u00eda p\u00fablica. Nuevamente desde la Secretar\u00eda de Seguridad se agradece a todos los que, desde diferentes \u00e1reas municipales y organizaciones, colaboran para que estas actividades sigan adelante.<\/p>\n\n\n\n<figure class=\"wp-block-image size-full\"><img decoding=\"async\" width=\"887\" height=\"630\" data-attachment-id=\"112634\" data-permalink=\"https:\/\/eldiariodesanpedro.com.ar\/sitio\/las-charlas-de-seguridad-vial-llegaron-al-cec-803-de-gobernador-castro\/whatsapp-image-2022-11-16-at-09-13-38\/\" data-orig-file=\"https:\/\/eldiariodesanpedro.com.ar\/sitio\/wp-content\/uploads\/2022\/11\/WhatsApp-Image-2022-11-16-at-09.13.38.jpeg\" data-orig-size=\"887,630\" data-comments-opened=\"0\" data-image-meta=\"{&quot;aperture&quot;:&quot;0&quot;,&quot;credit&quot;:&quot;&quot;,&quot;camera&quot;:&quot;&quot;,&quot;caption&quot;:&quot;&quot;,&quot;created_timestamp&quot;:&quot;0&quot;,&quot;copyright&quot;:&quot;&quot;,&quot;focal_length&quot;:&quot;0&quot;,&quot;iso&quot;:&quot;0&quot;,&quot;shutter_speed&quot;:&quot;0&quot;,&quot;title&quot;:&quot;&quot;,&quot;orientation&quot;:&quot;0&quot;}\" data-image-title=\"WhatsApp Image 2022-11-16 at 09.13.38\" data-image-description=\"\" data-image-caption=\"\" data-large-file=\"https:\/\/eldiariodesanpedro.com.ar\/sitio\/wp-content\/uploads\/2022\/11\/WhatsApp-Image-2022-11-16-at-09.13.38.jpeg\" data-src=\"https:\/\/eldiariodesanpedro.com.ar\/sitio\/wp-content\/uploads\/2022\/11\/WhatsApp-Image-2022-11-16-at-09.13.38.jpeg\" alt=\"\" class=\"wp-image-112634 lazyload\" data-srcset=\"https:\/\/eldiariodesanpedro.com.ar\/sitio\/wp-content\/uploads\/2022\/11\/WhatsApp-Image-2022-11-16-at-09.13.38.jpeg 887w, https:\/\/eldiariodesanpedro.com.ar\/sitio\/wp-content\/uploads\/2022\/11\/WhatsApp-Image-2022-11-16-at-09.13.38-300x213.jpeg 300w, https:\/\/eldiariodesanpedro.com.ar\/sitio\/wp-content\/uploads\/2022\/11\/WhatsApp-Image-2022-11-16-at-09.13.38-768x545.jpeg 768w\" data-sizes=\"(max-width: 887px) 100vw, 887px\" src=\"data:image\/svg+xml;base64,PHN2ZyB3aWR0aD0iMSIgaGVpZ2h0PSIxIiB4bWxucz0iaHR0cDovL3d3dy53My5vcmcvMjAwMC9zdmciPjwvc3ZnPg==\" style=\"--smush-placeholder-width: 887px; --smush-placeholder-aspect-ratio: 887\/630;\" \/><\/figure>\n\n\n\n<figure class=\"wp-block-image size-large\"><img decoding=\"async\" width=\"1024\" height=\"628\" data-attachment-id=\"112633\" data-permalink=\"https:\/\/eldiariodesanpedro.com.ar\/sitio\/las-charlas-de-seguridad-vial-llegaron-al-cec-803-de-gobernador-castro\/whatsapp-image-2022-11-16-at-09-13-37\/\" data-orig-file=\"https:\/\/eldiariodesanpedro.com.ar\/sitio\/wp-content\/uploads\/2022\/11\/WhatsApp-Image-2022-11-16-at-09.13.37.jpeg\" data-orig-size=\"1028,630\" data-comments-opened=\"0\" data-image-meta=\"{&quot;aperture&quot;:&quot;0&quot;,&quot;credit&quot;:&quot;&quot;,&quot;camera&quot;:&quot;&quot;,&quot;caption&quot;:&quot;&quot;,&quot;created_timestamp&quot;:&quot;0&quot;,&quot;copyright&quot;:&quot;&quot;,&quot;focal_length&quot;:&quot;0&quot;,&quot;iso&quot;:&quot;0&quot;,&quot;shutter_speed&quot;:&quot;0&quot;,&quot;title&quot;:&quot;&quot;,&quot;orientation&quot;:&quot;0&quot;}\" data-image-title=\"WhatsApp Image 2022-11-16 at 09.13.37\" data-image-description=\"\" data-image-caption=\"\" data-large-file=\"https:\/\/eldiariodesanpedro.com.ar\/sitio\/wp-content\/uploads\/2022\/11\/WhatsApp-Image-2022-11-16-at-09.13.37-1024x628.jpeg\" data-src=\"https:\/\/eldiariodesanpedro.com.ar\/sitio\/wp-content\/uploads\/2022\/11\/WhatsApp-Image-2022-11-16-at-09.13.37-1024x628.jpeg\" alt=\"\" class=\"wp-image-112633 lazyload\" data-srcset=\"https:\/\/eldiariodesanpedro.com.ar\/sitio\/wp-content\/uploads\/2022\/11\/WhatsApp-Image-2022-11-16-at-09.13.37-1024x628.jpeg 1024w, https:\/\/eldiariodesanpedro.com.ar\/sitio\/wp-content\/uploads\/2022\/11\/WhatsApp-Image-2022-11-16-at-09.13.37-300x184.jpeg 300w, https:\/\/eldiariodesanpedro.com.ar\/sitio\/wp-content\/uploads\/2022\/11\/WhatsApp-Image-2022-11-16-at-09.13.37-768x471.jpeg 768w, https:\/\/eldiariodesanpedro.com.ar\/sitio\/wp-content\/uploads\/2022\/11\/WhatsApp-Image-2022-11-16-at-09.13.37.jpeg 1028w\" data-sizes=\"(max-width: 1024px) 100vw, 1024px\" src=\"data:image\/svg+xml;base64,PHN2ZyB3aWR0aD0iMSIgaGVpZ2h0PSIxIiB4bWxucz0iaHR0cDovL3d3dy53My5vcmcvMjAwMC9zdmciPjwvc3ZnPg==\" style=\"--smush-placeholder-width: 1024px; --smush-placeholder-aspect-ratio: 1024\/628;\" \/><\/figure>\n\n\n\n<figure class=\"wp-block-image size-full\"><img decoding=\"async\" width=\"564\" height=\"630\" data-attachment-id=\"112632\" data-permalink=\"https:\/\/eldiariodesanpedro.com.ar\/sitio\/las-charlas-de-seguridad-vial-llegaron-al-cec-803-de-gobernador-castro\/whatsapp-image-2022-11-16-at-09-13-37-1\/\" data-orig-file=\"https:\/\/eldiariodesanpedro.com.ar\/sitio\/wp-content\/uploads\/2022\/11\/WhatsApp-Image-2022-11-16-at-09.13.37-1.jpeg\" data-orig-size=\"564,630\" data-comments-opened=\"0\" data-image-meta=\"{&quot;aperture&quot;:&quot;0&quot;,&quot;credit&quot;:&quot;&quot;,&quot;camera&quot;:&quot;&quot;,&quot;caption&quot;:&quot;&quot;,&quot;created_timestamp&quot;:&quot;0&quot;,&quot;copyright&quot;:&quot;&quot;,&quot;focal_length&quot;:&quot;0&quot;,&quot;iso&quot;:&quot;0&quot;,&quot;shutter_speed&quot;:&quot;0&quot;,&quot;title&quot;:&quot;&quot;,&quot;orientation&quot;:&quot;0&quot;}\" data-image-title=\"WhatsApp Image 2022-11-16 at 09.13.37 (1)\" data-image-description=\"\" data-image-caption=\"\" data-large-file=\"https:\/\/eldiariodesanpedro.com.ar\/sitio\/wp-content\/uploads\/2022\/11\/WhatsApp-Image-2022-11-16-at-09.13.37-1.jpeg\" data-src=\"https:\/\/eldiariodesanpedro.com.ar\/sitio\/wp-content\/uploads\/2022\/11\/WhatsApp-Image-2022-11-16-at-09.13.37-1.jpeg\" alt=\"\" class=\"wp-image-112632 lazyload\" data-srcset=\"https:\/\/eldiariodesanpedro.com.ar\/sitio\/wp-content\/uploads\/2022\/11\/WhatsApp-Image-2022-11-16-at-09.13.37-1.jpeg 564w, https:\/\/eldiariodesanpedro.com.ar\/sitio\/wp-content\/uploads\/2022\/11\/WhatsApp-Image-2022-11-16-at-09.13.37-1-269x300.jpeg 269w\" data-sizes=\"(max-width: 564px) 100vw, 564px\" src=\"data:image\/svg+xml;base64,PHN2ZyB3aWR0aD0iMSIgaGVpZ2h0PSIxIiB4bWxucz0iaHR0cDovL3d3dy53My5vcmcvMjAwMC9zdmciPjwvc3ZnPg==\" style=\"--smush-placeholder-width: 564px; --smush-placeholder-aspect-ratio: 564\/630;\" \/><\/figure>\n","protected":false},"excerpt":{"rendered":"<p>Ni\u00f1os y ni\u00f1as de entre 10 y 12 a\u00f1os recibieron al equipo interdisciplinario que viene proponiendo charlas sobre seguridad vial y prevenci\u00f3n en diferentes establecimientos escolares, en este caso, en el CEC 803 de Gobernador Castro. Formaron parte de esta iniciativa la Direcci\u00f3n Administrativa (oficina de licencias de conducir) de la Secretar\u00eda de Seguridad de [&hellip;]<\/p>\n","protected":false},"author":4,"featured_media":112631,"comment_status":"closed","ping_status":"closed","sticky":false,"template":"","format":"standard","meta":{"om_disable_all_campaigns":false,"_jetpack_memberships_contains_paid_content":false,"footnotes":""},"categories":[101,2],"tags":[197,3234,33],"class_list":["post-112630","post","type-post","status-publish","format-standard","has-post-thumbnail","hentry","category-interes-general-locales","category-locales","tag-buenos-aires","tag-las-charlas-de-seguridad-vial-llegaron-al-cec-803-de-gobernador-castro","tag-locales"],"aioseo_notices":[],"gutentor_comment":0,"jetpack_featured_media_url":"https:\/\/eldiariodesanpedro.com.ar\/sitio\/wp-content\/uploads\/2022\/11\/WhatsApp-Image-2022-11-16-at-09.13.36.jpeg","jetpack_shortlink":"https:\/\/wp.me\/p6RhLt-tiC","jetpack_sharing_enabled":true,"_links":{"self":[{"href":"https:\/\/eldiariodesanpedro.com.ar\/sitio\/wp-json\/wp\/v2\/posts\/112630","targetHints":{"allow":["GET"]}}],"collection":[{"href":"https:\/\/eldiariodesanpedro.com.ar\/sitio\/wp-json\/wp\/v2\/posts"}],"about":[{"href":"https:\/\/eldiariodesanpedro.com.ar\/sitio\/wp-json\/wp\/v2\/types\/post"}],"author":[{"embeddable":true,"href":"https:\/\/eldiariodesanpedro.com.ar\/sitio\/wp-json\/wp\/v2\/users\/4"}],"replies":[{"embeddable":true,"href":"https:\/\/eldiariodesanpedro.com.ar\/sitio\/wp-json\/wp\/v2\/comments?post=112630"}],"version-history":[{"count":1,"href":"https:\/\/eldiariodesanpedro.com.ar\/sitio\/wp-json\/wp\/v2\/posts\/112630\/revisions"}],"predecessor-version":[{"id":112635,"href":"https:\/\/eldiariodesanpedro.com.ar\/sitio\/wp-json\/wp\/v2\/posts\/112630\/revisions\/112635"}],"wp:featuredmedia":[{"embeddable":true,"href":"https:\/\/eldiariodesanpedro.com.ar\/sitio\/wp-json\/wp\/v2\/media\/112631"}],"wp:attachment":[{"href":"https:\/\/eldiariodesanpedro.com.ar\/sitio\/wp-json\/wp\/v2\/media?parent=112630"}],"wp:term":[{"taxonomy":"category","embeddable":true,"href":"https:\/\/eldiariodesanpedro.com.ar\/sitio\/wp-json\/wp\/v2\/categories?post=112630"},{"taxonomy":"post_tag","embeddable":true,"href":"https:\/\/eldiariodesanpedro.com.ar\/sitio\/wp-json\/wp\/v2\/tags?post=112630"}],"curies":[{"name":"wp","href":"https:\/\/api.w.org\/{rel}","templated":true}]}}