{"id":112618,"date":"2022-11-16T13:21:04","date_gmt":"2022-11-16T16:21:04","guid":{"rendered":"https:\/\/eldiariodesanpedro.com.ar\/sitio\/?p=112618"},"modified":"2022-11-16T13:21:06","modified_gmt":"2022-11-16T16:21:06","slug":"informacion-sobre-negociacion-paritaria-con-gremios-municipales","status":"publish","type":"post","link":"https:\/\/eldiariodesanpedro.com.ar\/sitio\/informacion-sobre-negociacion-paritaria-con-gremios-municipales\/","title":{"rendered":"Informaci\u00f3n sobre negociaci\u00f3n paritaria con gremios municipales"},"content":{"rendered":"<!-- VideographyWP Plugin Message: Automatic video embedding prevented by plugin options. -->\n\n<p>La Municipalidad de San Pedro informa que en el d\u00eda de ayer se formaliz\u00f3 una propuesta de incremento salarial para los trabajadores municipales con el objetivo de alcanzar una actualizaci\u00f3n que se equipare con el impacto de la inflaci\u00f3n acumulada en los \u00faltimos meses<\/p>\n\n\n\n<p>Cabe destacar que luego del aumento del 15% liquidado en los primeros d\u00edas de noviembre, el aumento acumulado en lo que va del a\u00f1o fue en promedio de un 63,5%.<\/p>\n\n\n\n<p>La propuesta presentada ayer de un 18% de aumento, elevar\u00eda el resultado del acumulado a un 93% y se abonar\u00eda en diciembre, con el aguinaldo previsto para el 19 y el sueldo para el 28 de diciembre.<\/p>\n\n\n\n<p>El ofrecimiento incluye adem\u00e1s una cl\u00e1usula gatillo para aplicar en enero del 2023 un aumento de acuerdo a la inflaci\u00f3n final del 2022.<\/p>\n\n\n\n<p>El gobierno municipal con el acompa\u00f1amiento del gobierno provincial ha descartado la opci\u00f3n de un \u00abbono extraordinario\u00bb y hecho la propuesta de este aumento incluy\u00e9ndola en el sueldo b\u00e1sico lo que repercute en otras variables salariales y en los haberes de los jubilados municipales.<\/p>\n\n\n\n<p>Esta propuesta el d\u00eda de hoy no fue aceptada por los gremios por lo que se realizo una asamblea frente a la municipalidad mientras que dentro se  desarrollan las reuniones de paritarias para tratar de llegar a un acuerdo.<\/p>\n\n\n\n<figure class=\"wp-block-image size-large\"><img decoding=\"async\" width=\"1024\" height=\"576\" data-attachment-id=\"112619\" data-permalink=\"https:\/\/eldiariodesanpedro.com.ar\/sitio\/informacion-sobre-negociacion-paritaria-con-gremios-municipales\/whatsapp-image-2022-11-16-at-12-00-42\/\" data-orig-file=\"https:\/\/eldiariodesanpedro.com.ar\/sitio\/wp-content\/uploads\/2022\/11\/WhatsApp-Image-2022-11-16-at-12.00.42.jpeg\" data-orig-size=\"1120,630\" data-comments-opened=\"0\" data-image-meta=\"{&quot;aperture&quot;:&quot;0&quot;,&quot;credit&quot;:&quot;&quot;,&quot;camera&quot;:&quot;&quot;,&quot;caption&quot;:&quot;&quot;,&quot;created_timestamp&quot;:&quot;0&quot;,&quot;copyright&quot;:&quot;&quot;,&quot;focal_length&quot;:&quot;0&quot;,&quot;iso&quot;:&quot;0&quot;,&quot;shutter_speed&quot;:&quot;0&quot;,&quot;title&quot;:&quot;&quot;,&quot;orientation&quot;:&quot;0&quot;}\" data-image-title=\"WhatsApp Image 2022-11-16 at 12.00.42\" data-image-description=\"\" data-image-caption=\"\" data-large-file=\"https:\/\/eldiariodesanpedro.com.ar\/sitio\/wp-content\/uploads\/2022\/11\/WhatsApp-Image-2022-11-16-at-12.00.42-1024x576.jpeg\" data-src=\"https:\/\/eldiariodesanpedro.com.ar\/sitio\/wp-content\/uploads\/2022\/11\/WhatsApp-Image-2022-11-16-at-12.00.42-1024x576.jpeg\" alt=\"\" class=\"wp-image-112619 lazyload\" data-srcset=\"https:\/\/eldiariodesanpedro.com.ar\/sitio\/wp-content\/uploads\/2022\/11\/WhatsApp-Image-2022-11-16-at-12.00.42-1024x576.jpeg 1024w, https:\/\/eldiariodesanpedro.com.ar\/sitio\/wp-content\/uploads\/2022\/11\/WhatsApp-Image-2022-11-16-at-12.00.42-300x169.jpeg 300w, https:\/\/eldiariodesanpedro.com.ar\/sitio\/wp-content\/uploads\/2022\/11\/WhatsApp-Image-2022-11-16-at-12.00.42-768x432.jpeg 768w, https:\/\/eldiariodesanpedro.com.ar\/sitio\/wp-content\/uploads\/2022\/11\/WhatsApp-Image-2022-11-16-at-12.00.42.jpeg 1120w\" data-sizes=\"(max-width: 1024px) 100vw, 1024px\" src=\"data:image\/svg+xml;base64,PHN2ZyB3aWR0aD0iMSIgaGVpZ2h0PSIxIiB4bWxucz0iaHR0cDovL3d3dy53My5vcmcvMjAwMC9zdmciPjwvc3ZnPg==\" style=\"--smush-placeholder-width: 1024px; --smush-placeholder-aspect-ratio: 1024\/576;\" \/><\/figure>\n","protected":false},"excerpt":{"rendered":"<p>La Municipalidad de San Pedro informa que en el d\u00eda de ayer se formaliz\u00f3 una propuesta de incremento salarial para los trabajadores municipales con el objetivo de alcanzar una actualizaci\u00f3n que se equipare con el impacto de la inflaci\u00f3n acumulada en los \u00faltimos meses Cabe destacar que luego del aumento del 15% liquidado en los [&hellip;]<\/p>\n","protected":false},"author":4,"featured_media":112620,"comment_status":"closed","ping_status":"closed","sticky":false,"template":"","format":"standard","meta":{"om_disable_all_campaigns":false,"_jetpack_memberships_contains_paid_content":false,"footnotes":""},"categories":[50,101,2],"tags":[197,696,33,19],"class_list":["post-112618","post","type-post","status-publish","format-standard","has-post-thumbnail","hentry","category-destacadas","category-interes-general-locales","category-locales","tag-buenos-aires","tag-interes-general","tag-locales","tag-san-pedro"],"aioseo_notices":[],"gutentor_comment":0,"jetpack_featured_media_url":"https:\/\/eldiariodesanpedro.com.ar\/sitio\/wp-content\/uploads\/2022\/11\/WhatsApp-Image-2022-11-16-at-12.01.22.jpeg","jetpack_shortlink":"https:\/\/wp.me\/p6RhLt-tiq","jetpack_sharing_enabled":true,"_links":{"self":[{"href":"https:\/\/eldiariodesanpedro.com.ar\/sitio\/wp-json\/wp\/v2\/posts\/112618","targetHints":{"allow":["GET"]}}],"collection":[{"href":"https:\/\/eldiariodesanpedro.com.ar\/sitio\/wp-json\/wp\/v2\/posts"}],"about":[{"href":"https:\/\/eldiariodesanpedro.com.ar\/sitio\/wp-json\/wp\/v2\/types\/post"}],"author":[{"embeddable":true,"href":"https:\/\/eldiariodesanpedro.com.ar\/sitio\/wp-json\/wp\/v2\/users\/4"}],"replies":[{"embeddable":true,"href":"https:\/\/eldiariodesanpedro.com.ar\/sitio\/wp-json\/wp\/v2\/comments?post=112618"}],"version-history":[{"count":1,"href":"https:\/\/eldiariodesanpedro.com.ar\/sitio\/wp-json\/wp\/v2\/posts\/112618\/revisions"}],"predecessor-version":[{"id":112621,"href":"https:\/\/eldiariodesanpedro.com.ar\/sitio\/wp-json\/wp\/v2\/posts\/112618\/revisions\/112621"}],"wp:featuredmedia":[{"embeddable":true,"href":"https:\/\/eldiariodesanpedro.com.ar\/sitio\/wp-json\/wp\/v2\/media\/112620"}],"wp:attachment":[{"href":"https:\/\/eldiariodesanpedro.com.ar\/sitio\/wp-json\/wp\/v2\/media?parent=112618"}],"wp:term":[{"taxonomy":"category","embeddable":true,"href":"https:\/\/eldiariodesanpedro.com.ar\/sitio\/wp-json\/wp\/v2\/categories?post=112618"},{"taxonomy":"post_tag","embeddable":true,"href":"https:\/\/eldiariodesanpedro.com.ar\/sitio\/wp-json\/wp\/v2\/tags?post=112618"}],"curies":[{"name":"wp","href":"https:\/\/api.w.org\/{rel}","templated":true}]}}