{"id":112613,"date":"2022-11-16T11:05:44","date_gmt":"2022-11-16T14:05:44","guid":{"rendered":"https:\/\/eldiariodesanpedro.com.ar\/sitio\/?p=112613"},"modified":"2022-11-16T11:05:45","modified_gmt":"2022-11-16T14:05:45","slug":"se-sorteo-el-programa-de-apoyo-a-comercios-para-la-reactivacion-de-la-economia-local","status":"publish","type":"post","link":"https:\/\/eldiariodesanpedro.com.ar\/sitio\/se-sorteo-el-programa-de-apoyo-a-comercios-para-la-reactivacion-de-la-economia-local\/","title":{"rendered":"Se sorte\u00f3 el \u00abPrograma de apoyo a comercios para la reactivaci\u00f3n de la econom\u00eda local"},"content":{"rendered":"<!-- VideographyWP Plugin Message: Automatic video embedding prevented by plugin options. -->\n\n<p>Este lunes, en el Sal\u00f3n Dorado del Honorable Concejo Deliberante se llev\u00f3 a cabo el sorteo del \u00abPrograma de apoyo a comercios para la reactivaci\u00f3n de la econom\u00eda local\u00bb llevado a cabo por la Municipalidad de San Pedro, a trav\u00e9s de la Secretar\u00eda de Desarrollo Econ\u00f3mico.<\/p>\n\n\n\n<p>El evento, en el cual se otorg\u00f3 un aporte no reembolsable a comerciantes que debieron reunir una serie de requisitos al momento de inscribirse, cont\u00f3 con la participaci\u00f3n de la escribana Cecilia Dubini y el Director de Asesor\u00eda Letrada, Dr. Ricardo Uguet quienes fiscalizaron el sorteo junto a personal de la Secretar\u00eda involucrada.<\/p>\n\n\n\n<p>Listado de beneficiarios sorteados: Luciana Natalia Ar\u00e9valo, Claudio Mart\u00edn, Romina Daniela Ramos, Lucas Hern\u00e1n Leiva, Roc\u00edo Gonz\u00e1lez, Elisa Del Valle Arnedo, Pedro Amarillo, Javier Antonio Martino, Claudio Ruibal, Natalia Alfonso, Mirta Ang\u00e9lica Loyola, Mar\u00eda Victoria Villalba, Luciana Noem\u00ed Font, Andr\u00e9s Ram\u00f3n Hartvig, Mauricio Ballerini, Leonardo Daniel Parra, Liliana Marisol Guilenia, Hugo Andr\u00e9s Villarruel, Alejandra Mabel Vargas, Zunilda Luj\u00e1n Mascaro.<\/p>\n\n\n\n<figure class=\"wp-block-image size-full\"><img decoding=\"async\" width=\"461\" height=\"630\" data-attachment-id=\"112615\" data-permalink=\"https:\/\/eldiariodesanpedro.com.ar\/sitio\/se-sorteo-el-programa-de-apoyo-a-comercios-para-la-reactivacion-de-la-economia-local\/whatsapp-image-2022-11-15-at-16-47-00\/\" data-orig-file=\"https:\/\/eldiariodesanpedro.com.ar\/sitio\/wp-content\/uploads\/2022\/11\/WhatsApp-Image-2022-11-15-at-16.47.00.jpeg\" data-orig-size=\"461,630\" data-comments-opened=\"0\" data-image-meta=\"{&quot;aperture&quot;:&quot;0&quot;,&quot;credit&quot;:&quot;&quot;,&quot;camera&quot;:&quot;&quot;,&quot;caption&quot;:&quot;&quot;,&quot;created_timestamp&quot;:&quot;0&quot;,&quot;copyright&quot;:&quot;&quot;,&quot;focal_length&quot;:&quot;0&quot;,&quot;iso&quot;:&quot;0&quot;,&quot;shutter_speed&quot;:&quot;0&quot;,&quot;title&quot;:&quot;&quot;,&quot;orientation&quot;:&quot;0&quot;}\" data-image-title=\"WhatsApp Image 2022-11-15 at 16.47.00\" data-image-description=\"\" data-image-caption=\"\" data-large-file=\"https:\/\/eldiariodesanpedro.com.ar\/sitio\/wp-content\/uploads\/2022\/11\/WhatsApp-Image-2022-11-15-at-16.47.00.jpeg\" data-src=\"https:\/\/eldiariodesanpedro.com.ar\/sitio\/wp-content\/uploads\/2022\/11\/WhatsApp-Image-2022-11-15-at-16.47.00.jpeg\" alt=\"\" class=\"wp-image-112615 lazyload\" data-srcset=\"https:\/\/eldiariodesanpedro.com.ar\/sitio\/wp-content\/uploads\/2022\/11\/WhatsApp-Image-2022-11-15-at-16.47.00.jpeg 461w, https:\/\/eldiariodesanpedro.com.ar\/sitio\/wp-content\/uploads\/2022\/11\/WhatsApp-Image-2022-11-15-at-16.47.00-220x300.jpeg 220w\" data-sizes=\"(max-width: 461px) 100vw, 461px\" src=\"data:image\/svg+xml;base64,PHN2ZyB3aWR0aD0iMSIgaGVpZ2h0PSIxIiB4bWxucz0iaHR0cDovL3d3dy53My5vcmcvMjAwMC9zdmciPjwvc3ZnPg==\" style=\"--smush-placeholder-width: 461px; --smush-placeholder-aspect-ratio: 461\/630;\" \/><\/figure>\n\n\n\n<figure class=\"wp-block-image size-full\"><img decoding=\"async\" width=\"460\" height=\"630\" data-attachment-id=\"112614\" data-permalink=\"https:\/\/eldiariodesanpedro.com.ar\/sitio\/se-sorteo-el-programa-de-apoyo-a-comercios-para-la-reactivacion-de-la-economia-local\/whatsapp-image-2022-11-15-at-16-47-00-1\/\" data-orig-file=\"https:\/\/eldiariodesanpedro.com.ar\/sitio\/wp-content\/uploads\/2022\/11\/WhatsApp-Image-2022-11-15-at-16.47.00-1.jpeg\" data-orig-size=\"460,630\" data-comments-opened=\"0\" data-image-meta=\"{&quot;aperture&quot;:&quot;0&quot;,&quot;credit&quot;:&quot;&quot;,&quot;camera&quot;:&quot;&quot;,&quot;caption&quot;:&quot;&quot;,&quot;created_timestamp&quot;:&quot;0&quot;,&quot;copyright&quot;:&quot;&quot;,&quot;focal_length&quot;:&quot;0&quot;,&quot;iso&quot;:&quot;0&quot;,&quot;shutter_speed&quot;:&quot;0&quot;,&quot;title&quot;:&quot;&quot;,&quot;orientation&quot;:&quot;0&quot;}\" data-image-title=\"WhatsApp Image 2022-11-15 at 16.47.00 (1)\" data-image-description=\"\" data-image-caption=\"\" data-large-file=\"https:\/\/eldiariodesanpedro.com.ar\/sitio\/wp-content\/uploads\/2022\/11\/WhatsApp-Image-2022-11-15-at-16.47.00-1.jpeg\" data-src=\"https:\/\/eldiariodesanpedro.com.ar\/sitio\/wp-content\/uploads\/2022\/11\/WhatsApp-Image-2022-11-15-at-16.47.00-1.jpeg\" alt=\"\" class=\"wp-image-112614 lazyload\" data-srcset=\"https:\/\/eldiariodesanpedro.com.ar\/sitio\/wp-content\/uploads\/2022\/11\/WhatsApp-Image-2022-11-15-at-16.47.00-1.jpeg 460w, https:\/\/eldiariodesanpedro.com.ar\/sitio\/wp-content\/uploads\/2022\/11\/WhatsApp-Image-2022-11-15-at-16.47.00-1-219x300.jpeg 219w\" data-sizes=\"(max-width: 460px) 100vw, 460px\" src=\"data:image\/svg+xml;base64,PHN2ZyB3aWR0aD0iMSIgaGVpZ2h0PSIxIiB4bWxucz0iaHR0cDovL3d3dy53My5vcmcvMjAwMC9zdmciPjwvc3ZnPg==\" style=\"--smush-placeholder-width: 460px; --smush-placeholder-aspect-ratio: 460\/630;\" \/><\/figure>\n","protected":false},"excerpt":{"rendered":"<p>Este lunes, en el Sal\u00f3n Dorado del Honorable Concejo Deliberante se llev\u00f3 a cabo el sorteo del \u00abPrograma de apoyo a comercios para la reactivaci\u00f3n de la econom\u00eda local\u00bb llevado a cabo por la Municipalidad de San Pedro, a trav\u00e9s de la Secretar\u00eda de Desarrollo Econ\u00f3mico. El evento, en el cual se otorg\u00f3 un aporte [&hellip;]<\/p>\n","protected":false},"author":4,"featured_media":112616,"comment_status":"closed","ping_status":"closed","sticky":false,"template":"","format":"standard","meta":{"om_disable_all_campaigns":false,"_jetpack_memberships_contains_paid_content":false,"footnotes":""},"categories":[50,101,2],"tags":[],"class_list":["post-112613","post","type-post","status-publish","format-standard","has-post-thumbnail","hentry","category-destacadas","category-interes-general-locales","category-locales"],"aioseo_notices":[],"gutentor_comment":0,"jetpack_featured_media_url":"https:\/\/eldiariodesanpedro.com.ar\/sitio\/wp-content\/uploads\/2022\/11\/WhatsApp-Image-2022-11-15-at-16.47.04.jpeg","jetpack_shortlink":"https:\/\/wp.me\/p6RhLt-til","jetpack_sharing_enabled":true,"_links":{"self":[{"href":"https:\/\/eldiariodesanpedro.com.ar\/sitio\/wp-json\/wp\/v2\/posts\/112613","targetHints":{"allow":["GET"]}}],"collection":[{"href":"https:\/\/eldiariodesanpedro.com.ar\/sitio\/wp-json\/wp\/v2\/posts"}],"about":[{"href":"https:\/\/eldiariodesanpedro.com.ar\/sitio\/wp-json\/wp\/v2\/types\/post"}],"author":[{"embeddable":true,"href":"https:\/\/eldiariodesanpedro.com.ar\/sitio\/wp-json\/wp\/v2\/users\/4"}],"replies":[{"embeddable":true,"href":"https:\/\/eldiariodesanpedro.com.ar\/sitio\/wp-json\/wp\/v2\/comments?post=112613"}],"version-history":[{"count":1,"href":"https:\/\/eldiariodesanpedro.com.ar\/sitio\/wp-json\/wp\/v2\/posts\/112613\/revisions"}],"predecessor-version":[{"id":112617,"href":"https:\/\/eldiariodesanpedro.com.ar\/sitio\/wp-json\/wp\/v2\/posts\/112613\/revisions\/112617"}],"wp:featuredmedia":[{"embeddable":true,"href":"https:\/\/eldiariodesanpedro.com.ar\/sitio\/wp-json\/wp\/v2\/media\/112616"}],"wp:attachment":[{"href":"https:\/\/eldiariodesanpedro.com.ar\/sitio\/wp-json\/wp\/v2\/media?parent=112613"}],"wp:term":[{"taxonomy":"category","embeddable":true,"href":"https:\/\/eldiariodesanpedro.com.ar\/sitio\/wp-json\/wp\/v2\/categories?post=112613"},{"taxonomy":"post_tag","embeddable":true,"href":"https:\/\/eldiariodesanpedro.com.ar\/sitio\/wp-json\/wp\/v2\/tags?post=112613"}],"curies":[{"name":"wp","href":"https:\/\/api.w.org\/{rel}","templated":true}]}}