{"id":112611,"date":"2022-11-16T10:57:47","date_gmt":"2022-11-16T13:57:47","guid":{"rendered":"https:\/\/eldiariodesanpedro.com.ar\/sitio\/?p=112611"},"modified":"2022-11-16T10:57:48","modified_gmt":"2022-11-16T13:57:48","slug":"jornada-educativa-y-de-control-de-la-diabetes-2","status":"publish","type":"post","link":"https:\/\/eldiariodesanpedro.com.ar\/sitio\/jornada-educativa-y-de-control-de-la-diabetes-2\/","title":{"rendered":"Jornada educativa y de control de la diabetes"},"content":{"rendered":"<!-- VideographyWP Plugin Message: Automatic video embedding prevented by plugin options. -->\n\n<p>La Secretar\u00eda de Salud de la Municipalidad de San Pedro informa que fue reprogramada para este viernes 18 de noviembre la jornada organizada en el marco del D\u00eda Mundial de la Diabetes que debi\u00f3 ser suspendida por razones clim\u00e1ticas.<\/p>\n\n\n\n<p>La actividad se desarrollar\u00e1 de 9.30 a 13 hs. en Plaza Belgrano con la consigna \u201cEducar para proteger el futuro\u201d y contar\u00e1 con la adhesi\u00f3n del Hospital Privado Sadiv, Cruz Roja Filial San Pedro, Federaci\u00f3n M\u00e9dica de la Provincia de Buenos Aires, Asociaci\u00f3n Circulo M\u00e9dico de San Pedro, Asociaci\u00f3n M\u00e9dica de San Pedro y el Colegio de Farmac\u00e9uticos de San Pedro.<\/p>\n","protected":false},"excerpt":{"rendered":"<p>La Secretar\u00eda de Salud de la Municipalidad de San Pedro informa que fue reprogramada para este viernes 18 de noviembre la jornada organizada en el marco del D\u00eda Mundial de la Diabetes que debi\u00f3 ser suspendida por razones clim\u00e1ticas. La actividad se desarrollar\u00e1 de 9.30 a 13 hs. en Plaza Belgrano con la consigna \u201cEducar [&hellip;]<\/p>\n","protected":false},"author":4,"featured_media":15961,"comment_status":"closed","ping_status":"closed","sticky":false,"template":"","format":"standard","meta":{"om_disable_all_campaigns":false,"_jetpack_memberships_contains_paid_content":false,"footnotes":""},"categories":[101,2],"tags":[197,696,33,19],"class_list":["post-112611","post","type-post","status-publish","format-standard","has-post-thumbnail","hentry","category-interes-general-locales","category-locales","tag-buenos-aires","tag-interes-general","tag-locales","tag-san-pedro"],"aioseo_notices":[],"gutentor_comment":0,"jetpack_featured_media_url":"https:\/\/eldiariodesanpedro.com.ar\/sitio\/wp-content\/uploads\/2017\/03\/Diabetes-e1489521498327.jpg","jetpack_shortlink":"https:\/\/wp.me\/p6RhLt-tij","jetpack_sharing_enabled":true,"_links":{"self":[{"href":"https:\/\/eldiariodesanpedro.com.ar\/sitio\/wp-json\/wp\/v2\/posts\/112611","targetHints":{"allow":["GET"]}}],"collection":[{"href":"https:\/\/eldiariodesanpedro.com.ar\/sitio\/wp-json\/wp\/v2\/posts"}],"about":[{"href":"https:\/\/eldiariodesanpedro.com.ar\/sitio\/wp-json\/wp\/v2\/types\/post"}],"author":[{"embeddable":true,"href":"https:\/\/eldiariodesanpedro.com.ar\/sitio\/wp-json\/wp\/v2\/users\/4"}],"replies":[{"embeddable":true,"href":"https:\/\/eldiariodesanpedro.com.ar\/sitio\/wp-json\/wp\/v2\/comments?post=112611"}],"version-history":[{"count":1,"href":"https:\/\/eldiariodesanpedro.com.ar\/sitio\/wp-json\/wp\/v2\/posts\/112611\/revisions"}],"predecessor-version":[{"id":112612,"href":"https:\/\/eldiariodesanpedro.com.ar\/sitio\/wp-json\/wp\/v2\/posts\/112611\/revisions\/112612"}],"wp:featuredmedia":[{"embeddable":true,"href":"https:\/\/eldiariodesanpedro.com.ar\/sitio\/wp-json\/wp\/v2\/media\/15961"}],"wp:attachment":[{"href":"https:\/\/eldiariodesanpedro.com.ar\/sitio\/wp-json\/wp\/v2\/media?parent=112611"}],"wp:term":[{"taxonomy":"category","embeddable":true,"href":"https:\/\/eldiariodesanpedro.com.ar\/sitio\/wp-json\/wp\/v2\/categories?post=112611"},{"taxonomy":"post_tag","embeddable":true,"href":"https:\/\/eldiariodesanpedro.com.ar\/sitio\/wp-json\/wp\/v2\/tags?post=112611"}],"curies":[{"name":"wp","href":"https:\/\/api.w.org\/{rel}","templated":true}]}}