{"id":112605,"date":"2022-11-16T10:51:48","date_gmt":"2022-11-16T13:51:48","guid":{"rendered":"https:\/\/eldiariodesanpedro.com.ar\/sitio\/?p=112605"},"modified":"2022-11-16T10:51:50","modified_gmt":"2022-11-16T13:51:50","slug":"precaucion-por-obras-en-zona-de-repavimentacion","status":"publish","type":"post","link":"https:\/\/eldiariodesanpedro.com.ar\/sitio\/precaucion-por-obras-en-zona-de-repavimentacion\/","title":{"rendered":"Precauci\u00f3n por obras en zona de repavimentaci\u00f3n"},"content":{"rendered":"<!-- VideographyWP Plugin Message: Automatic video embedding prevented by plugin options. -->\n\n<p>La Secretar\u00eda de Obras, Planeamiento y Catastro informa que prosigue la obra de repavimentaci\u00f3n en la zona cercana al edificio de la Aduana con tareas que comprenden las calles Fray Cayetano Rodr\u00edguez, Liniers y aleda\u00f1as. (Indicadas en color rojo en el plano).<\/p>\n\n\n\n<p>La empresa que tiene a cargo los trabajos viene colocando la carpeta asf\u00e1ltica en algunas de las cuadras previstas y hay otras que se encuentran abiertas, pero que est\u00e1n preparadas para la siguiente etapa. Se solicita precauci\u00f3n en el tr\u00e1nsito por la zona.<\/p>\n\n\n\n<figure class=\"wp-block-image size-full\"><img decoding=\"async\" width=\"473\" height=\"630\" data-attachment-id=\"112607\" data-permalink=\"https:\/\/eldiariodesanpedro.com.ar\/sitio\/precaucion-por-obras-en-zona-de-repavimentacion\/whatsapp-image-2022-11-15-at-15-46-52\/\" data-orig-file=\"https:\/\/eldiariodesanpedro.com.ar\/sitio\/wp-content\/uploads\/2022\/11\/WhatsApp-Image-2022-11-15-at-15.46.52.jpeg\" data-orig-size=\"473,630\" data-comments-opened=\"0\" data-image-meta=\"{&quot;aperture&quot;:&quot;0&quot;,&quot;credit&quot;:&quot;&quot;,&quot;camera&quot;:&quot;&quot;,&quot;caption&quot;:&quot;&quot;,&quot;created_timestamp&quot;:&quot;0&quot;,&quot;copyright&quot;:&quot;&quot;,&quot;focal_length&quot;:&quot;0&quot;,&quot;iso&quot;:&quot;0&quot;,&quot;shutter_speed&quot;:&quot;0&quot;,&quot;title&quot;:&quot;&quot;,&quot;orientation&quot;:&quot;0&quot;}\" data-image-title=\"WhatsApp Image 2022-11-15 at 15.46.52\" data-image-description=\"\" data-image-caption=\"\" data-large-file=\"https:\/\/eldiariodesanpedro.com.ar\/sitio\/wp-content\/uploads\/2022\/11\/WhatsApp-Image-2022-11-15-at-15.46.52.jpeg\" data-src=\"https:\/\/eldiariodesanpedro.com.ar\/sitio\/wp-content\/uploads\/2022\/11\/WhatsApp-Image-2022-11-15-at-15.46.52.jpeg\" alt=\"\" class=\"wp-image-112607 lazyload\" data-srcset=\"https:\/\/eldiariodesanpedro.com.ar\/sitio\/wp-content\/uploads\/2022\/11\/WhatsApp-Image-2022-11-15-at-15.46.52.jpeg 473w, https:\/\/eldiariodesanpedro.com.ar\/sitio\/wp-content\/uploads\/2022\/11\/WhatsApp-Image-2022-11-15-at-15.46.52-225x300.jpeg 225w\" data-sizes=\"(max-width: 473px) 100vw, 473px\" src=\"data:image\/svg+xml;base64,PHN2ZyB3aWR0aD0iMSIgaGVpZ2h0PSIxIiB4bWxucz0iaHR0cDovL3d3dy53My5vcmcvMjAwMC9zdmciPjwvc3ZnPg==\" style=\"--smush-placeholder-width: 473px; --smush-placeholder-aspect-ratio: 473\/630;\" \/><\/figure>\n\n\n\n<figure class=\"wp-block-image size-full\"><img decoding=\"async\" width=\"473\" height=\"630\" data-attachment-id=\"112608\" data-permalink=\"https:\/\/eldiariodesanpedro.com.ar\/sitio\/precaucion-por-obras-en-zona-de-repavimentacion\/whatsapp-image-2022-11-15-at-15-46-54-1\/\" data-orig-file=\"https:\/\/eldiariodesanpedro.com.ar\/sitio\/wp-content\/uploads\/2022\/11\/WhatsApp-Image-2022-11-15-at-15.46.54-1.jpeg\" data-orig-size=\"473,630\" data-comments-opened=\"0\" data-image-meta=\"{&quot;aperture&quot;:&quot;0&quot;,&quot;credit&quot;:&quot;&quot;,&quot;camera&quot;:&quot;&quot;,&quot;caption&quot;:&quot;&quot;,&quot;created_timestamp&quot;:&quot;0&quot;,&quot;copyright&quot;:&quot;&quot;,&quot;focal_length&quot;:&quot;0&quot;,&quot;iso&quot;:&quot;0&quot;,&quot;shutter_speed&quot;:&quot;0&quot;,&quot;title&quot;:&quot;&quot;,&quot;orientation&quot;:&quot;0&quot;}\" data-image-title=\"WhatsApp Image 2022-11-15 at 15.46.54 (1)\" data-image-description=\"\" data-image-caption=\"\" data-large-file=\"https:\/\/eldiariodesanpedro.com.ar\/sitio\/wp-content\/uploads\/2022\/11\/WhatsApp-Image-2022-11-15-at-15.46.54-1.jpeg\" data-src=\"https:\/\/eldiariodesanpedro.com.ar\/sitio\/wp-content\/uploads\/2022\/11\/WhatsApp-Image-2022-11-15-at-15.46.54-1.jpeg\" alt=\"\" class=\"wp-image-112608 lazyload\" data-srcset=\"https:\/\/eldiariodesanpedro.com.ar\/sitio\/wp-content\/uploads\/2022\/11\/WhatsApp-Image-2022-11-15-at-15.46.54-1.jpeg 473w, https:\/\/eldiariodesanpedro.com.ar\/sitio\/wp-content\/uploads\/2022\/11\/WhatsApp-Image-2022-11-15-at-15.46.54-1-225x300.jpeg 225w\" data-sizes=\"(max-width: 473px) 100vw, 473px\" src=\"data:image\/svg+xml;base64,PHN2ZyB3aWR0aD0iMSIgaGVpZ2h0PSIxIiB4bWxucz0iaHR0cDovL3d3dy53My5vcmcvMjAwMC9zdmciPjwvc3ZnPg==\" style=\"--smush-placeholder-width: 473px; --smush-placeholder-aspect-ratio: 473\/630;\" \/><\/figure>\n\n\n\n<figure class=\"wp-block-image size-full\"><img decoding=\"async\" width=\"473\" height=\"630\" data-attachment-id=\"112609\" data-permalink=\"https:\/\/eldiariodesanpedro.com.ar\/sitio\/precaucion-por-obras-en-zona-de-repavimentacion\/whatsapp-image-2022-11-15-at-15-46-54\/\" data-orig-file=\"https:\/\/eldiariodesanpedro.com.ar\/sitio\/wp-content\/uploads\/2022\/11\/WhatsApp-Image-2022-11-15-at-15.46.54.jpeg\" data-orig-size=\"473,630\" data-comments-opened=\"0\" data-image-meta=\"{&quot;aperture&quot;:&quot;0&quot;,&quot;credit&quot;:&quot;&quot;,&quot;camera&quot;:&quot;&quot;,&quot;caption&quot;:&quot;&quot;,&quot;created_timestamp&quot;:&quot;0&quot;,&quot;copyright&quot;:&quot;&quot;,&quot;focal_length&quot;:&quot;0&quot;,&quot;iso&quot;:&quot;0&quot;,&quot;shutter_speed&quot;:&quot;0&quot;,&quot;title&quot;:&quot;&quot;,&quot;orientation&quot;:&quot;0&quot;}\" data-image-title=\"WhatsApp Image 2022-11-15 at 15.46.54\" data-image-description=\"\" data-image-caption=\"\" data-large-file=\"https:\/\/eldiariodesanpedro.com.ar\/sitio\/wp-content\/uploads\/2022\/11\/WhatsApp-Image-2022-11-15-at-15.46.54.jpeg\" data-src=\"https:\/\/eldiariodesanpedro.com.ar\/sitio\/wp-content\/uploads\/2022\/11\/WhatsApp-Image-2022-11-15-at-15.46.54.jpeg\" alt=\"\" class=\"wp-image-112609 lazyload\" data-srcset=\"https:\/\/eldiariodesanpedro.com.ar\/sitio\/wp-content\/uploads\/2022\/11\/WhatsApp-Image-2022-11-15-at-15.46.54.jpeg 473w, https:\/\/eldiariodesanpedro.com.ar\/sitio\/wp-content\/uploads\/2022\/11\/WhatsApp-Image-2022-11-15-at-15.46.54-225x300.jpeg 225w\" data-sizes=\"(max-width: 473px) 100vw, 473px\" src=\"data:image\/svg+xml;base64,PHN2ZyB3aWR0aD0iMSIgaGVpZ2h0PSIxIiB4bWxucz0iaHR0cDovL3d3dy53My5vcmcvMjAwMC9zdmciPjwvc3ZnPg==\" style=\"--smush-placeholder-width: 473px; --smush-placeholder-aspect-ratio: 473\/630;\" \/><\/figure>\n","protected":false},"excerpt":{"rendered":"<p>La Secretar\u00eda de Obras, Planeamiento y Catastro informa que prosigue la obra de repavimentaci\u00f3n en la zona cercana al edificio de la Aduana con tareas que comprenden las calles Fray Cayetano Rodr\u00edguez, Liniers y aleda\u00f1as. (Indicadas en color rojo en el plano). La empresa que tiene a cargo los trabajos viene colocando la carpeta asf\u00e1ltica [&hellip;]<\/p>\n","protected":false},"author":4,"featured_media":112606,"comment_status":"closed","ping_status":"closed","sticky":false,"template":"","format":"standard","meta":{"om_disable_all_campaigns":false,"_jetpack_memberships_contains_paid_content":false,"footnotes":""},"categories":[50,101,2],"tags":[197,696,33,19],"class_list":["post-112605","post","type-post","status-publish","format-standard","has-post-thumbnail","hentry","category-destacadas","category-interes-general-locales","category-locales","tag-buenos-aires","tag-interes-general","tag-locales","tag-san-pedro"],"aioseo_notices":[],"gutentor_comment":0,"jetpack_featured_media_url":"https:\/\/eldiariodesanpedro.com.ar\/sitio\/wp-content\/uploads\/2022\/11\/medida-11.png","jetpack_shortlink":"https:\/\/wp.me\/p6RhLt-tid","jetpack_sharing_enabled":true,"_links":{"self":[{"href":"https:\/\/eldiariodesanpedro.com.ar\/sitio\/wp-json\/wp\/v2\/posts\/112605","targetHints":{"allow":["GET"]}}],"collection":[{"href":"https:\/\/eldiariodesanpedro.com.ar\/sitio\/wp-json\/wp\/v2\/posts"}],"about":[{"href":"https:\/\/eldiariodesanpedro.com.ar\/sitio\/wp-json\/wp\/v2\/types\/post"}],"author":[{"embeddable":true,"href":"https:\/\/eldiariodesanpedro.com.ar\/sitio\/wp-json\/wp\/v2\/users\/4"}],"replies":[{"embeddable":true,"href":"https:\/\/eldiariodesanpedro.com.ar\/sitio\/wp-json\/wp\/v2\/comments?post=112605"}],"version-history":[{"count":1,"href":"https:\/\/eldiariodesanpedro.com.ar\/sitio\/wp-json\/wp\/v2\/posts\/112605\/revisions"}],"predecessor-version":[{"id":112610,"href":"https:\/\/eldiariodesanpedro.com.ar\/sitio\/wp-json\/wp\/v2\/posts\/112605\/revisions\/112610"}],"wp:featuredmedia":[{"embeddable":true,"href":"https:\/\/eldiariodesanpedro.com.ar\/sitio\/wp-json\/wp\/v2\/media\/112606"}],"wp:attachment":[{"href":"https:\/\/eldiariodesanpedro.com.ar\/sitio\/wp-json\/wp\/v2\/media?parent=112605"}],"wp:term":[{"taxonomy":"category","embeddable":true,"href":"https:\/\/eldiariodesanpedro.com.ar\/sitio\/wp-json\/wp\/v2\/categories?post=112605"},{"taxonomy":"post_tag","embeddable":true,"href":"https:\/\/eldiariodesanpedro.com.ar\/sitio\/wp-json\/wp\/v2\/tags?post=112605"}],"curies":[{"name":"wp","href":"https:\/\/api.w.org\/{rel}","templated":true}]}}