{"id":112592,"date":"2022-11-16T10:28:57","date_gmt":"2022-11-16T13:28:57","guid":{"rendered":"https:\/\/eldiariodesanpedro.com.ar\/sitio\/?p=112592"},"modified":"2022-11-16T10:28:58","modified_gmt":"2022-11-16T13:28:58","slug":"la-fiesta-de-los-mercantiles-y-del-86o-aniversario-del-sec-san-pedro","status":"publish","type":"post","link":"https:\/\/eldiariodesanpedro.com.ar\/sitio\/la-fiesta-de-los-mercantiles-y-del-86o-aniversario-del-sec-san-pedro\/","title":{"rendered":"La fiesta de los mercantiles y del 86\u00ba aniversario del SEC San Pedro"},"content":{"rendered":"<!-- VideographyWP Plugin Message: Automatic video embedding prevented by plugin options. -->\n\n<p>Las y los trabajadoras\/es mercantiles de San Pedro compartieron este viernes 11 de noviembre, la esperada cena para celebrar el D\u00eda del Empleado de Comercio y una gran fiesta dentro de los 86 a\u00f1os que cumple el SEC en nuestra ciudad.<\/p>\n\n\n\n<p>En el sal\u00f3n de fiestas de Cocina Abierta 505 se reuni\u00f3 buena parte de la familia mercantil en un reencuentro muy esperado, enmarcado en la lenta recuperaci\u00f3n de las actividades que se vieron seriamente afectadas por la pandemia y por la coyuntura econ\u00f3mica que se atraviesa en la actualidad.<\/p>\n\n\n\n<p>Marcelo Mosteiro, Secretario General del Sindicato agradeci\u00f3 a todos los presentes y enumer\u00f3 las m\u00faltiples acciones que se llevan adelante para acompa\u00f1ar a los mercantiles y sus familias, incluyendo los bolsones de mercader\u00eda, los uniformes y \u00fatiles escolares para los hijos de los empleados mercantiles, los subsidios los reintegros y todo aquello que permite acompa\u00f1ar con responsabilidad este momento del pa\u00eds.<\/p>\n\n\n\n<p>Agradeci\u00f3 la confianza de todos los afiliados y el respaldo para seguir resguardando el trabajo y \u00abmejorar la calidad de vida de nuestros afiliados\u00bb, expres\u00f3.<\/p>\n\n\n\n<p>Destac\u00f3 adem\u00e1s que se transitan nuevos desaf\u00edos con la apertura en el 2023 de las nuevas instalaciones del &nbsp;Centro de Capacitaci\u00f3n y Educaci\u00f3n CFL 402 y la Casa de la Cultura, en el edificio en el que estudiantes formados en los mismos cursos que se seguir\u00e1n dictando, vienen realizando parte de las tareas para dejar en \u00f3ptimas condiciones el edificio de Mitre 455. Ese edificio se destinar\u00e1 adem\u00e1s a eventos culturales, talleres de yoga, ense\u00f1anza de &nbsp;m\u00fasica y de diversas expresiones art\u00edsticas.<\/p>\n\n\n\n<p>En su mensaje, antes de los sorteos y de los shows con los que se cerr\u00f3 la noche, remarc\u00f3 tambi\u00e9n los esfuerzos para mantener la cobertura de salud con calidad m\u00e9dica solidaria junto a la OSECAC San Pedro y el trabajo en equipo de todos los que forman parte de la organizaci\u00f3n en su actividad diaria.<\/p>\n\n\n\n<p>En la cena participaron el Intendente Dr. Ram\u00f3n Salazar, el Secretario de Gobierno Mart\u00edn Baraybar, la Secretar\u00eda de Turismo y Cultura Marcela Cu\u00f1er, la subsecretaria de Seguridad e Higiene de la FAECYS Mar\u00eda Deli Dignani, representantes de las filiales de San Nicol\u00e1s, Z\u00e1rate y Campana (CEC y OSECAC), del Centro de Comercio, Industria y Turismo, UTHGR y se recibi\u00f3 un mensaje del Secretario General del MMI Jos\u00e9 Gonz\u00e1lez.<\/p>\n\n\n\n<figure class=\"wp-block-image size-full\"><img decoding=\"async\" width=\"945\" height=\"630\" data-attachment-id=\"112596\" data-permalink=\"https:\/\/eldiariodesanpedro.com.ar\/sitio\/la-fiesta-de-los-mercantiles-y-del-86o-aniversario-del-sec-san-pedro\/sec2022-4\/\" data-orig-file=\"https:\/\/eldiariodesanpedro.com.ar\/sitio\/wp-content\/uploads\/2022\/11\/sec2022-4.jpeg\" data-orig-size=\"945,630\" data-comments-opened=\"0\" data-image-meta=\"{&quot;aperture&quot;:&quot;0&quot;,&quot;credit&quot;:&quot;&quot;,&quot;camera&quot;:&quot;&quot;,&quot;caption&quot;:&quot;&quot;,&quot;created_timestamp&quot;:&quot;0&quot;,&quot;copyright&quot;:&quot;&quot;,&quot;focal_length&quot;:&quot;0&quot;,&quot;iso&quot;:&quot;0&quot;,&quot;shutter_speed&quot;:&quot;0&quot;,&quot;title&quot;:&quot;&quot;,&quot;orientation&quot;:&quot;0&quot;}\" data-image-title=\"sec2022 (4)\" data-image-description=\"\" data-image-caption=\"\" data-large-file=\"https:\/\/eldiariodesanpedro.com.ar\/sitio\/wp-content\/uploads\/2022\/11\/sec2022-4.jpeg\" data-src=\"https:\/\/eldiariodesanpedro.com.ar\/sitio\/wp-content\/uploads\/2022\/11\/sec2022-4.jpeg\" alt=\"\" class=\"wp-image-112596 lazyload\" data-srcset=\"https:\/\/eldiariodesanpedro.com.ar\/sitio\/wp-content\/uploads\/2022\/11\/sec2022-4.jpeg 945w, https:\/\/eldiariodesanpedro.com.ar\/sitio\/wp-content\/uploads\/2022\/11\/sec2022-4-300x200.jpeg 300w, https:\/\/eldiariodesanpedro.com.ar\/sitio\/wp-content\/uploads\/2022\/11\/sec2022-4-768x512.jpeg 768w\" data-sizes=\"(max-width: 945px) 100vw, 945px\" src=\"data:image\/svg+xml;base64,PHN2ZyB3aWR0aD0iMSIgaGVpZ2h0PSIxIiB4bWxucz0iaHR0cDovL3d3dy53My5vcmcvMjAwMC9zdmciPjwvc3ZnPg==\" style=\"--smush-placeholder-width: 945px; --smush-placeholder-aspect-ratio: 945\/630;\" \/><\/figure>\n\n\n\n<figure class=\"wp-block-image size-full\"><img decoding=\"async\" width=\"945\" height=\"630\" data-attachment-id=\"112595\" data-permalink=\"https:\/\/eldiariodesanpedro.com.ar\/sitio\/la-fiesta-de-los-mercantiles-y-del-86o-aniversario-del-sec-san-pedro\/sec2022-3\/\" data-orig-file=\"https:\/\/eldiariodesanpedro.com.ar\/sitio\/wp-content\/uploads\/2022\/11\/sec2022-3.jpeg\" data-orig-size=\"945,630\" data-comments-opened=\"0\" data-image-meta=\"{&quot;aperture&quot;:&quot;0&quot;,&quot;credit&quot;:&quot;&quot;,&quot;camera&quot;:&quot;&quot;,&quot;caption&quot;:&quot;&quot;,&quot;created_timestamp&quot;:&quot;0&quot;,&quot;copyright&quot;:&quot;&quot;,&quot;focal_length&quot;:&quot;0&quot;,&quot;iso&quot;:&quot;0&quot;,&quot;shutter_speed&quot;:&quot;0&quot;,&quot;title&quot;:&quot;&quot;,&quot;orientation&quot;:&quot;0&quot;}\" data-image-title=\"sec2022 (3)\" data-image-description=\"\" data-image-caption=\"\" data-large-file=\"https:\/\/eldiariodesanpedro.com.ar\/sitio\/wp-content\/uploads\/2022\/11\/sec2022-3.jpeg\" data-src=\"https:\/\/eldiariodesanpedro.com.ar\/sitio\/wp-content\/uploads\/2022\/11\/sec2022-3.jpeg\" alt=\"\" class=\"wp-image-112595 lazyload\" data-srcset=\"https:\/\/eldiariodesanpedro.com.ar\/sitio\/wp-content\/uploads\/2022\/11\/sec2022-3.jpeg 945w, https:\/\/eldiariodesanpedro.com.ar\/sitio\/wp-content\/uploads\/2022\/11\/sec2022-3-300x200.jpeg 300w, https:\/\/eldiariodesanpedro.com.ar\/sitio\/wp-content\/uploads\/2022\/11\/sec2022-3-768x512.jpeg 768w\" data-sizes=\"(max-width: 945px) 100vw, 945px\" src=\"data:image\/svg+xml;base64,PHN2ZyB3aWR0aD0iMSIgaGVpZ2h0PSIxIiB4bWxucz0iaHR0cDovL3d3dy53My5vcmcvMjAwMC9zdmciPjwvc3ZnPg==\" style=\"--smush-placeholder-width: 945px; --smush-placeholder-aspect-ratio: 945\/630;\" \/><\/figure>\n\n\n\n<p><\/p>\n\n\n\n<figure class=\"wp-block-image size-full\"><img decoding=\"async\" width=\"945\" height=\"630\" data-attachment-id=\"112593\" data-permalink=\"https:\/\/eldiariodesanpedro.com.ar\/sitio\/la-fiesta-de-los-mercantiles-y-del-86o-aniversario-del-sec-san-pedro\/sec2022-1\/\" data-orig-file=\"https:\/\/eldiariodesanpedro.com.ar\/sitio\/wp-content\/uploads\/2022\/11\/sec2022-1.jpeg\" data-orig-size=\"945,630\" data-comments-opened=\"0\" data-image-meta=\"{&quot;aperture&quot;:&quot;0&quot;,&quot;credit&quot;:&quot;&quot;,&quot;camera&quot;:&quot;&quot;,&quot;caption&quot;:&quot;&quot;,&quot;created_timestamp&quot;:&quot;0&quot;,&quot;copyright&quot;:&quot;&quot;,&quot;focal_length&quot;:&quot;0&quot;,&quot;iso&quot;:&quot;0&quot;,&quot;shutter_speed&quot;:&quot;0&quot;,&quot;title&quot;:&quot;&quot;,&quot;orientation&quot;:&quot;0&quot;}\" data-image-title=\"sec2022 (1)\" data-image-description=\"\" data-image-caption=\"\" data-large-file=\"https:\/\/eldiariodesanpedro.com.ar\/sitio\/wp-content\/uploads\/2022\/11\/sec2022-1.jpeg\" data-src=\"https:\/\/eldiariodesanpedro.com.ar\/sitio\/wp-content\/uploads\/2022\/11\/sec2022-1.jpeg\" alt=\"\" class=\"wp-image-112593 lazyload\" data-srcset=\"https:\/\/eldiariodesanpedro.com.ar\/sitio\/wp-content\/uploads\/2022\/11\/sec2022-1.jpeg 945w, https:\/\/eldiariodesanpedro.com.ar\/sitio\/wp-content\/uploads\/2022\/11\/sec2022-1-300x200.jpeg 300w, https:\/\/eldiariodesanpedro.com.ar\/sitio\/wp-content\/uploads\/2022\/11\/sec2022-1-768x512.jpeg 768w\" data-sizes=\"(max-width: 945px) 100vw, 945px\" src=\"data:image\/svg+xml;base64,PHN2ZyB3aWR0aD0iMSIgaGVpZ2h0PSIxIiB4bWxucz0iaHR0cDovL3d3dy53My5vcmcvMjAwMC9zdmciPjwvc3ZnPg==\" style=\"--smush-placeholder-width: 945px; --smush-placeholder-aspect-ratio: 945\/630;\" \/><\/figure>\n","protected":false},"excerpt":{"rendered":"<p>Las y los trabajadoras\/es mercantiles de San Pedro compartieron este viernes 11 de noviembre, la esperada cena para celebrar el D\u00eda del Empleado de Comercio y una gran fiesta dentro de los 86 a\u00f1os que cumple el SEC en nuestra ciudad. En el sal\u00f3n de fiestas de Cocina Abierta 505 se reuni\u00f3 buena parte de [&hellip;]<\/p>\n","protected":false},"author":4,"featured_media":112594,"comment_status":"closed","ping_status":"closed","sticky":false,"template":"","format":"standard","meta":{"om_disable_all_campaigns":false,"_jetpack_memberships_contains_paid_content":false,"footnotes":""},"categories":[101,2],"tags":[197,696,33,19],"class_list":["post-112592","post","type-post","status-publish","format-standard","has-post-thumbnail","hentry","category-interes-general-locales","category-locales","tag-buenos-aires","tag-interes-general","tag-locales","tag-san-pedro"],"aioseo_notices":[],"gutentor_comment":0,"jetpack_featured_media_url":"https:\/\/eldiariodesanpedro.com.ar\/sitio\/wp-content\/uploads\/2022\/11\/sec2022-2.jpeg","jetpack_shortlink":"https:\/\/wp.me\/p6RhLt-ti0","jetpack_sharing_enabled":true,"_links":{"self":[{"href":"https:\/\/eldiariodesanpedro.com.ar\/sitio\/wp-json\/wp\/v2\/posts\/112592","targetHints":{"allow":["GET"]}}],"collection":[{"href":"https:\/\/eldiariodesanpedro.com.ar\/sitio\/wp-json\/wp\/v2\/posts"}],"about":[{"href":"https:\/\/eldiariodesanpedro.com.ar\/sitio\/wp-json\/wp\/v2\/types\/post"}],"author":[{"embeddable":true,"href":"https:\/\/eldiariodesanpedro.com.ar\/sitio\/wp-json\/wp\/v2\/users\/4"}],"replies":[{"embeddable":true,"href":"https:\/\/eldiariodesanpedro.com.ar\/sitio\/wp-json\/wp\/v2\/comments?post=112592"}],"version-history":[{"count":1,"href":"https:\/\/eldiariodesanpedro.com.ar\/sitio\/wp-json\/wp\/v2\/posts\/112592\/revisions"}],"predecessor-version":[{"id":112597,"href":"https:\/\/eldiariodesanpedro.com.ar\/sitio\/wp-json\/wp\/v2\/posts\/112592\/revisions\/112597"}],"wp:featuredmedia":[{"embeddable":true,"href":"https:\/\/eldiariodesanpedro.com.ar\/sitio\/wp-json\/wp\/v2\/media\/112594"}],"wp:attachment":[{"href":"https:\/\/eldiariodesanpedro.com.ar\/sitio\/wp-json\/wp\/v2\/media?parent=112592"}],"wp:term":[{"taxonomy":"category","embeddable":true,"href":"https:\/\/eldiariodesanpedro.com.ar\/sitio\/wp-json\/wp\/v2\/categories?post=112592"},{"taxonomy":"post_tag","embeddable":true,"href":"https:\/\/eldiariodesanpedro.com.ar\/sitio\/wp-json\/wp\/v2\/tags?post=112592"}],"curies":[{"name":"wp","href":"https:\/\/api.w.org\/{rel}","templated":true}]}}