{"id":112589,"date":"2022-11-15T14:15:40","date_gmt":"2022-11-15T17:15:40","guid":{"rendered":"https:\/\/eldiariodesanpedro.com.ar\/sitio\/?p=112589"},"modified":"2022-11-15T14:15:42","modified_gmt":"2022-11-15T17:15:42","slug":"hoy-inicio-el-pago-del-refuerzo-alimentario","status":"publish","type":"post","link":"https:\/\/eldiariodesanpedro.com.ar\/sitio\/hoy-inicio-el-pago-del-refuerzo-alimentario\/","title":{"rendered":"Hoy inici\u00f3 el pago del refuerzo alimentario"},"content":{"rendered":"<!-- VideographyWP Plugin Message: Automatic video embedding prevented by plugin options. -->\n\n<p>ANSES informa que hoy se inici\u00f3 el pago del&nbsp;<em>Refuerzo Alimentario para adultos sin ingresos<\/em>&nbsp;cuyas solicitudes fueron aprobadas hasta el 7 de noviembre inclusive. En ese sentido, seg\u00fan el cronograma previsto, hoy tienen depositada la primera cuota de 22.500 pesos en la cuenta bancaria informada los titulares con n\u00famero de documento finalizado en 0.<\/p>\n\n\n\n<p>Cabe destacar que la inscripci\u00f3n&nbsp;<strong>continuar\u00e1 abierta durante todo noviembre<\/strong>&nbsp;(de forma presencial y sin turno en las oficinas de ANSES, por la web o en los operativos m\u00f3viles) para quienes a\u00fan no hayan realizado la solicitud. En estos casos, quienes cumplan los requisitos, percibir\u00e1n las dos cuotas juntas en un solo pago de 45.000 pesos con el calendario de diciembre.<\/p>\n\n\n\n<p>El cronograma de pago en esta primera etapa alcanza a&nbsp;<strong>1.020.000 personas que hoy empezaron a percibir el Refuerzo Alimentario<\/strong>&nbsp;y contin\u00faa en los pr\u00f3ximos d\u00edas, de la siguiente manera:<\/p>\n\n\n\n<p> DNI terminado en 1: 15 de noviembre<br>DNI terminado en 2: 16 de noviembre<br>DNI terminado en 3: 17 de noviembre<br>DNI terminado en 4: 18 de noviembre<br>DNI terminado en 5: 22 de noviembre<br>DNI terminado en 6: 23 de noviembre<br>DNI terminado en 7: 24 de noviembre<br>DNI terminado en 8: 25 de noviembre<br>DNI terminado en 9: 28 de noviembre<\/p>\n\n\n\n<p><strong>Requisitos para acceder<\/strong><\/p>\n\n\n\n<p>\u00b7&nbsp;&nbsp;&nbsp;&nbsp;&nbsp;&nbsp;&nbsp;&nbsp;Tener entre 18 y 64 a\u00f1os.<\/p>\n\n\n\n<p>\u00b7&nbsp;&nbsp;&nbsp;&nbsp;&nbsp;&nbsp;&nbsp;&nbsp;No poseer trabajo registrado ni ingresos de ning\u00fan tipo (en relaci\u00f3n de dependencia, aut\u00f3nomos, de casas particulares, monotributistas o monotributistas sociales).<\/p>\n\n\n\n<p>\u00b7&nbsp;&nbsp;&nbsp;&nbsp;&nbsp;&nbsp;&nbsp;&nbsp;No ser titular de ninguna prestaci\u00f3n (jubilaci\u00f3n, pensi\u00f3n, Asignaci\u00f3n Universal por Hijo, Asignaci\u00f3n por Embarazo, Asignaciones Familiares, Progresar, Desempleo, Potenciar Trabajo, entre otra).<\/p>\n\n\n\n<p>\u00b7&nbsp;&nbsp;&nbsp;&nbsp;&nbsp;&nbsp;&nbsp;&nbsp;No contar con Obra Social o Prepaga.<\/p>\n\n\n\n<p>\u00b7&nbsp;&nbsp;&nbsp;&nbsp;&nbsp;&nbsp;&nbsp;&nbsp;No ser titular de programas sociales (tanto nacionales como provinciales o municipales) o quienes tengan hijas e hijos que perciban la Asignaci\u00f3n Universal por Hija e Hijo o Salario Familiar.<\/p>\n\n\n\n<p>Para m\u00e1s informaci\u00f3n, ingresar&nbsp;<a href=\"https:\/\/www.anses.gob.ar\/refuerzo-alimentario-para-adultos-sin-ingresos\" target=\"_blank\" rel=\"noreferrer noopener\">aqu\u00ed<\/a>.<\/p>\n","protected":false},"excerpt":{"rendered":"<p>ANSES informa que hoy se inici\u00f3 el pago del&nbsp;Refuerzo Alimentario para adultos sin ingresos&nbsp;cuyas solicitudes fueron aprobadas hasta el 7 de noviembre inclusive. En ese sentido, seg\u00fan el cronograma previsto, hoy tienen depositada la primera cuota de 22.500 pesos en la cuenta bancaria informada los titulares con n\u00famero de documento finalizado en 0. Cabe destacar [&hellip;]<\/p>\n","protected":false},"author":4,"featured_media":97782,"comment_status":"closed","ping_status":"closed","sticky":false,"template":"","format":"standard","meta":{"om_disable_all_campaigns":false,"_jetpack_memberships_contains_paid_content":false,"footnotes":""},"categories":[101,2],"tags":[197,696,33,19],"class_list":["post-112589","post","type-post","status-publish","format-standard","has-post-thumbnail","hentry","category-interes-general-locales","category-locales","tag-buenos-aires","tag-interes-general","tag-locales","tag-san-pedro"],"aioseo_notices":[],"gutentor_comment":0,"jetpack_featured_media_url":"https:\/\/eldiariodesanpedro.com.ar\/sitio\/wp-content\/uploads\/2021\/08\/anses-nuevo-640x480-1.png","jetpack_shortlink":"https:\/\/wp.me\/p6RhLt-thX","jetpack_sharing_enabled":true,"_links":{"self":[{"href":"https:\/\/eldiariodesanpedro.com.ar\/sitio\/wp-json\/wp\/v2\/posts\/112589","targetHints":{"allow":["GET"]}}],"collection":[{"href":"https:\/\/eldiariodesanpedro.com.ar\/sitio\/wp-json\/wp\/v2\/posts"}],"about":[{"href":"https:\/\/eldiariodesanpedro.com.ar\/sitio\/wp-json\/wp\/v2\/types\/post"}],"author":[{"embeddable":true,"href":"https:\/\/eldiariodesanpedro.com.ar\/sitio\/wp-json\/wp\/v2\/users\/4"}],"replies":[{"embeddable":true,"href":"https:\/\/eldiariodesanpedro.com.ar\/sitio\/wp-json\/wp\/v2\/comments?post=112589"}],"version-history":[{"count":1,"href":"https:\/\/eldiariodesanpedro.com.ar\/sitio\/wp-json\/wp\/v2\/posts\/112589\/revisions"}],"predecessor-version":[{"id":112590,"href":"https:\/\/eldiariodesanpedro.com.ar\/sitio\/wp-json\/wp\/v2\/posts\/112589\/revisions\/112590"}],"wp:featuredmedia":[{"embeddable":true,"href":"https:\/\/eldiariodesanpedro.com.ar\/sitio\/wp-json\/wp\/v2\/media\/97782"}],"wp:attachment":[{"href":"https:\/\/eldiariodesanpedro.com.ar\/sitio\/wp-json\/wp\/v2\/media?parent=112589"}],"wp:term":[{"taxonomy":"category","embeddable":true,"href":"https:\/\/eldiariodesanpedro.com.ar\/sitio\/wp-json\/wp\/v2\/categories?post=112589"},{"taxonomy":"post_tag","embeddable":true,"href":"https:\/\/eldiariodesanpedro.com.ar\/sitio\/wp-json\/wp\/v2\/tags?post=112589"}],"curies":[{"name":"wp","href":"https:\/\/api.w.org\/{rel}","templated":true}]}}