{"id":112585,"date":"2022-11-15T14:07:47","date_gmt":"2022-11-15T17:07:47","guid":{"rendered":"https:\/\/eldiariodesanpedro.com.ar\/sitio\/?p=112585"},"modified":"2022-11-15T14:07:48","modified_gmt":"2022-11-15T17:07:48","slug":"charla-sobre-cine-con-el-periodista-sampedrino-guillermo-hernandez","status":"publish","type":"post","link":"https:\/\/eldiariodesanpedro.com.ar\/sitio\/charla-sobre-cine-con-el-periodista-sampedrino-guillermo-hernandez\/","title":{"rendered":"<strong>Charla sobre cine con el periodista sampedrino Guillermo Hern\u00e1ndez<\/strong>"},"content":{"rendered":"<!-- VideographyWP Plugin Message: Automatic video embedding prevented by plugin options. -->\n\n<p>El Centro de&nbsp;Comercio, Industria&nbsp;y Turismo comparte con la comunidad una nueva propuesta cultural, en este caso con una charla en el Sal\u00f3n de los Espejos coordinada por el periodista sampedrino, Guillermo Hern\u00e1ndez, especializado en cine y con una destacada trayectoria.<\/p>\n\n\n\n<p>\u00abEl cine es posible\u00bb es el nombre de una charla que apunta a desarrollar la idea de que \u00abhoy cualquiera puede hacer cine\u00bb y que profundizar\u00e1 detalles sobre c\u00f3mo hacer un film.<\/p>\n\n\n\n<p>Qu\u00e9 debe tener una pel\u00edcula para que funcione con el p\u00fablico y c\u00f3mo evitar pensar en un cine de cabotaje y apuntar al mundo, tambi\u00e9n ser\u00e1n ejes de este encuentro.<\/p>\n\n\n\n<p>La charla ser\u00e1 este viernes 18 de noviembre de 19 a 21 horas y los interesados deben ingresar al siguiente link,&nbsp;&nbsp;(<a href=\"https:\/\/bit.ly\/tallerGuillermoHernandez\" target=\"_blank\" rel=\"noreferrer noopener\">https:\/\/bit.ly\/tallerGuillermoHernandez<\/a>&nbsp;) que tambi\u00e9n se encuentra disponible en las redes&nbsp;y p\u00e1ginas web&nbsp;oficiales de la instituci\u00f3n.<\/p>\n\n\n\n<figure class=\"wp-block-image size-full\"><img decoding=\"async\" width=\"630\" height=\"630\" data-attachment-id=\"112586\" data-permalink=\"https:\/\/eldiariodesanpedro.com.ar\/sitio\/charla-sobre-cine-con-el-periodista-sampedrino-guillermo-hernandez\/cine-2\/\" data-orig-file=\"https:\/\/eldiariodesanpedro.com.ar\/sitio\/wp-content\/uploads\/2022\/11\/cine.jpeg\" data-orig-size=\"630,630\" data-comments-opened=\"0\" data-image-meta=\"{&quot;aperture&quot;:&quot;0&quot;,&quot;credit&quot;:&quot;&quot;,&quot;camera&quot;:&quot;&quot;,&quot;caption&quot;:&quot;&quot;,&quot;created_timestamp&quot;:&quot;0&quot;,&quot;copyright&quot;:&quot;&quot;,&quot;focal_length&quot;:&quot;0&quot;,&quot;iso&quot;:&quot;0&quot;,&quot;shutter_speed&quot;:&quot;0&quot;,&quot;title&quot;:&quot;&quot;,&quot;orientation&quot;:&quot;0&quot;}\" data-image-title=\"cine\" data-image-description=\"\" data-image-caption=\"\" data-large-file=\"https:\/\/eldiariodesanpedro.com.ar\/sitio\/wp-content\/uploads\/2022\/11\/cine.jpeg\" data-src=\"https:\/\/eldiariodesanpedro.com.ar\/sitio\/wp-content\/uploads\/2022\/11\/cine.jpeg\" alt=\"\" class=\"wp-image-112586 lazyload\" data-srcset=\"https:\/\/eldiariodesanpedro.com.ar\/sitio\/wp-content\/uploads\/2022\/11\/cine.jpeg 630w, https:\/\/eldiariodesanpedro.com.ar\/sitio\/wp-content\/uploads\/2022\/11\/cine-300x300.jpeg 300w, https:\/\/eldiariodesanpedro.com.ar\/sitio\/wp-content\/uploads\/2022\/11\/cine-150x150.jpeg 150w\" data-sizes=\"(max-width: 630px) 100vw, 630px\" src=\"data:image\/svg+xml;base64,PHN2ZyB3aWR0aD0iMSIgaGVpZ2h0PSIxIiB4bWxucz0iaHR0cDovL3d3dy53My5vcmcvMjAwMC9zdmciPjwvc3ZnPg==\" style=\"--smush-placeholder-width: 630px; --smush-placeholder-aspect-ratio: 630\/630;\" \/><\/figure>\n","protected":false},"excerpt":{"rendered":"<p>El Centro de&nbsp;Comercio, Industria&nbsp;y Turismo comparte con la comunidad una nueva propuesta cultural, en este caso con una charla en el Sal\u00f3n de los Espejos coordinada por el periodista sampedrino, Guillermo Hern\u00e1ndez, especializado en cine y con una destacada trayectoria. \u00abEl cine es posible\u00bb es el nombre de una charla que apunta a desarrollar la [&hellip;]<\/p>\n","protected":false},"author":4,"featured_media":112587,"comment_status":"closed","ping_status":"closed","sticky":false,"template":"","format":"standard","meta":{"om_disable_all_campaigns":false,"_jetpack_memberships_contains_paid_content":false,"footnotes":""},"categories":[101,2],"tags":[197,696,33,19],"class_list":["post-112585","post","type-post","status-publish","format-standard","has-post-thumbnail","hentry","category-interes-general-locales","category-locales","tag-buenos-aires","tag-interes-general","tag-locales","tag-san-pedro"],"aioseo_notices":[],"gutentor_comment":0,"jetpack_featured_media_url":"https:\/\/eldiariodesanpedro.com.ar\/sitio\/wp-content\/uploads\/2022\/11\/ccit89-12.jpeg","jetpack_shortlink":"https:\/\/wp.me\/p6RhLt-thT","jetpack_sharing_enabled":true,"_links":{"self":[{"href":"https:\/\/eldiariodesanpedro.com.ar\/sitio\/wp-json\/wp\/v2\/posts\/112585","targetHints":{"allow":["GET"]}}],"collection":[{"href":"https:\/\/eldiariodesanpedro.com.ar\/sitio\/wp-json\/wp\/v2\/posts"}],"about":[{"href":"https:\/\/eldiariodesanpedro.com.ar\/sitio\/wp-json\/wp\/v2\/types\/post"}],"author":[{"embeddable":true,"href":"https:\/\/eldiariodesanpedro.com.ar\/sitio\/wp-json\/wp\/v2\/users\/4"}],"replies":[{"embeddable":true,"href":"https:\/\/eldiariodesanpedro.com.ar\/sitio\/wp-json\/wp\/v2\/comments?post=112585"}],"version-history":[{"count":1,"href":"https:\/\/eldiariodesanpedro.com.ar\/sitio\/wp-json\/wp\/v2\/posts\/112585\/revisions"}],"predecessor-version":[{"id":112588,"href":"https:\/\/eldiariodesanpedro.com.ar\/sitio\/wp-json\/wp\/v2\/posts\/112585\/revisions\/112588"}],"wp:featuredmedia":[{"embeddable":true,"href":"https:\/\/eldiariodesanpedro.com.ar\/sitio\/wp-json\/wp\/v2\/media\/112587"}],"wp:attachment":[{"href":"https:\/\/eldiariodesanpedro.com.ar\/sitio\/wp-json\/wp\/v2\/media?parent=112585"}],"wp:term":[{"taxonomy":"category","embeddable":true,"href":"https:\/\/eldiariodesanpedro.com.ar\/sitio\/wp-json\/wp\/v2\/categories?post=112585"},{"taxonomy":"post_tag","embeddable":true,"href":"https:\/\/eldiariodesanpedro.com.ar\/sitio\/wp-json\/wp\/v2\/tags?post=112585"}],"curies":[{"name":"wp","href":"https:\/\/api.w.org\/{rel}","templated":true}]}}