{"id":112581,"date":"2022-11-15T13:51:36","date_gmt":"2022-11-15T16:51:36","guid":{"rendered":"https:\/\/eldiariodesanpedro.com.ar\/sitio\/?p=112581"},"modified":"2022-11-15T13:51:37","modified_gmt":"2022-11-15T16:51:37","slug":"visitas-guiadas-gratuitas-en-el-casco-historico-y-vuelta-de-obligado","status":"publish","type":"post","link":"https:\/\/eldiariodesanpedro.com.ar\/sitio\/visitas-guiadas-gratuitas-en-el-casco-historico-y-vuelta-de-obligado\/","title":{"rendered":"Visitas Guiadas gratuitas en el Casco Hist\u00f3rico y Vuelta de Obligado"},"content":{"rendered":"<!-- VideographyWP Plugin Message: Automatic video embedding prevented by plugin options. -->\n\n<p>La Secretar\u00eda de Turismo y Cultura de la Municipalidad de San Pedro informa que este fin de semana, en el marco del D\u00eda de la Soberan\u00eda Nacional, se sumar\u00e1 a las visitas guiadas por el casco hist\u00f3rico que se realizan los domingos a las 11 de la ma\u00f1ana, un recorrido por el sitio hist\u00f3rico de la batalla de Vuelta de Obligado el s\u00e1bado 19 de noviembre y lunes 21 de noviembre a las 10 hs.<\/p>\n\n\n\n<p>La actividad en la localidad se realizar\u00e1 desde el Museo ubicado en la reserva de Vuelta de Obligado y el recorrido por el casco hist\u00f3rico comenzar\u00e1 desde la Casona de Turismo ubicada en Mitre y Liniers.<\/p>\n\n\n\n<p>Para anotarse pueden dirigirse a la Secretar\u00eda de Turismo y Cultura, a trav\u00e9s de sus redes sociales o comunicarse con el (03329) 42-2050.<\/p>\n\n\n\n<figure class=\"wp-block-image size-full\"><img decoding=\"async\" width=\"504\" height=\"630\" data-attachment-id=\"112582\" data-permalink=\"https:\/\/eldiariodesanpedro.com.ar\/sitio\/visitas-guiadas-gratuitas-en-el-casco-historico-y-vuelta-de-obligado\/whatsapp-image-2022-11-15-at-09-51-43\/\" data-orig-file=\"https:\/\/eldiariodesanpedro.com.ar\/sitio\/wp-content\/uploads\/2022\/11\/WhatsApp-Image-2022-11-15-at-09.51.43.jpeg\" data-orig-size=\"504,630\" data-comments-opened=\"0\" data-image-meta=\"{&quot;aperture&quot;:&quot;0&quot;,&quot;credit&quot;:&quot;&quot;,&quot;camera&quot;:&quot;&quot;,&quot;caption&quot;:&quot;&quot;,&quot;created_timestamp&quot;:&quot;0&quot;,&quot;copyright&quot;:&quot;&quot;,&quot;focal_length&quot;:&quot;0&quot;,&quot;iso&quot;:&quot;0&quot;,&quot;shutter_speed&quot;:&quot;0&quot;,&quot;title&quot;:&quot;&quot;,&quot;orientation&quot;:&quot;0&quot;}\" data-image-title=\"WhatsApp Image 2022-11-15 at 09.51.43\" data-image-description=\"\" data-image-caption=\"\" data-large-file=\"https:\/\/eldiariodesanpedro.com.ar\/sitio\/wp-content\/uploads\/2022\/11\/WhatsApp-Image-2022-11-15-at-09.51.43.jpeg\" data-src=\"https:\/\/eldiariodesanpedro.com.ar\/sitio\/wp-content\/uploads\/2022\/11\/WhatsApp-Image-2022-11-15-at-09.51.43.jpeg\" alt=\"\" class=\"wp-image-112582 lazyload\" data-srcset=\"https:\/\/eldiariodesanpedro.com.ar\/sitio\/wp-content\/uploads\/2022\/11\/WhatsApp-Image-2022-11-15-at-09.51.43.jpeg 504w, https:\/\/eldiariodesanpedro.com.ar\/sitio\/wp-content\/uploads\/2022\/11\/WhatsApp-Image-2022-11-15-at-09.51.43-240x300.jpeg 240w\" data-sizes=\"(max-width: 504px) 100vw, 504px\" src=\"data:image\/svg+xml;base64,PHN2ZyB3aWR0aD0iMSIgaGVpZ2h0PSIxIiB4bWxucz0iaHR0cDovL3d3dy53My5vcmcvMjAwMC9zdmciPjwvc3ZnPg==\" style=\"--smush-placeholder-width: 504px; --smush-placeholder-aspect-ratio: 504\/630;\" \/><\/figure>\n","protected":false},"excerpt":{"rendered":"<p>La Secretar\u00eda de Turismo y Cultura de la Municipalidad de San Pedro informa que este fin de semana, en el marco del D\u00eda de la Soberan\u00eda Nacional, se sumar\u00e1 a las visitas guiadas por el casco hist\u00f3rico que se realizan los domingos a las 11 de la ma\u00f1ana, un recorrido por el sitio hist\u00f3rico de [&hellip;]<\/p>\n","protected":false},"author":4,"featured_media":112583,"comment_status":"closed","ping_status":"closed","sticky":false,"template":"","format":"standard","meta":{"om_disable_all_campaigns":false,"_jetpack_memberships_contains_paid_content":false,"footnotes":""},"categories":[50,101,2],"tags":[197,696,33,19],"class_list":["post-112581","post","type-post","status-publish","format-standard","has-post-thumbnail","hentry","category-destacadas","category-interes-general-locales","category-locales","tag-buenos-aires","tag-interes-general","tag-locales","tag-san-pedro"],"aioseo_notices":[],"gutentor_comment":0,"jetpack_featured_media_url":"https:\/\/eldiariodesanpedro.com.ar\/sitio\/wp-content\/uploads\/2022\/11\/aniversario_vuelta_de_obligado_1.jpg_120676419.jpg","jetpack_shortlink":"https:\/\/wp.me\/p6RhLt-thP","jetpack_sharing_enabled":true,"_links":{"self":[{"href":"https:\/\/eldiariodesanpedro.com.ar\/sitio\/wp-json\/wp\/v2\/posts\/112581","targetHints":{"allow":["GET"]}}],"collection":[{"href":"https:\/\/eldiariodesanpedro.com.ar\/sitio\/wp-json\/wp\/v2\/posts"}],"about":[{"href":"https:\/\/eldiariodesanpedro.com.ar\/sitio\/wp-json\/wp\/v2\/types\/post"}],"author":[{"embeddable":true,"href":"https:\/\/eldiariodesanpedro.com.ar\/sitio\/wp-json\/wp\/v2\/users\/4"}],"replies":[{"embeddable":true,"href":"https:\/\/eldiariodesanpedro.com.ar\/sitio\/wp-json\/wp\/v2\/comments?post=112581"}],"version-history":[{"count":1,"href":"https:\/\/eldiariodesanpedro.com.ar\/sitio\/wp-json\/wp\/v2\/posts\/112581\/revisions"}],"predecessor-version":[{"id":112584,"href":"https:\/\/eldiariodesanpedro.com.ar\/sitio\/wp-json\/wp\/v2\/posts\/112581\/revisions\/112584"}],"wp:featuredmedia":[{"embeddable":true,"href":"https:\/\/eldiariodesanpedro.com.ar\/sitio\/wp-json\/wp\/v2\/media\/112583"}],"wp:attachment":[{"href":"https:\/\/eldiariodesanpedro.com.ar\/sitio\/wp-json\/wp\/v2\/media?parent=112581"}],"wp:term":[{"taxonomy":"category","embeddable":true,"href":"https:\/\/eldiariodesanpedro.com.ar\/sitio\/wp-json\/wp\/v2\/categories?post=112581"},{"taxonomy":"post_tag","embeddable":true,"href":"https:\/\/eldiariodesanpedro.com.ar\/sitio\/wp-json\/wp\/v2\/tags?post=112581"}],"curies":[{"name":"wp","href":"https:\/\/api.w.org\/{rel}","templated":true}]}}