{"id":112573,"date":"2022-11-14T14:51:11","date_gmt":"2022-11-14T17:51:11","guid":{"rendered":"https:\/\/eldiariodesanpedro.com.ar\/sitio\/?p=112573"},"modified":"2022-11-14T14:51:12","modified_gmt":"2022-11-14T17:51:12","slug":"lucas-pisani-gano-las-internas-de-la-union-civica-radical","status":"publish","type":"post","link":"https:\/\/eldiariodesanpedro.com.ar\/sitio\/lucas-pisani-gano-las-internas-de-la-union-civica-radical\/","title":{"rendered":"Lucas Pisani gan\u00f3 las internas de la Uni\u00f3n C\u00edvica Radical"},"content":{"rendered":"<!-- VideographyWP Plugin Message: Automatic video embedding prevented by plugin options. -->\n\n<p>El dirigente se impuso en la elecci\u00f3n desarrollada el domingo en todo el partido. Aventaj\u00f3 a la lista que encabezaron Germ\u00e1n L\u00f3pez y Norma Atrip.<\/p>\n\n\n\n<p>La escuela 6 y en cada una de las localidades se vot\u00f3 a lo largo del d\u00eda y finalmente la lista que llev\u00f3 como principal candidato al actual concejal Lucas Pisani, que estuvo acompa\u00f1ado por Patricia Sabat\u00e9, Juan Almada y Elisa Ferraro, se impuso a la otra lista que llevaba como principales candidatos a Germ\u00e1n L\u00f3pez, Norma Atrip y Guillermo Corti.<\/p>\n\n\n\n<p>La n\u00f3mina ganadora se impuso por 615 votos contra 435, es decir un 58,37 sobre 41,62 de la otra lista.<\/p>\n\n\n\n<p>En total votaron 1050 afiliados al hist\u00f3rico partido.<\/p>\n\n\n\n<p>La lista ganadora tambi\u00e9n se impuso en la juventud cuya cabeza de lista era Silvana Brambilla, que super\u00f3 a la de D\u00e9bora Mustaf\u00e1.<\/p>\n","protected":false},"excerpt":{"rendered":"<p>El dirigente se impuso en la elecci\u00f3n desarrollada el domingo en todo el partido. Aventaj\u00f3 a la lista que encabezaron Germ\u00e1n L\u00f3pez y Norma Atrip. La escuela 6 y en cada una de las localidades se vot\u00f3 a lo largo del d\u00eda y finalmente la lista que llev\u00f3 como principal candidato al actual concejal Lucas [&hellip;]<\/p>\n","protected":false},"author":4,"featured_media":112574,"comment_status":"closed","ping_status":"closed","sticky":false,"template":"","format":"standard","meta":{"om_disable_all_campaigns":false,"_jetpack_memberships_contains_paid_content":false,"footnotes":""},"categories":[50,101,2],"tags":[197,696,33,3229,19],"class_list":["post-112573","post","type-post","status-publish","format-standard","has-post-thumbnail","hentry","category-destacadas","category-interes-general-locales","category-locales","tag-buenos-aires","tag-interes-general","tag-locales","tag-lucas-pisani-gano-las-internas-de-la-union-civica-radical","tag-san-pedro"],"aioseo_notices":[],"gutentor_comment":0,"jetpack_featured_media_url":"https:\/\/eldiariodesanpedro.com.ar\/sitio\/wp-content\/uploads\/2022\/11\/medida-10.png","jetpack_shortlink":"https:\/\/wp.me\/p6RhLt-thH","jetpack_sharing_enabled":true,"_links":{"self":[{"href":"https:\/\/eldiariodesanpedro.com.ar\/sitio\/wp-json\/wp\/v2\/posts\/112573","targetHints":{"allow":["GET"]}}],"collection":[{"href":"https:\/\/eldiariodesanpedro.com.ar\/sitio\/wp-json\/wp\/v2\/posts"}],"about":[{"href":"https:\/\/eldiariodesanpedro.com.ar\/sitio\/wp-json\/wp\/v2\/types\/post"}],"author":[{"embeddable":true,"href":"https:\/\/eldiariodesanpedro.com.ar\/sitio\/wp-json\/wp\/v2\/users\/4"}],"replies":[{"embeddable":true,"href":"https:\/\/eldiariodesanpedro.com.ar\/sitio\/wp-json\/wp\/v2\/comments?post=112573"}],"version-history":[{"count":1,"href":"https:\/\/eldiariodesanpedro.com.ar\/sitio\/wp-json\/wp\/v2\/posts\/112573\/revisions"}],"predecessor-version":[{"id":112575,"href":"https:\/\/eldiariodesanpedro.com.ar\/sitio\/wp-json\/wp\/v2\/posts\/112573\/revisions\/112575"}],"wp:featuredmedia":[{"embeddable":true,"href":"https:\/\/eldiariodesanpedro.com.ar\/sitio\/wp-json\/wp\/v2\/media\/112574"}],"wp:attachment":[{"href":"https:\/\/eldiariodesanpedro.com.ar\/sitio\/wp-json\/wp\/v2\/media?parent=112573"}],"wp:term":[{"taxonomy":"category","embeddable":true,"href":"https:\/\/eldiariodesanpedro.com.ar\/sitio\/wp-json\/wp\/v2\/categories?post=112573"},{"taxonomy":"post_tag","embeddable":true,"href":"https:\/\/eldiariodesanpedro.com.ar\/sitio\/wp-json\/wp\/v2\/tags?post=112573"}],"curies":[{"name":"wp","href":"https:\/\/api.w.org\/{rel}","templated":true}]}}