{"id":112570,"date":"2022-11-14T14:38:32","date_gmt":"2022-11-14T17:38:32","guid":{"rendered":"https:\/\/eldiariodesanpedro.com.ar\/sitio\/?p=112570"},"modified":"2022-11-14T14:38:33","modified_gmt":"2022-11-14T17:38:33","slug":"comienza-la-mudanza-a-la-nueva-terminal-de-san-pedro","status":"publish","type":"post","link":"https:\/\/eldiariodesanpedro.com.ar\/sitio\/comienza-la-mudanza-a-la-nueva-terminal-de-san-pedro\/","title":{"rendered":"Comienza la mudanza a la nueva terminal de San Pedro"},"content":{"rendered":"<!-- VideographyWP Plugin Message: Automatic video embedding prevented by plugin options. -->\n\n<p>El flamante edificio ya est\u00e1 terminado y en condiciones de ser ocupado. Hasta el 23 de noviembre hay plazo para dejar la vieja sede de la calle Oliveira Cezar y Gomendio.<\/p>\n\n\n\n<p>En pocos d\u00edas comenzar\u00e1 a funcionar la nueva terminal de \u00f3mnibus.<\/p>\n\n\n\n<p>La idea es que a fin de mes est\u00e9 todo concretado y para eso se est\u00e1 trabajando ya que hay que trasladar oficinas y definir otros detalles importantes.<\/p>\n\n\n\n<p>El 23 de noviembre es la fecha l\u00edmite que las autoridades pusieron como plazo para que se produzca la mudanza y una vez concluido comenzar\u00e1 a funcionar.<\/p>\n\n\n\n<p>La obra est\u00e1 totalmente culminada y el edificio listo para ser ocupado. Las oficinas y diversos espacios ya est\u00e1n habilitados, lo mismo que las d\u00e1rsenas que ocupar\u00e1n los micros que arriben a la ciudad.<\/p>\n\n\n\n<p>La nueva terminal de San Pedro est\u00e1 ubicada sobre Lucio Mansilla y 11 de Septiembre, y esa ser\u00e1 la arteria que en principio se utilizar\u00e1 para el ingreso y egreso de los micros ya que tambi\u00e9n se lo podr\u00eda hacer por la calle Carlos Gardel pero por ahora no suceder\u00e1.<\/p>\n\n\n\n<p>Mientras tanto, sobre el edificio de lo que pasar\u00e1 a ser la vieja terminal ubicada en la zona c\u00e9ntrica, el propio Intendente Ram\u00f3n Salazar confirm\u00f3 que por ahora \u201cNo tenemos financiaci\u00f3n para reparar el edificio\u201d. Es muy grande la inversi\u00f3n que hay que hacer\u201d, dijo.<\/p>\n","protected":false},"excerpt":{"rendered":"<p>El flamante edificio ya est\u00e1 terminado y en condiciones de ser ocupado. Hasta el 23 de noviembre hay plazo para dejar la vieja sede de la calle Oliveira Cezar y Gomendio. En pocos d\u00edas comenzar\u00e1 a funcionar la nueva terminal de \u00f3mnibus. La idea es que a fin de mes est\u00e9 todo concretado y para [&hellip;]<\/p>\n","protected":false},"author":4,"featured_media":112571,"comment_status":"closed","ping_status":"closed","sticky":false,"template":"","format":"standard","meta":{"om_disable_all_campaigns":false,"_jetpack_memberships_contains_paid_content":false,"footnotes":""},"categories":[50,101,2],"tags":[197,696,33,19],"class_list":["post-112570","post","type-post","status-publish","format-standard","has-post-thumbnail","hentry","category-destacadas","category-interes-general-locales","category-locales","tag-buenos-aires","tag-interes-general","tag-locales","tag-san-pedro"],"aioseo_notices":[],"gutentor_comment":0,"jetpack_featured_media_url":"https:\/\/eldiariodesanpedro.com.ar\/sitio\/wp-content\/uploads\/2022\/11\/0000021397-resized-1920x1080-1.jpg","jetpack_shortlink":"https:\/\/wp.me\/p6RhLt-thE","jetpack_sharing_enabled":true,"_links":{"self":[{"href":"https:\/\/eldiariodesanpedro.com.ar\/sitio\/wp-json\/wp\/v2\/posts\/112570","targetHints":{"allow":["GET"]}}],"collection":[{"href":"https:\/\/eldiariodesanpedro.com.ar\/sitio\/wp-json\/wp\/v2\/posts"}],"about":[{"href":"https:\/\/eldiariodesanpedro.com.ar\/sitio\/wp-json\/wp\/v2\/types\/post"}],"author":[{"embeddable":true,"href":"https:\/\/eldiariodesanpedro.com.ar\/sitio\/wp-json\/wp\/v2\/users\/4"}],"replies":[{"embeddable":true,"href":"https:\/\/eldiariodesanpedro.com.ar\/sitio\/wp-json\/wp\/v2\/comments?post=112570"}],"version-history":[{"count":1,"href":"https:\/\/eldiariodesanpedro.com.ar\/sitio\/wp-json\/wp\/v2\/posts\/112570\/revisions"}],"predecessor-version":[{"id":112572,"href":"https:\/\/eldiariodesanpedro.com.ar\/sitio\/wp-json\/wp\/v2\/posts\/112570\/revisions\/112572"}],"wp:featuredmedia":[{"embeddable":true,"href":"https:\/\/eldiariodesanpedro.com.ar\/sitio\/wp-json\/wp\/v2\/media\/112571"}],"wp:attachment":[{"href":"https:\/\/eldiariodesanpedro.com.ar\/sitio\/wp-json\/wp\/v2\/media?parent=112570"}],"wp:term":[{"taxonomy":"category","embeddable":true,"href":"https:\/\/eldiariodesanpedro.com.ar\/sitio\/wp-json\/wp\/v2\/categories?post=112570"},{"taxonomy":"post_tag","embeddable":true,"href":"https:\/\/eldiariodesanpedro.com.ar\/sitio\/wp-json\/wp\/v2\/tags?post=112570"}],"curies":[{"name":"wp","href":"https:\/\/api.w.org\/{rel}","templated":true}]}}