{"id":112567,"date":"2022-11-14T14:29:03","date_gmt":"2022-11-14T17:29:03","guid":{"rendered":"https:\/\/eldiariodesanpedro.com.ar\/sitio\/?p=112567"},"modified":"2022-11-14T14:29:05","modified_gmt":"2022-11-14T17:29:05","slug":"sergio-dalma-paso-por-el-parador-el-alegre","status":"publish","type":"post","link":"https:\/\/eldiariodesanpedro.com.ar\/sitio\/sergio-dalma-paso-por-el-parador-el-alegre\/","title":{"rendered":"Sergio Dalma pas\u00f3 por el parador \u00abEl Alegre\u00bb"},"content":{"rendered":"<!-- VideographyWP Plugin Message: Automatic video embedding prevented by plugin options. -->\n\n<p>El parador de la Ruta 9 sigue recibiendo visitas de famosos. En esta oportunidad el cantautor espa\u00f1ol decidi\u00f3 para y degustar la variedad gastron\u00f3mica que ofrece el comercio.<\/p>\n\n\n\n<p>Como es de costumbre el parador \u00abEl Alegre\u00bb nos tiene acostumbrado a los buenos momentos y cuenta con plus que no todos alcanzan y es que en varias oportunidades ha recibido la visita de famosos.<\/p>\n\n\n\n<p>Futbolistas, actores y artistas, entre otros, han pasado por el lugar atra\u00eddos por la variada oferta gastron\u00f3mica que ofrece.<\/p>\n\n\n\n<p>En esta oportunidad el personal y los ocasionales clientes fueron sorprendidos con la visita del cantautor espa\u00f1ol Sergio Dalma.<\/p>\n\n\n\n<p>El reconocido artista pas\u00f3 por el comercio y no falt\u00f3 la oportunidad de saludar y fotografiarse con las personas que all\u00ed se encontraban.<\/p>\n\n\n\n<p>Dalma aprovech\u00f3 su viaje a Rosario, adonde se present\u00f3 el jueves pasado, para interrumpirlo por unos minutos y parar en R\u00edo Tala.<\/p>\n\n\n\n<p>\u00abEl Alegre\u00bb se encuentra ubicado sobre la&nbsp;Ruta 9 en el kil\u00f3metro 154 del carril Rosario- Buenos Aires.<\/p>\n\n\n\n<p>\u00abHace varios a\u00f1os que es cliente y viene ac\u00e1 exclusivamente a comer\u00bb.<\/p>\n\n\n\n<p>\ufeff\u00bb\u00c9l siempre destaca que una de las cosas que le gustan de la Argentina es venir a comer a nuestro restaurante\u00bb, asegur\u00f3 el responsable del lugar.<\/p>\n","protected":false},"excerpt":{"rendered":"<p>El parador de la Ruta 9 sigue recibiendo visitas de famosos. En esta oportunidad el cantautor espa\u00f1ol decidi\u00f3 para y degustar la variedad gastron\u00f3mica que ofrece el comercio. Como es de costumbre el parador \u00abEl Alegre\u00bb nos tiene acostumbrado a los buenos momentos y cuenta con plus que no todos alcanzan y es que en [&hellip;]<\/p>\n","protected":false},"author":4,"featured_media":112568,"comment_status":"closed","ping_status":"closed","sticky":false,"template":"","format":"standard","meta":{"om_disable_all_campaigns":false,"_jetpack_memberships_contains_paid_content":false,"footnotes":""},"categories":[101,2],"tags":[197,696,33,19,3228],"class_list":["post-112567","post","type-post","status-publish","format-standard","has-post-thumbnail","hentry","category-interes-general-locales","category-locales","tag-buenos-aires","tag-interes-general","tag-locales","tag-san-pedro","tag-sergio-dalma-paso-por-el-parador-el-alegre"],"aioseo_notices":[],"gutentor_comment":0,"jetpack_featured_media_url":"https:\/\/eldiariodesanpedro.com.ar\/sitio\/wp-content\/uploads\/2022\/11\/0000021400-resized-1920x1080-1.jpg","jetpack_shortlink":"https:\/\/wp.me\/p6RhLt-thB","jetpack_sharing_enabled":true,"_links":{"self":[{"href":"https:\/\/eldiariodesanpedro.com.ar\/sitio\/wp-json\/wp\/v2\/posts\/112567","targetHints":{"allow":["GET"]}}],"collection":[{"href":"https:\/\/eldiariodesanpedro.com.ar\/sitio\/wp-json\/wp\/v2\/posts"}],"about":[{"href":"https:\/\/eldiariodesanpedro.com.ar\/sitio\/wp-json\/wp\/v2\/types\/post"}],"author":[{"embeddable":true,"href":"https:\/\/eldiariodesanpedro.com.ar\/sitio\/wp-json\/wp\/v2\/users\/4"}],"replies":[{"embeddable":true,"href":"https:\/\/eldiariodesanpedro.com.ar\/sitio\/wp-json\/wp\/v2\/comments?post=112567"}],"version-history":[{"count":1,"href":"https:\/\/eldiariodesanpedro.com.ar\/sitio\/wp-json\/wp\/v2\/posts\/112567\/revisions"}],"predecessor-version":[{"id":112569,"href":"https:\/\/eldiariodesanpedro.com.ar\/sitio\/wp-json\/wp\/v2\/posts\/112567\/revisions\/112569"}],"wp:featuredmedia":[{"embeddable":true,"href":"https:\/\/eldiariodesanpedro.com.ar\/sitio\/wp-json\/wp\/v2\/media\/112568"}],"wp:attachment":[{"href":"https:\/\/eldiariodesanpedro.com.ar\/sitio\/wp-json\/wp\/v2\/media?parent=112567"}],"wp:term":[{"taxonomy":"category","embeddable":true,"href":"https:\/\/eldiariodesanpedro.com.ar\/sitio\/wp-json\/wp\/v2\/categories?post=112567"},{"taxonomy":"post_tag","embeddable":true,"href":"https:\/\/eldiariodesanpedro.com.ar\/sitio\/wp-json\/wp\/v2\/tags?post=112567"}],"curies":[{"name":"wp","href":"https:\/\/api.w.org\/{rel}","templated":true}]}}