{"id":112564,"date":"2022-11-14T13:26:58","date_gmt":"2022-11-14T16:26:58","guid":{"rendered":"https:\/\/eldiariodesanpedro.com.ar\/sitio\/?p=112564"},"modified":"2022-11-14T13:26:59","modified_gmt":"2022-11-14T16:26:59","slug":"los-campedrinos-estaran-en-la-57-edicion-del-festival-de-doma-y-folklore-de-jesus-maria","status":"publish","type":"post","link":"https:\/\/eldiariodesanpedro.com.ar\/sitio\/los-campedrinos-estaran-en-la-57-edicion-del-festival-de-doma-y-folklore-de-jesus-maria\/","title":{"rendered":"Los Campedrinos estar\u00e1n en la 57\u00b0 edici\u00f3n del Festival de doma y folklore de Jes\u00fas Mar\u00eda"},"content":{"rendered":"<!-- VideographyWP Plugin Message: Automatic video embedding prevented by plugin options. -->\n\n<p>El d\u00fao integrado por el sampedirno Agust\u00edn Fantili y el campanense Sergio Prada fue confirmado en las \u00faltimas horas como parte de la grilla de Jes\u00fas Mar\u00eda 2023. Compartir\u00e1n escenario con Soledad y Los Nocheros. Hay pol\u00e9mica por la inclusi\u00f3n de Rusherking y la Bresh en la edici\u00f3n del pr\u00f3ximo a\u00f1o<\/p>\n\n\n\n<p>En Jes\u00fas Mar\u00eda, las noches de color y coraje ya tienen grilla y lista de precios: la edici\u00f3n 57 del Festival Nacional de Doma y Folklore confirm\u00f3 en las \u00faltimas horas a los artistas que estar\u00e1n en escena, entre ellos el d\u00fao integrado por&nbsp;el sampedirno Agust\u00edn Fantili y el campanense Sergio Prada.<\/p>\n\n\n\n<p>Abel Pintos y Jairo encabezar\u00e1n la noche de apertura, el viernes 6 de enero. El s\u00e1bado 7, noche en que estar\u00e1n en escena Los Campedrinos, se presentar\u00e1n como n\u00fameros destacados Soledad y Los Nocheros.&nbsp;El domingo 8 ser\u00e1 el turno de Ahyre y Nahuel Pennisi, con La Konga como n\u00famero central del cuarteto. Los Tekis y Q&#8217; Lokura liderar\u00e1n el escenario el lunes 9.<\/p>\n\n\n\n<p>Sergio Galleguillo, Los Carabajal y Ulises Bueno estar\u00e1n el martes 10 y Los Manseros y el Indio Rojas lo har\u00e1n el mi\u00e9rcoles 11. El jueves 12 dir\u00e1n presente Luciano Pereyra y el D\u00fao Coplanacu y Dale Q&#8217; Va har\u00e1 bailar a todos. El viernes 13, despu\u00e9s de comer el tradicional asado en la previa, cantar\u00e1 El Chaque\u00f1o Palavecino. Antes estar\u00e1n Los 4 de C\u00f3rdoba y el Loco Amato pondr\u00e1 el cuarteto.<\/p>\n\n\n\n<p>Jorge Rojas ser\u00e1 el artista central del s\u00e1bado 14, donde pondr\u00e1n el tunga-tunga La Banda de Carlitos y Euge Quevedo. La fiesta del domingo 15 estar\u00e1 a cargo de Los Palmeras y Dami\u00e1n C\u00f3rdoba.<\/p>\n\n\n\n<p><strong>La pol\u00e9mica<\/strong><\/p>\n\n\n\n<p>En redes no dejaron pasar la inclusi\u00f3n de artistas y la fiesta Bresh en la ya tradicional \u00abnoche joven\u00bb, de Jes\u00fas Mar\u00eda, que ser\u00e1 el lunes 16 de enero. Tendr\u00e1 a dos de los artistas del momento: Emilia Mernes y Rusherking; tambi\u00e9n se presentar\u00e1 Chipote.<\/p>\n\n\n\n<p><strong>Los Campedrinos con nuevo disco<\/strong><\/p>\n\n\n\n<p>Para potenciar el gran momento que viven Los Campedrinos, la confirmaci\u00f3n de que integrar\u00e1n la grilla de artistas de Jes\u00fas Mar\u00eda lleg\u00f3 una semana despu\u00e9s del lanzamiento de \u00abLa noche perfecta\u00bb, una sesi\u00f3n de doce canciones que desde el 3 de noviembre est\u00e1 disponible en youtube<\/p>\n","protected":false},"excerpt":{"rendered":"<p>El d\u00fao integrado por el sampedirno Agust\u00edn Fantili y el campanense Sergio Prada fue confirmado en las \u00faltimas horas como parte de la grilla de Jes\u00fas Mar\u00eda 2023. Compartir\u00e1n escenario con Soledad y Los Nocheros. Hay pol\u00e9mica por la inclusi\u00f3n de Rusherking y la Bresh en la edici\u00f3n del pr\u00f3ximo a\u00f1o En Jes\u00fas Mar\u00eda, las [&hellip;]<\/p>\n","protected":false},"author":4,"featured_media":112565,"comment_status":"closed","ping_status":"closed","sticky":false,"template":"","format":"standard","meta":{"om_disable_all_campaigns":false,"_jetpack_memberships_contains_paid_content":false,"footnotes":""},"categories":[101,2],"tags":[197,696,33,19],"class_list":["post-112564","post","type-post","status-publish","format-standard","has-post-thumbnail","hentry","category-interes-general-locales","category-locales","tag-buenos-aires","tag-interes-general","tag-locales","tag-san-pedro"],"aioseo_notices":[],"gutentor_comment":0,"jetpack_featured_media_url":"https:\/\/eldiariodesanpedro.com.ar\/sitio\/wp-content\/uploads\/2022\/11\/campe.jpg","jetpack_shortlink":"https:\/\/wp.me\/p6RhLt-thy","jetpack_sharing_enabled":true,"_links":{"self":[{"href":"https:\/\/eldiariodesanpedro.com.ar\/sitio\/wp-json\/wp\/v2\/posts\/112564","targetHints":{"allow":["GET"]}}],"collection":[{"href":"https:\/\/eldiariodesanpedro.com.ar\/sitio\/wp-json\/wp\/v2\/posts"}],"about":[{"href":"https:\/\/eldiariodesanpedro.com.ar\/sitio\/wp-json\/wp\/v2\/types\/post"}],"author":[{"embeddable":true,"href":"https:\/\/eldiariodesanpedro.com.ar\/sitio\/wp-json\/wp\/v2\/users\/4"}],"replies":[{"embeddable":true,"href":"https:\/\/eldiariodesanpedro.com.ar\/sitio\/wp-json\/wp\/v2\/comments?post=112564"}],"version-history":[{"count":1,"href":"https:\/\/eldiariodesanpedro.com.ar\/sitio\/wp-json\/wp\/v2\/posts\/112564\/revisions"}],"predecessor-version":[{"id":112566,"href":"https:\/\/eldiariodesanpedro.com.ar\/sitio\/wp-json\/wp\/v2\/posts\/112564\/revisions\/112566"}],"wp:featuredmedia":[{"embeddable":true,"href":"https:\/\/eldiariodesanpedro.com.ar\/sitio\/wp-json\/wp\/v2\/media\/112565"}],"wp:attachment":[{"href":"https:\/\/eldiariodesanpedro.com.ar\/sitio\/wp-json\/wp\/v2\/media?parent=112564"}],"wp:term":[{"taxonomy":"category","embeddable":true,"href":"https:\/\/eldiariodesanpedro.com.ar\/sitio\/wp-json\/wp\/v2\/categories?post=112564"},{"taxonomy":"post_tag","embeddable":true,"href":"https:\/\/eldiariodesanpedro.com.ar\/sitio\/wp-json\/wp\/v2\/tags?post=112564"}],"curies":[{"name":"wp","href":"https:\/\/api.w.org\/{rel}","templated":true}]}}