{"id":112562,"date":"2022-11-14T13:21:26","date_gmt":"2022-11-14T16:21:26","guid":{"rendered":"https:\/\/eldiariodesanpedro.com.ar\/sitio\/?p=112562"},"modified":"2022-11-14T13:21:27","modified_gmt":"2022-11-14T16:21:27","slug":"comienza-el-pago-del-bono-de-45-mil-pesos-de-anses","status":"publish","type":"post","link":"https:\/\/eldiariodesanpedro.com.ar\/sitio\/comienza-el-pago-del-bono-de-45-mil-pesos-de-anses\/","title":{"rendered":"Comienza el pago del bono de 45 mil pesos de Anses"},"content":{"rendered":"<!-- VideographyWP Plugin Message: Automatic video embedding prevented by plugin options. -->\n\n<p>A partir de este lunes, los adultos sin ingresos que acceden al Refuerzo Alimentario de Anses comienzan a cobrar la primera parte del bono de 45 mil pesos.<\/p>\n\n\n\n<p>Desde este lunes 14 de noviembre, la\u00a0Administraci\u00f3n Nacional de la Seguridad Social\u00a0(<strong>Anses<\/strong>), anunci\u00f3 comienza su calendario de cobro del\u00a0Refuerzo\u00a0Alimentario que recibir\u00e1n adultos sin ingresos a los cuales se les aprob\u00f3 la inscripci\u00f3n. Se trata del\u00a0bono\u00a0de 45 mil pesos que se cobrar\u00e1 en dos partes y la primera de ellas ser\u00e1 durante el mes de noviembre.<\/p>\n\n\n\n<p>El Refuerzo Alimentario est\u00e1 destinado a los sectores m\u00e1s vulnerables del pa\u00eds, especialmente a aquellas personas que no pueden acceder a la Canasta B\u00e1sica Alimentaria (CBA). En ese sentido, el programa est\u00e1 dirigido a<strong>\u00a0personas de entre 18 a 64 a\u00f1os que se encuentran en condiciones de extrema vulnerabilidad, que no cuenten con ning\u00fan tipo de ingreso y no cobren ninguna prestaci\u00f3n<\/strong>, asignaci\u00f3n o programa social del Estado nacional, provincial o municipal.<\/p>\n\n\n\n<p>El pasado jueves, la\u00a0Anses lanz\u00f3 el calendario de cobro\u00a0y explic\u00f3 que\u00a0<strong>\u00abquienes hayan sido aprobados para el Refuerzo Alimentario para adultos sin ingresos hasta el 7 de noviembre inclusive cobrar\u00e1n la primera cuota de 22.500 pesos a partir del lunes 14 de noviembre, seg\u00fan terminaci\u00f3n de DNI, en la cuenta bancaria declarada en el aplicativo\u00bb<\/strong>.<\/p>\n\n\n\n<p>Asimismo, record\u00f3 que la inscripci\u00f3n a este programa permanece abierta para todas aquellas personas que no llegaron a completarla en las oficinas de Anses o a trav\u00e9s de su p\u00e1gina oficial. En estos casos, percibir\u00e1n las cuotas de noviembre y diciembre en un solo pago de 45.000 pesos, a partir del pr\u00f3ximo mes, \u00absiempre y cuando cumplan con los requisitos\u00bb.<\/p>\n\n\n\n<h2 class=\"wp-block-heading\">Refuerzo Alimentario de Anses: calendario de cobro del bono de 45 mil pesos<\/h2>\n\n\n\n<p>El Refuerzo Alimentario de Anses se cobrar\u00e1 seg\u00fan la terminaci\u00f3n del DNI a partir del pr\u00f3ximo lunes 14 de noviembre. De esta manera,&nbsp;<strong>la primera mitad del bono de 45 mil pesos se cobrar\u00e1 de acuerdo al siguiente cronograma de pagos:<\/strong><\/p>\n\n\n\n<ul class=\"wp-block-list\"><li>&nbsp;<strong>DNI terminado en 0: 14 de noviembre.<\/strong><\/li><li>&nbsp;DNI terminado en 1: 15 de noviembre.<\/li><li>&nbsp;DNI terminado en 2: 16 de noviembre.<\/li><li>&nbsp;DNI terminado en 3: 17 de noviembre.<\/li><li>&nbsp;DNI terminado en 4: 18 de noviembre.<\/li><li>&nbsp;DNI terminado en 5: 22 de noviembre.<\/li><li>&nbsp;DNI terminado en 6: 23 de noviembre.<\/li><li>&nbsp;DNI terminado en 7: 24 de noviembre.<\/li><li>&nbsp;DNI terminado en 8: 25 de noviembre.<\/li><li>&nbsp;DNI terminado en 9: 28 de noviembre.<\/li><\/ul>\n\n\n\n<p><a href=\"https:\/\/media.infocielo.com\/p\/b95b94befa961b9e0a2429c3e85b6ba6\/adjuntos\/299\/imagenes\/001\/435\/0001435670\/887x0\/smart\/anses-refuerzos-ingresosjpgwebp.png\"><\/a><\/p>\n","protected":false},"excerpt":{"rendered":"<p>A partir de este lunes, los adultos sin ingresos que acceden al Refuerzo Alimentario de Anses comienzan a cobrar la primera parte del bono de 45 mil pesos. Desde este lunes 14 de noviembre, la\u00a0Administraci\u00f3n Nacional de la Seguridad Social\u00a0(Anses), anunci\u00f3 comienza su calendario de cobro del\u00a0Refuerzo\u00a0Alimentario que recibir\u00e1n adultos sin ingresos a los cuales [&hellip;]<\/p>\n","protected":false},"author":4,"featured_media":87491,"comment_status":"closed","ping_status":"closed","sticky":false,"template":"","format":"standard","meta":{"om_disable_all_campaigns":false,"_jetpack_memberships_contains_paid_content":false,"footnotes":""},"categories":[101,2],"tags":[197,696,33,19],"class_list":["post-112562","post","type-post","status-publish","format-standard","has-post-thumbnail","hentry","category-interes-general-locales","category-locales","tag-buenos-aires","tag-interes-general","tag-locales","tag-san-pedro"],"aioseo_notices":[],"gutentor_comment":0,"jetpack_featured_media_url":"https:\/\/eldiariodesanpedro.com.ar\/sitio\/wp-content\/uploads\/2021\/02\/anses-4.jpg","jetpack_shortlink":"https:\/\/wp.me\/p6RhLt-thw","jetpack_sharing_enabled":true,"_links":{"self":[{"href":"https:\/\/eldiariodesanpedro.com.ar\/sitio\/wp-json\/wp\/v2\/posts\/112562","targetHints":{"allow":["GET"]}}],"collection":[{"href":"https:\/\/eldiariodesanpedro.com.ar\/sitio\/wp-json\/wp\/v2\/posts"}],"about":[{"href":"https:\/\/eldiariodesanpedro.com.ar\/sitio\/wp-json\/wp\/v2\/types\/post"}],"author":[{"embeddable":true,"href":"https:\/\/eldiariodesanpedro.com.ar\/sitio\/wp-json\/wp\/v2\/users\/4"}],"replies":[{"embeddable":true,"href":"https:\/\/eldiariodesanpedro.com.ar\/sitio\/wp-json\/wp\/v2\/comments?post=112562"}],"version-history":[{"count":1,"href":"https:\/\/eldiariodesanpedro.com.ar\/sitio\/wp-json\/wp\/v2\/posts\/112562\/revisions"}],"predecessor-version":[{"id":112563,"href":"https:\/\/eldiariodesanpedro.com.ar\/sitio\/wp-json\/wp\/v2\/posts\/112562\/revisions\/112563"}],"wp:featuredmedia":[{"embeddable":true,"href":"https:\/\/eldiariodesanpedro.com.ar\/sitio\/wp-json\/wp\/v2\/media\/87491"}],"wp:attachment":[{"href":"https:\/\/eldiariodesanpedro.com.ar\/sitio\/wp-json\/wp\/v2\/media?parent=112562"}],"wp:term":[{"taxonomy":"category","embeddable":true,"href":"https:\/\/eldiariodesanpedro.com.ar\/sitio\/wp-json\/wp\/v2\/categories?post=112562"},{"taxonomy":"post_tag","embeddable":true,"href":"https:\/\/eldiariodesanpedro.com.ar\/sitio\/wp-json\/wp\/v2\/tags?post=112562"}],"curies":[{"name":"wp","href":"https:\/\/api.w.org\/{rel}","templated":true}]}}