{"id":112522,"date":"2022-11-14T10:52:54","date_gmt":"2022-11-14T13:52:54","guid":{"rendered":"https:\/\/eldiariodesanpedro.com.ar\/sitio\/?p=112522"},"modified":"2022-11-14T10:52:55","modified_gmt":"2022-11-14T13:52:55","slug":"el-ministro-de-hacienda-recibio-al-intendente-para-definir-la-asistencia-financiera-con-la-que-se-formalizara-la-propuesta-de-aumento-para-los-trabajadores-municipales","status":"publish","type":"post","link":"https:\/\/eldiariodesanpedro.com.ar\/sitio\/el-ministro-de-hacienda-recibio-al-intendente-para-definir-la-asistencia-financiera-con-la-que-se-formalizara-la-propuesta-de-aumento-para-los-trabajadores-municipales\/","title":{"rendered":"El Ministro de Hacienda recibi\u00f3 al Intendente para definir la asistencia financiera con la que se formalizar\u00e1 la propuesta de aumento para los trabajadores municipales"},"content":{"rendered":"<!-- VideographyWP Plugin Message: Automatic video embedding prevented by plugin options. -->\n\n<p>El Intendente Ram\u00f3n Salazar y el Secretario de Hacienda Fabi\u00e1n Rodr\u00edguez se reunieron este jueves con Pablo L\u00f3pez, Ministro de Hacienda y Finanzas de la Provincia de Buenos Aires, para analizar las caracter\u00edsticas y modalidades posibles con las que se responder\u00e1 a la solicitud de la asistencia financiera necesaria, para presentar una nueva propuesta en la mesa de relaciones laborales con los gremios municipales.<\/p>\n\n\n\n<p>Como resultado de la audiencia mantenida con el Gobernador Kicillof, el Ministro L\u00f3pez y su equipo recibieron al Intendente y al Secretario de Hacienda que dejaron planteada la situaci\u00f3n para una resoluci\u00f3n en el plazo m\u00e1s corto posible.<\/p>\n","protected":false},"excerpt":{"rendered":"<p>El Intendente Ram\u00f3n Salazar y el Secretario de Hacienda Fabi\u00e1n Rodr\u00edguez se reunieron este jueves con Pablo L\u00f3pez, Ministro de Hacienda y Finanzas de la Provincia de Buenos Aires, para analizar las caracter\u00edsticas y modalidades posibles con las que se responder\u00e1 a la solicitud de la asistencia financiera necesaria, para presentar una nueva propuesta en [&hellip;]<\/p>\n","protected":false},"author":4,"featured_media":112523,"comment_status":"closed","ping_status":"closed","sticky":false,"template":"","format":"standard","meta":{"om_disable_all_campaigns":false,"_jetpack_memberships_contains_paid_content":false,"footnotes":""},"categories":[101,2],"tags":[197,696,33,19],"class_list":["post-112522","post","type-post","status-publish","format-standard","has-post-thumbnail","hentry","category-interes-general-locales","category-locales","tag-buenos-aires","tag-interes-general","tag-locales","tag-san-pedro"],"aioseo_notices":[],"gutentor_comment":0,"jetpack_featured_media_url":"https:\/\/eldiariodesanpedro.com.ar\/sitio\/wp-content\/uploads\/2022\/11\/WhatsApp-Image-2022-11-11-at-21.15.22.jpeg","jetpack_shortlink":"https:\/\/wp.me\/p6RhLt-tgS","jetpack_sharing_enabled":true,"_links":{"self":[{"href":"https:\/\/eldiariodesanpedro.com.ar\/sitio\/wp-json\/wp\/v2\/posts\/112522","targetHints":{"allow":["GET"]}}],"collection":[{"href":"https:\/\/eldiariodesanpedro.com.ar\/sitio\/wp-json\/wp\/v2\/posts"}],"about":[{"href":"https:\/\/eldiariodesanpedro.com.ar\/sitio\/wp-json\/wp\/v2\/types\/post"}],"author":[{"embeddable":true,"href":"https:\/\/eldiariodesanpedro.com.ar\/sitio\/wp-json\/wp\/v2\/users\/4"}],"replies":[{"embeddable":true,"href":"https:\/\/eldiariodesanpedro.com.ar\/sitio\/wp-json\/wp\/v2\/comments?post=112522"}],"version-history":[{"count":1,"href":"https:\/\/eldiariodesanpedro.com.ar\/sitio\/wp-json\/wp\/v2\/posts\/112522\/revisions"}],"predecessor-version":[{"id":112524,"href":"https:\/\/eldiariodesanpedro.com.ar\/sitio\/wp-json\/wp\/v2\/posts\/112522\/revisions\/112524"}],"wp:featuredmedia":[{"embeddable":true,"href":"https:\/\/eldiariodesanpedro.com.ar\/sitio\/wp-json\/wp\/v2\/media\/112523"}],"wp:attachment":[{"href":"https:\/\/eldiariodesanpedro.com.ar\/sitio\/wp-json\/wp\/v2\/media?parent=112522"}],"wp:term":[{"taxonomy":"category","embeddable":true,"href":"https:\/\/eldiariodesanpedro.com.ar\/sitio\/wp-json\/wp\/v2\/categories?post=112522"},{"taxonomy":"post_tag","embeddable":true,"href":"https:\/\/eldiariodesanpedro.com.ar\/sitio\/wp-json\/wp\/v2\/tags?post=112522"}],"curies":[{"name":"wp","href":"https:\/\/api.w.org\/{rel}","templated":true}]}}