{"id":112519,"date":"2022-11-14T10:43:26","date_gmt":"2022-11-14T13:43:26","guid":{"rendered":"https:\/\/eldiariodesanpedro.com.ar\/sitio\/?p=112519"},"modified":"2022-11-14T10:43:27","modified_gmt":"2022-11-14T13:43:27","slug":"comienza-un-estudio-cientifico-de-los-caballos-de-darwin","status":"publish","type":"post","link":"https:\/\/eldiariodesanpedro.com.ar\/sitio\/comienza-un-estudio-cientifico-de-los-caballos-de-darwin\/","title":{"rendered":"Comienza un estudio cient\u00edfico de los \u00abCaballos de Darwin\u00bb"},"content":{"rendered":"<!-- VideographyWP Plugin Message: Automatic video embedding prevented by plugin options. -->\n\n<p>Esta semana, un equipo conformado por bi\u00f3logos e investigadores de diferentes organismos de ciencia de nuestro pa\u00eds, comenzar\u00e1 un an\u00e1lisis formal de la acumulaci\u00f3n de restos \u00f3seos de caballos descubiertos en la localidad de Doyle, en diciembre de 2020.<\/p>\n\n\n\n<p>Esa acumulaci\u00f3n, descubierta por&nbsp;Roberto Steiven, Ricardo Pereyra&nbsp;y Bibiana Ferreyra&nbsp;en Estancia \u201cLa Paz\u201d, propiedad de la familia Carneiro Andrade, incluye cientos de piezas esquel\u00e9ticas correspondientes a varios individuos de Equus caballus (la especie de caballo actual).&nbsp;<\/p>\n\n\n\n<p>En principio, de acuerdo a las caracter\u00edsticas de la acumulaci\u00f3n y su ubicaci\u00f3n en los sedimentos de la zona, se estima que podr\u00eda tratarse de una mortandad en masa vinculada a un evento de gran sequ\u00eda, denominado&nbsp;<strong>\u201cLa Gran Seca\u201d<\/strong>, que tuvo lugar en el territorio de la provincia de Buenos Aires durante las primeras d\u00e9cadas del siglo XIX.&nbsp;<\/p>\n\n\n\n<p>En el marco del hallazgo de esta gran cantidad de materiales \u00f3seos que fueron recuperados por el equipo del&nbsp;<strong>Museo Paleontol\u00f3gico de San Pedro<\/strong>, se pretende realizar un estudio tafon\u00f3mico que consiste en analizar las modificaciones en los huesos que permitan interpretar los agentes y procesos que los afectaron desde el momento en que los animales murieron, pasando por el tiempo en que estuvieron expuestos en superficie y luego durante el enterramiento, hasta la etapa en la que fueron descubiertos y extra\u00eddos.&nbsp;<\/p>\n\n\n\n<p>La propuesta de estudio incluye, adem\u00e1s, dataciones radiocarb\u00f3nicas a fin de determinar con mayor precisi\u00f3n la edad de la acumulaci\u00f3n. Toda esta informaci\u00f3n permitir\u00e1 reconstruir las posibles historias de preservaci\u00f3n de los materiales y las condiciones de la zona en el lapso de tiempo estudiado.&nbsp;<\/p>\n\n\n\n<p>Este tipo de estudios revisten de gran importancia porque permiten realizar inferencias sobre las posibles respuestas de los grupos de mam\u00edferos modernos frente a los cambios clim\u00e1ticos y ambientales actuales y los que puedan ocurrir en un futuro pr\u00f3ximo.<\/p>\n\n\n\n<p>El estudio estar\u00e1 a cargo de investigadores y becarios de diferentes instituciones de Argentina, quienes ser\u00e1n recibidos por el&nbsp;<strong>Grupo Conservacionista de F\u00f3siles<\/strong>, equipo del Museo Paleontol\u00f3gico de San Pedro.<\/p>\n\n\n\n<p>Llegar\u00e1n a nuestra ciudad, el Dr. Rodrigo Tomassini (INGEOSUR-CONICET, Universidad Nacional del Sur), la Dra. Claudia Montalvo (Universidad Nacional de La Pampa), la Dra. M. Dolores Marin-Monfort (INGEOSUR-CONICET) y el Lic.E.Gabriel Nahuel Ruiz (INGEOSUR-CONICET)<\/p>\n","protected":false},"excerpt":{"rendered":"<p>Esta semana, un equipo conformado por bi\u00f3logos e investigadores de diferentes organismos de ciencia de nuestro pa\u00eds, comenzar\u00e1 un an\u00e1lisis formal de la acumulaci\u00f3n de restos \u00f3seos de caballos descubiertos en la localidad de Doyle, en diciembre de 2020. Esa acumulaci\u00f3n, descubierta por&nbsp;Roberto Steiven, Ricardo Pereyra&nbsp;y Bibiana Ferreyra&nbsp;en Estancia \u201cLa Paz\u201d, propiedad de la familia [&hellip;]<\/p>\n","protected":false},"author":4,"featured_media":112520,"comment_status":"closed","ping_status":"closed","sticky":false,"template":"","format":"standard","meta":{"om_disable_all_campaigns":false,"_jetpack_memberships_contains_paid_content":false,"footnotes":""},"categories":[50,101,2],"tags":[197,3221,696,33,19],"class_list":["post-112519","post","type-post","status-publish","format-standard","has-post-thumbnail","hentry","category-destacadas","category-interes-general-locales","category-locales","tag-buenos-aires","tag-comienza-un-estudio-cientifico-de-los-caballos-de-darwin","tag-interes-general","tag-locales","tag-san-pedro"],"aioseo_notices":[],"gutentor_comment":0,"jetpack_featured_media_url":"https:\/\/eldiariodesanpedro.com.ar\/sitio\/wp-content\/uploads\/2022\/11\/IMG_20201208_095916-1.jpg","jetpack_shortlink":"https:\/\/wp.me\/p6RhLt-tgP","jetpack_sharing_enabled":true,"_links":{"self":[{"href":"https:\/\/eldiariodesanpedro.com.ar\/sitio\/wp-json\/wp\/v2\/posts\/112519","targetHints":{"allow":["GET"]}}],"collection":[{"href":"https:\/\/eldiariodesanpedro.com.ar\/sitio\/wp-json\/wp\/v2\/posts"}],"about":[{"href":"https:\/\/eldiariodesanpedro.com.ar\/sitio\/wp-json\/wp\/v2\/types\/post"}],"author":[{"embeddable":true,"href":"https:\/\/eldiariodesanpedro.com.ar\/sitio\/wp-json\/wp\/v2\/users\/4"}],"replies":[{"embeddable":true,"href":"https:\/\/eldiariodesanpedro.com.ar\/sitio\/wp-json\/wp\/v2\/comments?post=112519"}],"version-history":[{"count":1,"href":"https:\/\/eldiariodesanpedro.com.ar\/sitio\/wp-json\/wp\/v2\/posts\/112519\/revisions"}],"predecessor-version":[{"id":112521,"href":"https:\/\/eldiariodesanpedro.com.ar\/sitio\/wp-json\/wp\/v2\/posts\/112519\/revisions\/112521"}],"wp:featuredmedia":[{"embeddable":true,"href":"https:\/\/eldiariodesanpedro.com.ar\/sitio\/wp-json\/wp\/v2\/media\/112520"}],"wp:attachment":[{"href":"https:\/\/eldiariodesanpedro.com.ar\/sitio\/wp-json\/wp\/v2\/media?parent=112519"}],"wp:term":[{"taxonomy":"category","embeddable":true,"href":"https:\/\/eldiariodesanpedro.com.ar\/sitio\/wp-json\/wp\/v2\/categories?post=112519"},{"taxonomy":"post_tag","embeddable":true,"href":"https:\/\/eldiariodesanpedro.com.ar\/sitio\/wp-json\/wp\/v2\/tags?post=112519"}],"curies":[{"name":"wp","href":"https:\/\/api.w.org\/{rel}","templated":true}]}}