{"id":112509,"date":"2022-11-14T10:20:45","date_gmt":"2022-11-14T13:20:45","guid":{"rendered":"https:\/\/eldiariodesanpedro.com.ar\/sitio\/?p=112509"},"modified":"2022-11-14T10:20:46","modified_gmt":"2022-11-14T13:20:46","slug":"presentacion-oficial-del-equipo-de-voley-masculino-que-viaja-a-la-copa-argentina","status":"publish","type":"post","link":"https:\/\/eldiariodesanpedro.com.ar\/sitio\/presentacion-oficial-del-equipo-de-voley-masculino-que-viaja-a-la-copa-argentina\/","title":{"rendered":"Presentaci\u00f3n oficial del equipo de v\u00f3ley masculino que viaja a la Copa Argentina"},"content":{"rendered":"<!-- VideographyWP Plugin Message: Automatic video embedding prevented by plugin options. -->\n\n<p>La subcomisi\u00f3n y el equipo de entrenadores de voleibol del Club N\u00e1utico San Pedro presentaron este viernes por la noche al equipo masculino sub 14 que viajar\u00e1 en la madrugada del lunes rumbo a Chapadmalal para participar de la Copa Argentina.<\/p>\n\n\n\n<p>Federico Bonvissuto y Valent\u00edn Mauri como entrenadores del grupo, Mat\u00edas Arregui como presidente de la Subcomisi\u00f3n y Guillermo Vel\u00e1zquez e Ignacio Franzoia como Director y Subdirector de Deportes de la instituci\u00f3n destacaron el gran esfuerzo que ha representado aceptar este desaf\u00edo para volver colocar al deporte del club en el m\u00e1ximo nivel.<\/p>\n\n\n\n<p>Bonvissuto, con a\u00f1os de experiencia como jugador y t\u00e9cnico, explic\u00f3 ante los chicos, familiares y allegados, la importancia que tiene y tendr\u00e1 para ellos afrontar este torneo y habl\u00f3 del excelente y constante nivel del v\u00f3ley del club que viene destac\u00e1ndose en los torneos zonales y concurriendo a este tipo de copas, con jugadores totalmente formados en la instituci\u00f3n.<\/p>\n\n\n\n<p>Se agradeci\u00f3 especialmente a las empresas, comercios y colaboradores que han apoyado este emprendimiento para lograr financiar un viaje de estas caracter\u00edsticas e invit\u00f3 a todos a seguir atentamente lo que ocurra durante la pr\u00f3xima semana.\u00a0<\/p>\n\n\n\n<figure class=\"wp-block-image size-large\"><img decoding=\"async\" width=\"1024\" height=\"461\" data-attachment-id=\"112512\" data-permalink=\"https:\/\/eldiariodesanpedro.com.ar\/sitio\/presentacion-oficial-del-equipo-de-voley-masculino-que-viaja-a-la-copa-argentina\/voleysub14-3\/\" data-orig-file=\"https:\/\/eldiariodesanpedro.com.ar\/sitio\/wp-content\/uploads\/2022\/11\/voleysub14-3.jpeg\" data-orig-size=\"1200,540\" data-comments-opened=\"0\" data-image-meta=\"{&quot;aperture&quot;:&quot;0&quot;,&quot;credit&quot;:&quot;&quot;,&quot;camera&quot;:&quot;&quot;,&quot;caption&quot;:&quot;&quot;,&quot;created_timestamp&quot;:&quot;0&quot;,&quot;copyright&quot;:&quot;&quot;,&quot;focal_length&quot;:&quot;0&quot;,&quot;iso&quot;:&quot;0&quot;,&quot;shutter_speed&quot;:&quot;0&quot;,&quot;title&quot;:&quot;&quot;,&quot;orientation&quot;:&quot;0&quot;}\" data-image-title=\"voleysub14 (3)\" data-image-description=\"\" data-image-caption=\"\" data-large-file=\"https:\/\/eldiariodesanpedro.com.ar\/sitio\/wp-content\/uploads\/2022\/11\/voleysub14-3-1024x461.jpeg\" data-src=\"https:\/\/eldiariodesanpedro.com.ar\/sitio\/wp-content\/uploads\/2022\/11\/voleysub14-3-1024x461.jpeg\" alt=\"\" class=\"wp-image-112512 lazyload\" data-srcset=\"https:\/\/eldiariodesanpedro.com.ar\/sitio\/wp-content\/uploads\/2022\/11\/voleysub14-3-1024x461.jpeg 1024w, https:\/\/eldiariodesanpedro.com.ar\/sitio\/wp-content\/uploads\/2022\/11\/voleysub14-3-300x135.jpeg 300w, https:\/\/eldiariodesanpedro.com.ar\/sitio\/wp-content\/uploads\/2022\/11\/voleysub14-3-768x346.jpeg 768w, https:\/\/eldiariodesanpedro.com.ar\/sitio\/wp-content\/uploads\/2022\/11\/voleysub14-3.jpeg 1200w\" data-sizes=\"(max-width: 1024px) 100vw, 1024px\" src=\"data:image\/svg+xml;base64,PHN2ZyB3aWR0aD0iMSIgaGVpZ2h0PSIxIiB4bWxucz0iaHR0cDovL3d3dy53My5vcmcvMjAwMC9zdmciPjwvc3ZnPg==\" style=\"--smush-placeholder-width: 1024px; --smush-placeholder-aspect-ratio: 1024\/461;\" \/><\/figure>\n\n\n\n<figure class=\"wp-block-image size-large\"><img decoding=\"async\" width=\"1024\" height=\"461\" data-attachment-id=\"112514\" data-permalink=\"https:\/\/eldiariodesanpedro.com.ar\/sitio\/presentacion-oficial-del-equipo-de-voley-masculino-que-viaja-a-la-copa-argentina\/voleysub14-5\/\" data-orig-file=\"https:\/\/eldiariodesanpedro.com.ar\/sitio\/wp-content\/uploads\/2022\/11\/voleysub14-5.jpeg\" data-orig-size=\"1200,540\" data-comments-opened=\"0\" data-image-meta=\"{&quot;aperture&quot;:&quot;0&quot;,&quot;credit&quot;:&quot;&quot;,&quot;camera&quot;:&quot;&quot;,&quot;caption&quot;:&quot;&quot;,&quot;created_timestamp&quot;:&quot;0&quot;,&quot;copyright&quot;:&quot;&quot;,&quot;focal_length&quot;:&quot;0&quot;,&quot;iso&quot;:&quot;0&quot;,&quot;shutter_speed&quot;:&quot;0&quot;,&quot;title&quot;:&quot;&quot;,&quot;orientation&quot;:&quot;0&quot;}\" data-image-title=\"voleysub14 (5)\" data-image-description=\"\" data-image-caption=\"\" data-large-file=\"https:\/\/eldiariodesanpedro.com.ar\/sitio\/wp-content\/uploads\/2022\/11\/voleysub14-5-1024x461.jpeg\" data-src=\"https:\/\/eldiariodesanpedro.com.ar\/sitio\/wp-content\/uploads\/2022\/11\/voleysub14-5-1024x461.jpeg\" alt=\"\" class=\"wp-image-112514 lazyload\" data-srcset=\"https:\/\/eldiariodesanpedro.com.ar\/sitio\/wp-content\/uploads\/2022\/11\/voleysub14-5-1024x461.jpeg 1024w, https:\/\/eldiariodesanpedro.com.ar\/sitio\/wp-content\/uploads\/2022\/11\/voleysub14-5-300x135.jpeg 300w, https:\/\/eldiariodesanpedro.com.ar\/sitio\/wp-content\/uploads\/2022\/11\/voleysub14-5-768x346.jpeg 768w, https:\/\/eldiariodesanpedro.com.ar\/sitio\/wp-content\/uploads\/2022\/11\/voleysub14-5.jpeg 1200w\" data-sizes=\"(max-width: 1024px) 100vw, 1024px\" src=\"data:image\/svg+xml;base64,PHN2ZyB3aWR0aD0iMSIgaGVpZ2h0PSIxIiB4bWxucz0iaHR0cDovL3d3dy53My5vcmcvMjAwMC9zdmciPjwvc3ZnPg==\" style=\"--smush-placeholder-width: 1024px; --smush-placeholder-aspect-ratio: 1024\/461;\" \/><\/figure>\n","protected":false},"excerpt":{"rendered":"<p>La subcomisi\u00f3n y el equipo de entrenadores de voleibol del Club N\u00e1utico San Pedro presentaron este viernes por la noche al equipo masculino sub 14 que viajar\u00e1 en la madrugada del lunes rumbo a Chapadmalal para participar de la Copa Argentina. Federico Bonvissuto y Valent\u00edn Mauri como entrenadores del grupo, Mat\u00edas Arregui como presidente de [&hellip;]<\/p>\n","protected":false},"author":4,"featured_media":112517,"comment_status":"closed","ping_status":"closed","sticky":false,"template":"","format":"standard","meta":{"om_disable_all_campaigns":false,"_jetpack_memberships_contains_paid_content":false,"footnotes":""},"categories":[101,2],"tags":[197,696,33,19],"class_list":["post-112509","post","type-post","status-publish","format-standard","has-post-thumbnail","hentry","category-interes-general-locales","category-locales","tag-buenos-aires","tag-interes-general","tag-locales","tag-san-pedro"],"aioseo_notices":[],"gutentor_comment":0,"jetpack_featured_media_url":"https:\/\/eldiariodesanpedro.com.ar\/sitio\/wp-content\/uploads\/2022\/11\/voleysub14-8.jpeg","jetpack_shortlink":"https:\/\/wp.me\/p6RhLt-tgF","jetpack_sharing_enabled":true,"_links":{"self":[{"href":"https:\/\/eldiariodesanpedro.com.ar\/sitio\/wp-json\/wp\/v2\/posts\/112509","targetHints":{"allow":["GET"]}}],"collection":[{"href":"https:\/\/eldiariodesanpedro.com.ar\/sitio\/wp-json\/wp\/v2\/posts"}],"about":[{"href":"https:\/\/eldiariodesanpedro.com.ar\/sitio\/wp-json\/wp\/v2\/types\/post"}],"author":[{"embeddable":true,"href":"https:\/\/eldiariodesanpedro.com.ar\/sitio\/wp-json\/wp\/v2\/users\/4"}],"replies":[{"embeddable":true,"href":"https:\/\/eldiariodesanpedro.com.ar\/sitio\/wp-json\/wp\/v2\/comments?post=112509"}],"version-history":[{"count":1,"href":"https:\/\/eldiariodesanpedro.com.ar\/sitio\/wp-json\/wp\/v2\/posts\/112509\/revisions"}],"predecessor-version":[{"id":112518,"href":"https:\/\/eldiariodesanpedro.com.ar\/sitio\/wp-json\/wp\/v2\/posts\/112509\/revisions\/112518"}],"wp:featuredmedia":[{"embeddable":true,"href":"https:\/\/eldiariodesanpedro.com.ar\/sitio\/wp-json\/wp\/v2\/media\/112517"}],"wp:attachment":[{"href":"https:\/\/eldiariodesanpedro.com.ar\/sitio\/wp-json\/wp\/v2\/media?parent=112509"}],"wp:term":[{"taxonomy":"category","embeddable":true,"href":"https:\/\/eldiariodesanpedro.com.ar\/sitio\/wp-json\/wp\/v2\/categories?post=112509"},{"taxonomy":"post_tag","embeddable":true,"href":"https:\/\/eldiariodesanpedro.com.ar\/sitio\/wp-json\/wp\/v2\/tags?post=112509"}],"curies":[{"name":"wp","href":"https:\/\/api.w.org\/{rel}","templated":true}]}}