{"id":112472,"date":"2022-11-10T17:25:21","date_gmt":"2022-11-10T20:25:21","guid":{"rendered":"https:\/\/eldiariodesanpedro.com.ar\/sitio\/?p=112472"},"modified":"2022-11-10T17:25:25","modified_gmt":"2022-11-10T20:25:25","slug":"un-aprehendido-con-antecedentes-delictivos-por-provocar-disturbios-en-la-uatre","status":"publish","type":"post","link":"https:\/\/eldiariodesanpedro.com.ar\/sitio\/un-aprehendido-con-antecedentes-delictivos-por-provocar-disturbios-en-la-uatre\/","title":{"rendered":"Un aprehendido con antecedentes delictivos por provocar disturbios en la UATRE"},"content":{"rendered":"<!-- VideographyWP Plugin Message: Automatic video embedding prevented by plugin options. -->\n\n<p>En el d\u00eda ayer, alrededor de las 19 horas el personal policial tras ser alertado por 911 sobre conflicto en v\u00eda p\u00fablica en Bottaro y Alvear, aprehende a masculino de 34 a\u00f1os, quien momentos antes provoca da\u00f1o en puerta de ingreso a oficinas de sindicato UATRE, y se le secuestra de hierro con empu\u00f1e y punta afilada.<\/p>\n\n\n\n<p>El encargado del lugar resulta ser un masculino de 64 a\u00f1os que result\u00f3 ileso.<\/p>\n\n\n\n<p>Interviene UFI 11 local, dispone notificaci\u00f3n articulo 60 C.P.P y permanezca alojado en sector de calabozos.<\/p>\n","protected":false},"excerpt":{"rendered":"<p>En el d\u00eda ayer, alrededor de las 19 horas el personal policial tras ser alertado por 911 sobre conflicto en v\u00eda p\u00fablica en Bottaro y Alvear, aprehende a masculino de 34 a\u00f1os, quien momentos antes provoca da\u00f1o en puerta de ingreso a oficinas de sindicato UATRE, y se le secuestra de hierro con empu\u00f1e y [&hellip;]<\/p>\n","protected":false},"author":4,"featured_media":112473,"comment_status":"closed","ping_status":"closed","sticky":false,"template":"","format":"standard","meta":{"om_disable_all_campaigns":false,"_jetpack_memberships_contains_paid_content":false,"footnotes":""},"categories":[2,103],"tags":[197,33,95,19,3215],"class_list":["post-112472","post","type-post","status-publish","format-standard","has-post-thumbnail","hentry","category-locales","category-policiales-locales","tag-buenos-aires","tag-locales","tag-policiales","tag-san-pedro","tag-un-aprehendido-con-antecedentes-delictivos-por-provocar-disturbios-en-la-uatre"],"aioseo_notices":[],"gutentor_comment":0,"jetpack_featured_media_url":"https:\/\/eldiariodesanpedro.com.ar\/sitio\/wp-content\/uploads\/2022\/11\/medida-8.png","jetpack_shortlink":"https:\/\/wp.me\/p6RhLt-tg4","jetpack_sharing_enabled":true,"_links":{"self":[{"href":"https:\/\/eldiariodesanpedro.com.ar\/sitio\/wp-json\/wp\/v2\/posts\/112472","targetHints":{"allow":["GET"]}}],"collection":[{"href":"https:\/\/eldiariodesanpedro.com.ar\/sitio\/wp-json\/wp\/v2\/posts"}],"about":[{"href":"https:\/\/eldiariodesanpedro.com.ar\/sitio\/wp-json\/wp\/v2\/types\/post"}],"author":[{"embeddable":true,"href":"https:\/\/eldiariodesanpedro.com.ar\/sitio\/wp-json\/wp\/v2\/users\/4"}],"replies":[{"embeddable":true,"href":"https:\/\/eldiariodesanpedro.com.ar\/sitio\/wp-json\/wp\/v2\/comments?post=112472"}],"version-history":[{"count":1,"href":"https:\/\/eldiariodesanpedro.com.ar\/sitio\/wp-json\/wp\/v2\/posts\/112472\/revisions"}],"predecessor-version":[{"id":112474,"href":"https:\/\/eldiariodesanpedro.com.ar\/sitio\/wp-json\/wp\/v2\/posts\/112472\/revisions\/112474"}],"wp:featuredmedia":[{"embeddable":true,"href":"https:\/\/eldiariodesanpedro.com.ar\/sitio\/wp-json\/wp\/v2\/media\/112473"}],"wp:attachment":[{"href":"https:\/\/eldiariodesanpedro.com.ar\/sitio\/wp-json\/wp\/v2\/media?parent=112472"}],"wp:term":[{"taxonomy":"category","embeddable":true,"href":"https:\/\/eldiariodesanpedro.com.ar\/sitio\/wp-json\/wp\/v2\/categories?post=112472"},{"taxonomy":"post_tag","embeddable":true,"href":"https:\/\/eldiariodesanpedro.com.ar\/sitio\/wp-json\/wp\/v2\/tags?post=112472"}],"curies":[{"name":"wp","href":"https:\/\/api.w.org\/{rel}","templated":true}]}}