{"id":112103,"date":"2022-11-04T18:54:45","date_gmt":"2022-11-04T21:54:45","guid":{"rendered":"https:\/\/eldiariodesanpedro.com.ar\/sitio\/?p=112103"},"modified":"2022-11-04T18:55:45","modified_gmt":"2022-11-04T21:55:45","slug":"edicto-de-sucesion-de-fusi-zulma-teresa","status":"publish","type":"post","link":"https:\/\/eldiariodesanpedro.com.ar\/sitio\/edicto-de-sucesion-de-fusi-zulma-teresa\/","title":{"rendered":"Edicto de Sucesi\u00f3n de Fusi Zulma Teresa"},"content":{"rendered":"<!-- VideographyWP Plugin Message: Automatic video embedding prevented by plugin options. -->\n\n<p>El Juzgado de Paz de San Pedro del Departamento Judicial de San Nicol\u00e1s, sito en calle Belgrano intersecci\u00f3n Lavalle de la ciudad de San Pedro, Pcia. de Buenos Aires cita y emplaza a todos los que se consideren con derecho a los bienes dejados por la causante FUSI ZULMA TERESA para que en el plazo de 30 d\u00edas contados a partir de la \u00faltima publicaci\u00f3n de Edictos \u2013 lo acrediten (arts.734 del CPCC), a fin de hacerlos valer en el proceso sucesorio caratulado: \u201c<strong>Fusi Zulma Teresa S\/ Sucesion Ab-Intestato<\/strong>\u201d Expte. SUC &#8211; 711 &#8211; 21.-&nbsp; San Pedro, 04 de noviembre de 2022<\/p>\n\n\n\n<p>FACUNDO VELL\u00d3N<br>ABOGADO SECRETARIO<\/p>\n\n\n\n<p>(Publicaci\u00f3n V\u00e1lida por los d\u00edas\u00a0 04, 05 y 06 de noviembre de 2022)<br><a href=\"https:\/\/notificaciones.scba.gov.ar\/verificarnotificacion.aspx?codNotif=DU4EQ8JW3MR9\">https:\/\/notificaciones.scba.gov.ar\/verificarnotificacion.aspx?codNotif=DU4EQ8JW3MR9<\/a><\/p>\n","protected":false},"excerpt":{"rendered":"<p>El Juzgado de Paz de San Pedro del Departamento Judicial de San Nicol\u00e1s, sito en calle Belgrano intersecci\u00f3n Lavalle de la ciudad de San Pedro, Pcia. de Buenos Aires cita y emplaza a todos los que se consideren con derecho a los bienes dejados por la causante FUSI ZULMA TERESA para que en el plazo [&hellip;]<\/p>\n","protected":false},"author":4,"featured_media":81115,"comment_status":"closed","ping_status":"closed","sticky":false,"template":"","format":"standard","meta":{"om_disable_all_campaigns":false,"_jetpack_memberships_contains_paid_content":false,"footnotes":""},"categories":[676,677],"tags":[197,1121,3167,1355,19,1122],"class_list":["post-112103","post","type-post","status-publish","format-standard","has-post-thumbnail","hentry","category-edictos","category-edictos-sucesorios","tag-buenos-aires","tag-edicto","tag-edicto-de-sucesion-de-maria-isabel-trujillos","tag-judiciales","tag-san-pedro","tag-sucesion"],"aioseo_notices":[],"gutentor_comment":0,"jetpack_featured_media_url":"https:\/\/eldiariodesanpedro.com.ar\/sitio\/wp-content\/uploads\/2020\/09\/Poder-Judicial.jpg","jetpack_shortlink":"https:\/\/wp.me\/p6RhLt-ta7","jetpack_sharing_enabled":true,"_links":{"self":[{"href":"https:\/\/eldiariodesanpedro.com.ar\/sitio\/wp-json\/wp\/v2\/posts\/112103","targetHints":{"allow":["GET"]}}],"collection":[{"href":"https:\/\/eldiariodesanpedro.com.ar\/sitio\/wp-json\/wp\/v2\/posts"}],"about":[{"href":"https:\/\/eldiariodesanpedro.com.ar\/sitio\/wp-json\/wp\/v2\/types\/post"}],"author":[{"embeddable":true,"href":"https:\/\/eldiariodesanpedro.com.ar\/sitio\/wp-json\/wp\/v2\/users\/4"}],"replies":[{"embeddable":true,"href":"https:\/\/eldiariodesanpedro.com.ar\/sitio\/wp-json\/wp\/v2\/comments?post=112103"}],"version-history":[{"count":2,"href":"https:\/\/eldiariodesanpedro.com.ar\/sitio\/wp-json\/wp\/v2\/posts\/112103\/revisions"}],"predecessor-version":[{"id":112106,"href":"https:\/\/eldiariodesanpedro.com.ar\/sitio\/wp-json\/wp\/v2\/posts\/112103\/revisions\/112106"}],"wp:featuredmedia":[{"embeddable":true,"href":"https:\/\/eldiariodesanpedro.com.ar\/sitio\/wp-json\/wp\/v2\/media\/81115"}],"wp:attachment":[{"href":"https:\/\/eldiariodesanpedro.com.ar\/sitio\/wp-json\/wp\/v2\/media?parent=112103"}],"wp:term":[{"taxonomy":"category","embeddable":true,"href":"https:\/\/eldiariodesanpedro.com.ar\/sitio\/wp-json\/wp\/v2\/categories?post=112103"},{"taxonomy":"post_tag","embeddable":true,"href":"https:\/\/eldiariodesanpedro.com.ar\/sitio\/wp-json\/wp\/v2\/tags?post=112103"}],"curies":[{"name":"wp","href":"https:\/\/api.w.org\/{rel}","templated":true}]}}