{"id":112095,"date":"2022-11-04T13:55:13","date_gmt":"2022-11-04T16:55:13","guid":{"rendered":"https:\/\/eldiariodesanpedro.com.ar\/sitio\/?p=112095"},"modified":"2022-11-04T13:55:14","modified_gmt":"2022-11-04T16:55:14","slug":"se-recuperaron-dos-pallet-de-ladrillos-huecos-en-allanamiento","status":"publish","type":"post","link":"https:\/\/eldiariodesanpedro.com.ar\/sitio\/se-recuperaron-dos-pallet-de-ladrillos-huecos-en-allanamiento\/","title":{"rendered":"Se recuperaron dos pallet de ladrillos huecos en allanamiento"},"content":{"rendered":"<!-- VideographyWP Plugin Message: Automatic video embedding prevented by plugin options. -->\n\n<p>En el d\u00eda de ayer en horas de la tarde el personal del GTO luego de recabar elementos de prueba, solicita y efect\u00faa diligencia de allanamiento, en domicilio ubicado en calle Liniers al 1000. Donde reside un masculino de 37 a\u00f1os, &nbsp;arrojando resultado \u00abPositivo\u00bb secuestr\u00e1ndose dos pallet de ladrillos huecos de 12 x 18 x 36, procedi\u00e9ndose a la aprehensi\u00f3n del imputado, interviene UFI 07.<\/p>\n\n\n\n<p>Instructor en turno dispone para&nbsp;notificaci\u00f3n del art\u00edculo 60 y la posterior libertad del aprehendido.<\/p>\n","protected":false},"excerpt":{"rendered":"<p>En el d\u00eda de ayer en horas de la tarde el personal del GTO luego de recabar elementos de prueba, solicita y efect\u00faa diligencia de allanamiento, en domicilio ubicado en calle Liniers al 1000. Donde reside un masculino de 37 a\u00f1os, &nbsp;arrojando resultado \u00abPositivo\u00bb secuestr\u00e1ndose dos pallet de ladrillos huecos de 12 x 18 x [&hellip;]<\/p>\n","protected":false},"author":4,"featured_media":112096,"comment_status":"closed","ping_status":"closed","sticky":false,"template":"","format":"standard","meta":{"om_disable_all_campaigns":false,"_jetpack_memberships_contains_paid_content":false,"footnotes":""},"categories":[2,103],"tags":[197,33,95,19,3165],"class_list":["post-112095","post","type-post","status-publish","format-standard","has-post-thumbnail","hentry","category-locales","category-policiales-locales","tag-buenos-aires","tag-locales","tag-policiales","tag-san-pedro","tag-se-recuperaron-dos-pallet-de-ladrillos-huecos-en-allanamiento"],"aioseo_notices":[],"gutentor_comment":0,"jetpack_featured_media_url":"https:\/\/eldiariodesanpedro.com.ar\/sitio\/wp-content\/uploads\/2022\/11\/medida-3.png","jetpack_shortlink":"https:\/\/wp.me\/p6RhLt-t9Z","jetpack_sharing_enabled":true,"_links":{"self":[{"href":"https:\/\/eldiariodesanpedro.com.ar\/sitio\/wp-json\/wp\/v2\/posts\/112095","targetHints":{"allow":["GET"]}}],"collection":[{"href":"https:\/\/eldiariodesanpedro.com.ar\/sitio\/wp-json\/wp\/v2\/posts"}],"about":[{"href":"https:\/\/eldiariodesanpedro.com.ar\/sitio\/wp-json\/wp\/v2\/types\/post"}],"author":[{"embeddable":true,"href":"https:\/\/eldiariodesanpedro.com.ar\/sitio\/wp-json\/wp\/v2\/users\/4"}],"replies":[{"embeddable":true,"href":"https:\/\/eldiariodesanpedro.com.ar\/sitio\/wp-json\/wp\/v2\/comments?post=112095"}],"version-history":[{"count":1,"href":"https:\/\/eldiariodesanpedro.com.ar\/sitio\/wp-json\/wp\/v2\/posts\/112095\/revisions"}],"predecessor-version":[{"id":112097,"href":"https:\/\/eldiariodesanpedro.com.ar\/sitio\/wp-json\/wp\/v2\/posts\/112095\/revisions\/112097"}],"wp:featuredmedia":[{"embeddable":true,"href":"https:\/\/eldiariodesanpedro.com.ar\/sitio\/wp-json\/wp\/v2\/media\/112096"}],"wp:attachment":[{"href":"https:\/\/eldiariodesanpedro.com.ar\/sitio\/wp-json\/wp\/v2\/media?parent=112095"}],"wp:term":[{"taxonomy":"category","embeddable":true,"href":"https:\/\/eldiariodesanpedro.com.ar\/sitio\/wp-json\/wp\/v2\/categories?post=112095"},{"taxonomy":"post_tag","embeddable":true,"href":"https:\/\/eldiariodesanpedro.com.ar\/sitio\/wp-json\/wp\/v2\/tags?post=112095"}],"curies":[{"name":"wp","href":"https:\/\/api.w.org\/{rel}","templated":true}]}}