{"id":112093,"date":"2022-11-04T13:26:39","date_gmt":"2022-11-04T16:26:39","guid":{"rendered":"https:\/\/eldiariodesanpedro.com.ar\/sitio\/?p=112093"},"modified":"2022-11-04T13:26:40","modified_gmt":"2022-11-04T16:26:40","slug":"un-ciudadano-recibio-golpes-con-una-cadena","status":"publish","type":"post","link":"https:\/\/eldiariodesanpedro.com.ar\/sitio\/un-ciudadano-recibio-golpes-con-una-cadena\/","title":{"rendered":"Un ciudadano recibi\u00f3 golpes con una cadena"},"content":{"rendered":"<!-- VideographyWP Plugin Message: Automatic video embedding prevented by plugin options. -->\n\n<p>En el d\u00eda de ayer en la dependencia local denuncio un ciudadano de 51 a\u00f1os que siendo las 10 hs en la v\u00eda publica ubicado en calle Salta y Arnaldo es agredido por otro ciudadano al cual reconoce, que manipulaba una cadena con la cual lo golpeo.<\/p>\n\n\n\n<p>Resultancias lesiones leves en brazo izquierdo.<\/p>\n","protected":false},"excerpt":{"rendered":"<p>En el d\u00eda de ayer en la dependencia local denuncio un ciudadano de 51 a\u00f1os que siendo las 10 hs en la v\u00eda publica ubicado en calle Salta y Arnaldo es agredido por otro ciudadano al cual reconoce, que manipulaba una cadena con la cual lo golpeo. Resultancias lesiones leves en brazo izquierdo.<\/p>\n","protected":false},"author":4,"featured_media":103679,"comment_status":"closed","ping_status":"closed","sticky":false,"template":"","format":"standard","meta":{"om_disable_all_campaigns":false,"_jetpack_memberships_contains_paid_content":false,"footnotes":""},"categories":[2,103],"tags":[197,33,95],"class_list":["post-112093","post","type-post","status-publish","format-standard","has-post-thumbnail","hentry","category-locales","category-policiales-locales","tag-buenos-aires","tag-locales","tag-policiales"],"aioseo_notices":[],"gutentor_comment":0,"jetpack_featured_media_url":"https:\/\/eldiariodesanpedro.com.ar\/sitio\/wp-content\/uploads\/2022\/02\/comisaria_san_pedro.jpg","jetpack_shortlink":"https:\/\/wp.me\/p6RhLt-t9X","jetpack_sharing_enabled":true,"_links":{"self":[{"href":"https:\/\/eldiariodesanpedro.com.ar\/sitio\/wp-json\/wp\/v2\/posts\/112093","targetHints":{"allow":["GET"]}}],"collection":[{"href":"https:\/\/eldiariodesanpedro.com.ar\/sitio\/wp-json\/wp\/v2\/posts"}],"about":[{"href":"https:\/\/eldiariodesanpedro.com.ar\/sitio\/wp-json\/wp\/v2\/types\/post"}],"author":[{"embeddable":true,"href":"https:\/\/eldiariodesanpedro.com.ar\/sitio\/wp-json\/wp\/v2\/users\/4"}],"replies":[{"embeddable":true,"href":"https:\/\/eldiariodesanpedro.com.ar\/sitio\/wp-json\/wp\/v2\/comments?post=112093"}],"version-history":[{"count":1,"href":"https:\/\/eldiariodesanpedro.com.ar\/sitio\/wp-json\/wp\/v2\/posts\/112093\/revisions"}],"predecessor-version":[{"id":112094,"href":"https:\/\/eldiariodesanpedro.com.ar\/sitio\/wp-json\/wp\/v2\/posts\/112093\/revisions\/112094"}],"wp:featuredmedia":[{"embeddable":true,"href":"https:\/\/eldiariodesanpedro.com.ar\/sitio\/wp-json\/wp\/v2\/media\/103679"}],"wp:attachment":[{"href":"https:\/\/eldiariodesanpedro.com.ar\/sitio\/wp-json\/wp\/v2\/media?parent=112093"}],"wp:term":[{"taxonomy":"category","embeddable":true,"href":"https:\/\/eldiariodesanpedro.com.ar\/sitio\/wp-json\/wp\/v2\/categories?post=112093"},{"taxonomy":"post_tag","embeddable":true,"href":"https:\/\/eldiariodesanpedro.com.ar\/sitio\/wp-json\/wp\/v2\/tags?post=112093"}],"curies":[{"name":"wp","href":"https:\/\/api.w.org\/{rel}","templated":true}]}}