{"id":112088,"date":"2022-11-04T12:30:52","date_gmt":"2022-11-04T15:30:52","guid":{"rendered":"https:\/\/eldiariodesanpedro.com.ar\/sitio\/?p=112088"},"modified":"2022-11-04T12:30:53","modified_gmt":"2022-11-04T15:30:53","slug":"se-recupero-una-motocicleta-con-pedido-de-secuestro-5","status":"publish","type":"post","link":"https:\/\/eldiariodesanpedro.com.ar\/sitio\/se-recupero-una-motocicleta-con-pedido-de-secuestro-5\/","title":{"rendered":"Se recuper\u00f3 una motocicleta con pedido de secuestro"},"content":{"rendered":"<!-- VideographyWP Plugin Message: Automatic video embedding prevented by plugin options. -->\n\n<p>En el d\u00eda de ayer alrededor de las 13 horas el personal policial en recorrida se hace presente en calle Lucio Mansilla y Mateo Sbert, halla en estado de abandono Motocicleta Honda New Tit\u00e1n 150 CC sin dominio, de color negra, cursada sistema arroja \u201cpedido de secuestro activo\u201d dado de alta en d\u00edas anteriores, logr\u00e1ndose determinar que fue sustra\u00edda en la localidad de Santa Lucia.<\/p>\n\n\n\n<p>Fiscal\u00eda interviniente dispuso la restituci\u00f3n a su due\u00f1o.-<\/p>\n","protected":false},"excerpt":{"rendered":"<p>En el d\u00eda de ayer alrededor de las 13 horas el personal policial en recorrida se hace presente en calle Lucio Mansilla y Mateo Sbert, halla en estado de abandono Motocicleta Honda New Tit\u00e1n 150 CC sin dominio, de color negra, cursada sistema arroja \u201cpedido de secuestro activo\u201d dado de alta en d\u00edas anteriores, logr\u00e1ndose [&hellip;]<\/p>\n","protected":false},"author":4,"featured_media":112089,"comment_status":"closed","ping_status":"closed","sticky":false,"template":"","format":"standard","meta":{"om_disable_all_campaigns":false,"_jetpack_memberships_contains_paid_content":false,"footnotes":""},"categories":[2,103],"tags":[197,696,33,19,3164],"class_list":["post-112088","post","type-post","status-publish","format-standard","has-post-thumbnail","hentry","category-locales","category-policiales-locales","tag-buenos-aires","tag-interes-general","tag-locales","tag-san-pedro","tag-se-recupero-una-motocicleta-con-pedido-de-secuestro"],"aioseo_notices":[],"gutentor_comment":0,"jetpack_featured_media_url":"https:\/\/eldiariodesanpedro.com.ar\/sitio\/wp-content\/uploads\/2022\/11\/medida-2.png","jetpack_shortlink":"https:\/\/wp.me\/p6RhLt-t9S","jetpack_sharing_enabled":true,"_links":{"self":[{"href":"https:\/\/eldiariodesanpedro.com.ar\/sitio\/wp-json\/wp\/v2\/posts\/112088","targetHints":{"allow":["GET"]}}],"collection":[{"href":"https:\/\/eldiariodesanpedro.com.ar\/sitio\/wp-json\/wp\/v2\/posts"}],"about":[{"href":"https:\/\/eldiariodesanpedro.com.ar\/sitio\/wp-json\/wp\/v2\/types\/post"}],"author":[{"embeddable":true,"href":"https:\/\/eldiariodesanpedro.com.ar\/sitio\/wp-json\/wp\/v2\/users\/4"}],"replies":[{"embeddable":true,"href":"https:\/\/eldiariodesanpedro.com.ar\/sitio\/wp-json\/wp\/v2\/comments?post=112088"}],"version-history":[{"count":1,"href":"https:\/\/eldiariodesanpedro.com.ar\/sitio\/wp-json\/wp\/v2\/posts\/112088\/revisions"}],"predecessor-version":[{"id":112090,"href":"https:\/\/eldiariodesanpedro.com.ar\/sitio\/wp-json\/wp\/v2\/posts\/112088\/revisions\/112090"}],"wp:featuredmedia":[{"embeddable":true,"href":"https:\/\/eldiariodesanpedro.com.ar\/sitio\/wp-json\/wp\/v2\/media\/112089"}],"wp:attachment":[{"href":"https:\/\/eldiariodesanpedro.com.ar\/sitio\/wp-json\/wp\/v2\/media?parent=112088"}],"wp:term":[{"taxonomy":"category","embeddable":true,"href":"https:\/\/eldiariodesanpedro.com.ar\/sitio\/wp-json\/wp\/v2\/categories?post=112088"},{"taxonomy":"post_tag","embeddable":true,"href":"https:\/\/eldiariodesanpedro.com.ar\/sitio\/wp-json\/wp\/v2\/tags?post=112088"}],"curies":[{"name":"wp","href":"https:\/\/api.w.org\/{rel}","templated":true}]}}