{"id":112086,"date":"2022-11-04T12:11:02","date_gmt":"2022-11-04T15:11:02","guid":{"rendered":"https:\/\/eldiariodesanpedro.com.ar\/sitio\/?p=112086"},"modified":"2022-11-04T12:11:03","modified_gmt":"2022-11-04T15:11:03","slug":"la-guardia-del-hospital-llevara-el-nombre-del-dr-alfonso-davoli","status":"publish","type":"post","link":"https:\/\/eldiariodesanpedro.com.ar\/sitio\/la-guardia-del-hospital-llevara-el-nombre-del-dr-alfonso-davoli\/","title":{"rendered":"La Guardia del Hospital llevar\u00e1 el nombre del Dr. Alfonso D\u00e1voli"},"content":{"rendered":"<!-- VideographyWP Plugin Message: Automatic video embedding prevented by plugin options. -->\n\n<p>La Municipalidad de San Pedro, el Honorable Concejo Deliberante, la Secretaria de Salud y la Direcci\u00f3n del Hospital Emilio Ruffa invitan al acto en el que se impondr\u00e1 el nombre del Dr. Alfonso D\u00e1voli a la guardia del nosocomio.<\/p>\n\n\n\n<p>Este homenaje propuesto por colegas y allegados al m\u00e9dico fallecido durante la Pandemia de Covid-19 y que desempe\u00f1aba en la guardia de nuestro Hospital se concretar\u00e1 el s\u00e1bado 5 de noviembre a las 11 hs.<\/p>\n","protected":false},"excerpt":{"rendered":"<p>La Municipalidad de San Pedro, el Honorable Concejo Deliberante, la Secretaria de Salud y la Direcci\u00f3n del Hospital Emilio Ruffa invitan al acto en el que se impondr\u00e1 el nombre del Dr. Alfonso D\u00e1voli a la guardia del nosocomio. Este homenaje propuesto por colegas y allegados al m\u00e9dico fallecido durante la Pandemia de Covid-19 y [&hellip;]<\/p>\n","protected":false},"author":4,"featured_media":81053,"comment_status":"closed","ping_status":"closed","sticky":false,"template":"","format":"standard","meta":{"om_disable_all_campaigns":false,"_jetpack_memberships_contains_paid_content":false,"footnotes":""},"categories":[101,2],"tags":[197,696,33,19],"class_list":["post-112086","post","type-post","status-publish","format-standard","has-post-thumbnail","hentry","category-interes-general-locales","category-locales","tag-buenos-aires","tag-interes-general","tag-locales","tag-san-pedro"],"aioseo_notices":[],"gutentor_comment":0,"jetpack_featured_media_url":"https:\/\/eldiariodesanpedro.com.ar\/sitio\/wp-content\/uploads\/2020\/09\/guardia-940x528-1.jpg","jetpack_shortlink":"https:\/\/wp.me\/p6RhLt-t9Q","jetpack_sharing_enabled":true,"_links":{"self":[{"href":"https:\/\/eldiariodesanpedro.com.ar\/sitio\/wp-json\/wp\/v2\/posts\/112086","targetHints":{"allow":["GET"]}}],"collection":[{"href":"https:\/\/eldiariodesanpedro.com.ar\/sitio\/wp-json\/wp\/v2\/posts"}],"about":[{"href":"https:\/\/eldiariodesanpedro.com.ar\/sitio\/wp-json\/wp\/v2\/types\/post"}],"author":[{"embeddable":true,"href":"https:\/\/eldiariodesanpedro.com.ar\/sitio\/wp-json\/wp\/v2\/users\/4"}],"replies":[{"embeddable":true,"href":"https:\/\/eldiariodesanpedro.com.ar\/sitio\/wp-json\/wp\/v2\/comments?post=112086"}],"version-history":[{"count":1,"href":"https:\/\/eldiariodesanpedro.com.ar\/sitio\/wp-json\/wp\/v2\/posts\/112086\/revisions"}],"predecessor-version":[{"id":112087,"href":"https:\/\/eldiariodesanpedro.com.ar\/sitio\/wp-json\/wp\/v2\/posts\/112086\/revisions\/112087"}],"wp:featuredmedia":[{"embeddable":true,"href":"https:\/\/eldiariodesanpedro.com.ar\/sitio\/wp-json\/wp\/v2\/media\/81053"}],"wp:attachment":[{"href":"https:\/\/eldiariodesanpedro.com.ar\/sitio\/wp-json\/wp\/v2\/media?parent=112086"}],"wp:term":[{"taxonomy":"category","embeddable":true,"href":"https:\/\/eldiariodesanpedro.com.ar\/sitio\/wp-json\/wp\/v2\/categories?post=112086"},{"taxonomy":"post_tag","embeddable":true,"href":"https:\/\/eldiariodesanpedro.com.ar\/sitio\/wp-json\/wp\/v2\/tags?post=112086"}],"curies":[{"name":"wp","href":"https:\/\/api.w.org\/{rel}","templated":true}]}}