{"id":112083,"date":"2022-11-04T12:00:45","date_gmt":"2022-11-04T15:00:45","guid":{"rendered":"https:\/\/eldiariodesanpedro.com.ar\/sitio\/?p=112083"},"modified":"2022-11-04T12:00:45","modified_gmt":"2022-11-04T15:00:45","slug":"este-domingo-comienza-la-semana-de-la-juventud-en-santa-lucia","status":"publish","type":"post","link":"https:\/\/eldiariodesanpedro.com.ar\/sitio\/este-domingo-comienza-la-semana-de-la-juventud-en-santa-lucia\/","title":{"rendered":"Este domingo comienza la Semana de la Juventud en Santa Luc\u00eda"},"content":{"rendered":"<!-- VideographyWP Plugin Message: Automatic video embedding prevented by plugin options. -->\n\n<p>Dentro de las actividades que fueron presentadas esta ma\u00f1ana en conferencia de prensa, se dieron a conocer las propuestas que tendr\u00e1 la Semana de la Juventud que da inicio este domingo 6 de noviembre en Santa Luc\u00eda.<\/p>\n\n\n\n<p>La celebraci\u00f3n que cumple 28 ediciones ininterrumpidas y moviliza a toda la localidad generando la uni\u00f3n, el trabajo conjunto, el deporte y la expresi\u00f3n art\u00edstica iniciar\u00e1 este domingo a las 15 con actividades en la Plaza San Mart\u00edn y a las 20.30hs. el acto de apertura.<\/p>\n\n\n\n<p>Cronograma:<\/p>\n\n\n\n<p>Domingo 6 de Noviembre:<br>15.30hs. Actividades en Plaza San Mart\u00edn.<br>Mural Homenaje a Malvinas en calle Sarmiento.<br>Taller \u201cThe covboys stomp line dance\u201d.<br>Pasi\u00f3n comercial.<br>DJ en vivo.<br>Paseo de Artesanos.<br>18.00hs. Muestra \u201cIdentidad Santa Luc\u00eda\u201d en el Museo Santa Luc\u00eda.<br>20.00 hs. Acto de Apertura en la Plaza San Mart\u00edn.<br>Murga Quitamufas.<br>Nico Aulet.<br>Delfina Far\u00edas.<br>\u201dFusiones coreogr\u00e1ficas\u201d de Arrecifes.<br>Cuadro art\u00edstico \u201cAbril del 82\u201d por los j\u00f3venes.<br>Banda Musical \u201cLa 22\u201d.<\/p>\n\n\n\n<p>Lunes 7 de noviembre:<br>8.00 a 12.00hs. Deportes.<br>13.30 a 16.00hs. Deportes y Charla con Leo C\u00e9liz. (Ex futbolista profesional)<br>Muestra de Dibujo en la Biblioteca Popular. (Abierta en horarios de Biblioteca)<br>20.00hs. Fog\u00f3n y Karaoke en la EES N\u00b0 1. (Servicio de cantina a cargo de las agrupaciones estudiantiles)<\/p>\n\n\n\n<p>Martes 8 de noviembre<br>8.00 a 12.00hs. Deportes.<br>13.30 a 16.00hs. Deportes.<br>17.00hs. Muestra de equipamiento y log\u00edstica de Bomberos Voluntarios de Santa Luc\u00eda. (En la esquina de Av. O\u2019Farrell y Dr. Doyle)<br>19.30hs. Obra de Teatro \u201cClowns de reserva\u201d en la Casa del Teatro. (Entradas limitadas, gratuitas y anticipadas)<\/p>\n\n\n\n<p>Mi\u00e9rcoles 9 de noviembre:<br>9.30 a 14.00hs. Juegos Recreativos. (En cancha de Instituto)<br>17.30hs. Taller de dibujo \u201cContando con im\u00e1genes\u201d a cargo de la profesora Laura Raptis. (En la Biblioteca Popular)<br>19.30hs. Obra de teatro \u201cUn hogar s\u00f3lido\u201d en la Biblioteca Popular. (Entradas limitadas, gratuitas y anticipadas)<br>21.00hs. Cine de Terror en el patio Instituto. (Servicio de cantina)<\/p>\n\n\n\n<p>Jueves 10 de noviembre:<br>8.30 a 16.00hs. Feria de Ciencia y Arte en la Secundaria N\u00b0 1.<br>9.00hs. \u201cJuego de Mente\u201d en el Instituto.<br>13.30 a 16.00hs. Deportes.<br>16.00hs. Taller de batucada del Programa Envi\u00f3n de Esteban Salv\u00e1.<br>20.00hs. \u201cVamos las Bandas\u201d frente a la Casa del Teatro.<\/p>\n\n\n\n<p>Viernes 11 de noviembre:<br>8.00 a 12.00hs. Deportes.<br>20:00 hs. Acto de Cierre en la cancha del Instituto (Cantina con precios populares \u2013 llevar reposera).<br>Rex Lemur.<br>Representaci\u00f3n de danzas folcl\u00f3ricas \u201cPensando en Malvinas: memorias de nuestra tierra\u201d con la participaci\u00f3n del Coro Polif\u00f3nico Guillermo Farabollini.<br>Show Musical Sorpresa.<br>Banda Revoluci\u00f3n.<\/p>\n\n\n\n<figure class=\"wp-block-image size-full\"><img decoding=\"async\" width=\"747\" height=\"506\" data-attachment-id=\"112084\" data-permalink=\"https:\/\/eldiariodesanpedro.com.ar\/sitio\/este-domingo-comienza-la-semana-de-la-juventud-en-santa-lucia\/whatsapp-image-2022-11-03-at-19-03-05\/\" data-orig-file=\"https:\/\/eldiariodesanpedro.com.ar\/sitio\/wp-content\/uploads\/2022\/11\/WhatsApp-Image-2022-11-03-at-19.03.05.jpeg\" data-orig-size=\"747,506\" data-comments-opened=\"0\" data-image-meta=\"{&quot;aperture&quot;:&quot;0&quot;,&quot;credit&quot;:&quot;&quot;,&quot;camera&quot;:&quot;&quot;,&quot;caption&quot;:&quot;&quot;,&quot;created_timestamp&quot;:&quot;0&quot;,&quot;copyright&quot;:&quot;&quot;,&quot;focal_length&quot;:&quot;0&quot;,&quot;iso&quot;:&quot;0&quot;,&quot;shutter_speed&quot;:&quot;0&quot;,&quot;title&quot;:&quot;&quot;,&quot;orientation&quot;:&quot;0&quot;}\" data-image-title=\"WhatsApp-Image-2022-11-03-at-19.03.05\" data-image-description=\"\" data-image-caption=\"\" data-large-file=\"https:\/\/eldiariodesanpedro.com.ar\/sitio\/wp-content\/uploads\/2022\/11\/WhatsApp-Image-2022-11-03-at-19.03.05.jpeg\" data-src=\"https:\/\/eldiariodesanpedro.com.ar\/sitio\/wp-content\/uploads\/2022\/11\/WhatsApp-Image-2022-11-03-at-19.03.05.jpeg\" alt=\"\" class=\"wp-image-112084 lazyload\" data-srcset=\"https:\/\/eldiariodesanpedro.com.ar\/sitio\/wp-content\/uploads\/2022\/11\/WhatsApp-Image-2022-11-03-at-19.03.05.jpeg 747w, https:\/\/eldiariodesanpedro.com.ar\/sitio\/wp-content\/uploads\/2022\/11\/WhatsApp-Image-2022-11-03-at-19.03.05-300x203.jpeg 300w, https:\/\/eldiariodesanpedro.com.ar\/sitio\/wp-content\/uploads\/2022\/11\/WhatsApp-Image-2022-11-03-at-19.03.05-305x207.jpeg 305w\" data-sizes=\"(max-width: 747px) 100vw, 747px\" src=\"data:image\/svg+xml;base64,PHN2ZyB3aWR0aD0iMSIgaGVpZ2h0PSIxIiB4bWxucz0iaHR0cDovL3d3dy53My5vcmcvMjAwMC9zdmciPjwvc3ZnPg==\" style=\"--smush-placeholder-width: 747px; --smush-placeholder-aspect-ratio: 747\/506;\" \/><\/figure>\n","protected":false},"excerpt":{"rendered":"<p>Dentro de las actividades que fueron presentadas esta ma\u00f1ana en conferencia de prensa, se dieron a conocer las propuestas que tendr\u00e1 la Semana de la Juventud que da inicio este domingo 6 de noviembre en Santa Luc\u00eda. La celebraci\u00f3n que cumple 28 ediciones ininterrumpidas y moviliza a toda la localidad generando la uni\u00f3n, el trabajo [&hellip;]<\/p>\n","protected":false},"author":4,"featured_media":9364,"comment_status":"closed","ping_status":"","sticky":false,"template":"","format":"standard","meta":{"om_disable_all_campaigns":false,"_jetpack_memberships_contains_paid_content":false,"footnotes":""},"categories":[50,101,2],"tags":[197,3163,696,33,19],"class_list":["post-112083","post","type-post","status-publish","format-standard","has-post-thumbnail","hentry","category-destacadas","category-interes-general-locales","category-locales","tag-buenos-aires","tag-este-domingo-comienza-la-semana-de-la-juventud-en-santa-lucia","tag-interes-general","tag-locales","tag-san-pedro"],"aioseo_notices":[],"gutentor_comment":0,"jetpack_featured_media_url":"https:\/\/eldiariodesanpedro.com.ar\/sitio\/wp-content\/uploads\/2016\/10\/semana-de-la-juvnetud.jpg","jetpack_shortlink":"https:\/\/wp.me\/p6RhLt-t9N","jetpack_sharing_enabled":true,"_links":{"self":[{"href":"https:\/\/eldiariodesanpedro.com.ar\/sitio\/wp-json\/wp\/v2\/posts\/112083","targetHints":{"allow":["GET"]}}],"collection":[{"href":"https:\/\/eldiariodesanpedro.com.ar\/sitio\/wp-json\/wp\/v2\/posts"}],"about":[{"href":"https:\/\/eldiariodesanpedro.com.ar\/sitio\/wp-json\/wp\/v2\/types\/post"}],"author":[{"embeddable":true,"href":"https:\/\/eldiariodesanpedro.com.ar\/sitio\/wp-json\/wp\/v2\/users\/4"}],"replies":[{"embeddable":true,"href":"https:\/\/eldiariodesanpedro.com.ar\/sitio\/wp-json\/wp\/v2\/comments?post=112083"}],"version-history":[{"count":1,"href":"https:\/\/eldiariodesanpedro.com.ar\/sitio\/wp-json\/wp\/v2\/posts\/112083\/revisions"}],"predecessor-version":[{"id":112085,"href":"https:\/\/eldiariodesanpedro.com.ar\/sitio\/wp-json\/wp\/v2\/posts\/112083\/revisions\/112085"}],"wp:featuredmedia":[{"embeddable":true,"href":"https:\/\/eldiariodesanpedro.com.ar\/sitio\/wp-json\/wp\/v2\/media\/9364"}],"wp:attachment":[{"href":"https:\/\/eldiariodesanpedro.com.ar\/sitio\/wp-json\/wp\/v2\/media?parent=112083"}],"wp:term":[{"taxonomy":"category","embeddable":true,"href":"https:\/\/eldiariodesanpedro.com.ar\/sitio\/wp-json\/wp\/v2\/categories?post=112083"},{"taxonomy":"post_tag","embeddable":true,"href":"https:\/\/eldiariodesanpedro.com.ar\/sitio\/wp-json\/wp\/v2\/tags?post=112083"}],"curies":[{"name":"wp","href":"https:\/\/api.w.org\/{rel}","templated":true}]}}