{"id":112063,"date":"2022-11-03T17:31:16","date_gmt":"2022-11-03T20:31:16","guid":{"rendered":"https:\/\/eldiariodesanpedro.com.ar\/sitio\/?p=112063"},"modified":"2022-11-03T17:32:35","modified_gmt":"2022-11-03T20:32:35","slug":"muchas-actividades-para-el-proximo-fin-de-semana-entre-ellas-el-via-rock-y-68-aniversario-del-aeroclub-san-pedro","status":"publish","type":"post","link":"https:\/\/eldiariodesanpedro.com.ar\/sitio\/muchas-actividades-para-el-proximo-fin-de-semana-entre-ellas-el-via-rock-y-68-aniversario-del-aeroclub-san-pedro\/","title":{"rendered":"Muchas actividades para el pr\u00f3ximo fin de semana, entre ellas el V\u00eda Rock y 68\u00b0 aniversario del Aeroclub San Pedro"},"content":{"rendered":"<!-- VideographyWP Plugin Message: Automatic video embedding prevented by plugin options. -->\n\n<p>Esta ma\u00f1ana fue presentada la agenda cultural que se desarrollar\u00e1 en la ciudad y localidades el pr\u00f3ximo fin de semana que contar\u00e1 con eventos culturales, musicales, institucionales y deportivos entre los que se encuentran las actividades que viene llevando a cabo la Biblioteca Popular Rafael Obligado en el marco de los festejos por su 150\u00b0 aniversario, el campeonato Argentino de Fisicoculturismo, la sexta edici\u00f3n del V\u00edaRock que en esta ocasi\u00f3n se realizar\u00e1 en el Paseo P\u00fablico Municipal, el 68\u00b0 aniversario del Aeroclub San Pedro, exposiciones por el aniversario del Centro Cultural Edgardo Casella, la actuaci\u00f3n de Javier Pe\u00f1o\u00f1ori en el Teatro Siripo y el inicio de la Semana de la Juventud en Santa Luc\u00eda.<\/p>\n\n\n\n<p>La presentaci\u00f3n fue realizada a trav\u00e9s de una conferencia de prensa encabezada por la Secretaria de Turismo y Cultura, Lic. Marcela Cu\u00f1er; en la casona de Turismo con la participaci\u00f3n del Delegado Municipal de Santa Luc\u00eda, Luciano Juhant; Valeria Camarote en representaci\u00f3n de quienes llevan la organizaci\u00f3n de la Semana de la Juventud junto a Gonzalo Nardini, alumno del Instituto Margarita O&#8217; Farrell de Maguirre y Victoria Tahis, alumna de la Escuela Media N\u00b0 1 \u00abPrefectura Naval Argentina\u00bb; Mart\u00edn Peralta, organizador de la cuarta edici\u00f3n del campeonato nacional de fisicoculturismo, Julieta Cajide en representaci\u00f3n de la comisi\u00f3n organizadora del V\u00edaRock y representando a la comisi\u00f3n directiva de la Biblioteca Popular Rafael Obligado, Lilitana Montero Liliana y Nancy Orso.<\/p>\n\n\n\n<p>Agenda de Actividades:<\/p>\n\n\n\n<p>Viernes 4 de noviembre<\/p>\n\n\n\n<p>20.00 hs. en el Museo Hist\u00f3rico de San Pedro \u201cFray Jos\u00e9 Mar\u00eda Bottaro\u201d acto de apertura de la exposici\u00f3n homenaje en adhesi\u00f3n al 65\u00b0 aniversario del Centro Cultural Edgardo Casella.<\/p>\n\n\n\n<p>20.30 hs. Javier Pe\u00f1o\u00f1ori en el teatro Siripo interpretar\u00e1 canciones de su reciente disco instrumental \u00abTodos los silencios del mundo\u00bb y presentar\u00e1 su nuevo libro \u201cEl r\u00edo seguir\u00e1 sonando\u201d de relatos y poemas de su autor\u00eda.<\/p>\n\n\n\n<p>S\u00e1bado 5 de noviembre<\/p>\n\n\n\n<p>15.00 hs. comienza en el Paseo P\u00fablico Municipal la sexta edici\u00f3n del V\u00edaRock con 10 shows en vivo de bandas homenaje al rock nacional. La entrada es un alimento no perecedero y lo recaudado ser\u00e1 a beneficio del merendero \u201cBenefactora\u201d.<\/p>\n\n\n\n<p>17.00 hs. 68\u00b0 aniversario del Aeroclub San Pedro que contar\u00e1 con la presencia de Nico Skare y sorpresas a\u00e9reas.<\/p>\n\n\n\n<p>19.00 hs. en la Biblioteca Popular Rafael Obligado, presentaci\u00f3n del libro de Griselda Rochetti \u201cEl fuego del fr\u00edo\u201d<\/p>\n\n\n\n<p>Domingo 6 de noviembre<\/p>\n\n\n\n<p>10.00 hs. Comienzan las inscripciones en el Hotel Howard Johnson Marinas para el Campeonato Nacional de Fisicoculturismo hasta las 13.00 hs que da inicio la competencia.<\/p>\n\n\n\n<p>15.30 hs. en Plaza San Mart\u00edn de Santa Luc\u00eda da inici\u00f3 la Semana de la Juventud con Mural Homenaje a Malvinas en calle Sarmiento, Taller \u201cThe covboys stomp line dance\u201d, Pasi\u00f3n comercial, DJ en vivo y Paseo de Artesanos.<\/p>\n\n\n\n<p>16.00 hs. 68\u00b0 aniversario del Aeroclub San Pedro que contar\u00e1 con la presencia de Nico Skare y sorpresas a\u00e9reas.<\/p>\n\n\n\n<p>18.00 hs. comienza la muestra \u201cIdentidad Santa Luc\u00eda\u201d en el Museo Santa Luc\u00eda<\/p>\n\n\n\n<p>20.00 hs. Acto de Apertura en la Plaza San Mart\u00edn (Cantina a precios populares a cargo de Bomberos Voluntarios) se recomienda llevar reposera.<\/p>\n\n\n\n<figure class=\"wp-block-image size-full\"><img decoding=\"async\" width=\"840\" height=\"630\" data-attachment-id=\"112067\" data-permalink=\"https:\/\/eldiariodesanpedro.com.ar\/sitio\/muchas-actividades-para-el-proximo-fin-de-semana-entre-ellas-el-via-rock-y-68-aniversario-del-aeroclub-san-pedro\/whatsapp-image-2022-11-03-at-16-18-00\/\" data-orig-file=\"https:\/\/eldiariodesanpedro.com.ar\/sitio\/wp-content\/uploads\/2022\/11\/WhatsApp-Image-2022-11-03-at-16.18.00.jpeg\" data-orig-size=\"840,630\" data-comments-opened=\"0\" data-image-meta=\"{&quot;aperture&quot;:&quot;0&quot;,&quot;credit&quot;:&quot;&quot;,&quot;camera&quot;:&quot;&quot;,&quot;caption&quot;:&quot;&quot;,&quot;created_timestamp&quot;:&quot;0&quot;,&quot;copyright&quot;:&quot;&quot;,&quot;focal_length&quot;:&quot;0&quot;,&quot;iso&quot;:&quot;0&quot;,&quot;shutter_speed&quot;:&quot;0&quot;,&quot;title&quot;:&quot;&quot;,&quot;orientation&quot;:&quot;0&quot;}\" data-image-title=\"WhatsApp Image 2022-11-03 at 16.18.00\" data-image-description=\"\" data-image-caption=\"\" data-large-file=\"https:\/\/eldiariodesanpedro.com.ar\/sitio\/wp-content\/uploads\/2022\/11\/WhatsApp-Image-2022-11-03-at-16.18.00.jpeg\" data-src=\"https:\/\/eldiariodesanpedro.com.ar\/sitio\/wp-content\/uploads\/2022\/11\/WhatsApp-Image-2022-11-03-at-16.18.00.jpeg\" alt=\"\" class=\"wp-image-112067 lazyload\" data-srcset=\"https:\/\/eldiariodesanpedro.com.ar\/sitio\/wp-content\/uploads\/2022\/11\/WhatsApp-Image-2022-11-03-at-16.18.00.jpeg 840w, https:\/\/eldiariodesanpedro.com.ar\/sitio\/wp-content\/uploads\/2022\/11\/WhatsApp-Image-2022-11-03-at-16.18.00-300x225.jpeg 300w, https:\/\/eldiariodesanpedro.com.ar\/sitio\/wp-content\/uploads\/2022\/11\/WhatsApp-Image-2022-11-03-at-16.18.00-768x576.jpeg 768w, https:\/\/eldiariodesanpedro.com.ar\/sitio\/wp-content\/uploads\/2022\/11\/WhatsApp-Image-2022-11-03-at-16.18.00-272x204.jpeg 272w\" data-sizes=\"(max-width: 840px) 100vw, 840px\" src=\"data:image\/svg+xml;base64,PHN2ZyB3aWR0aD0iMSIgaGVpZ2h0PSIxIiB4bWxucz0iaHR0cDovL3d3dy53My5vcmcvMjAwMC9zdmciPjwvc3ZnPg==\" style=\"--smush-placeholder-width: 840px; --smush-placeholder-aspect-ratio: 840\/630;\" \/><\/figure>\n\n\n\n<p><\/p>\n\n\n\n<figure class=\"wp-block-image size-full\"><img decoding=\"async\" width=\"354\" height=\"630\" data-attachment-id=\"112068\" data-permalink=\"https:\/\/eldiariodesanpedro.com.ar\/sitio\/muchas-actividades-para-el-proximo-fin-de-semana-entre-ellas-el-via-rock-y-68-aniversario-del-aeroclub-san-pedro\/whatsapp-image-2022-11-03-at-16-18-01\/\" data-orig-file=\"https:\/\/eldiariodesanpedro.com.ar\/sitio\/wp-content\/uploads\/2022\/11\/WhatsApp-Image-2022-11-03-at-16.18.01.jpeg\" data-orig-size=\"354,630\" data-comments-opened=\"0\" data-image-meta=\"{&quot;aperture&quot;:&quot;0&quot;,&quot;credit&quot;:&quot;&quot;,&quot;camera&quot;:&quot;&quot;,&quot;caption&quot;:&quot;&quot;,&quot;created_timestamp&quot;:&quot;0&quot;,&quot;copyright&quot;:&quot;&quot;,&quot;focal_length&quot;:&quot;0&quot;,&quot;iso&quot;:&quot;0&quot;,&quot;shutter_speed&quot;:&quot;0&quot;,&quot;title&quot;:&quot;&quot;,&quot;orientation&quot;:&quot;0&quot;}\" data-image-title=\"WhatsApp Image 2022-11-03 at 16.18.01\" data-image-description=\"\" data-image-caption=\"\" data-large-file=\"https:\/\/eldiariodesanpedro.com.ar\/sitio\/wp-content\/uploads\/2022\/11\/WhatsApp-Image-2022-11-03-at-16.18.01.jpeg\" data-src=\"https:\/\/eldiariodesanpedro.com.ar\/sitio\/wp-content\/uploads\/2022\/11\/WhatsApp-Image-2022-11-03-at-16.18.01.jpeg\" alt=\"\" class=\"wp-image-112068 lazyload\" data-srcset=\"https:\/\/eldiariodesanpedro.com.ar\/sitio\/wp-content\/uploads\/2022\/11\/WhatsApp-Image-2022-11-03-at-16.18.01.jpeg 354w, https:\/\/eldiariodesanpedro.com.ar\/sitio\/wp-content\/uploads\/2022\/11\/WhatsApp-Image-2022-11-03-at-16.18.01-169x300.jpeg 169w\" data-sizes=\"(max-width: 354px) 100vw, 354px\" src=\"data:image\/svg+xml;base64,PHN2ZyB3aWR0aD0iMSIgaGVpZ2h0PSIxIiB4bWxucz0iaHR0cDovL3d3dy53My5vcmcvMjAwMC9zdmciPjwvc3ZnPg==\" style=\"--smush-placeholder-width: 354px; --smush-placeholder-aspect-ratio: 354\/630;\" \/><\/figure>\n\n\n\n<figure class=\"wp-block-image size-full\"><img decoding=\"async\" width=\"420\" height=\"630\" data-attachment-id=\"112071\" data-permalink=\"https:\/\/eldiariodesanpedro.com.ar\/sitio\/muchas-actividades-para-el-proximo-fin-de-semana-entre-ellas-el-via-rock-y-68-aniversario-del-aeroclub-san-pedro\/whatsapp-image-2022-11-03-at-16-18-03\/\" data-orig-file=\"https:\/\/eldiariodesanpedro.com.ar\/sitio\/wp-content\/uploads\/2022\/11\/WhatsApp-Image-2022-11-03-at-16.18.03.jpeg\" data-orig-size=\"420,630\" data-comments-opened=\"0\" data-image-meta=\"{&quot;aperture&quot;:&quot;0&quot;,&quot;credit&quot;:&quot;&quot;,&quot;camera&quot;:&quot;&quot;,&quot;caption&quot;:&quot;&quot;,&quot;created_timestamp&quot;:&quot;0&quot;,&quot;copyright&quot;:&quot;&quot;,&quot;focal_length&quot;:&quot;0&quot;,&quot;iso&quot;:&quot;0&quot;,&quot;shutter_speed&quot;:&quot;0&quot;,&quot;title&quot;:&quot;&quot;,&quot;orientation&quot;:&quot;0&quot;}\" data-image-title=\"WhatsApp Image 2022-11-03 at 16.18.03\" data-image-description=\"\" data-image-caption=\"\" data-large-file=\"https:\/\/eldiariodesanpedro.com.ar\/sitio\/wp-content\/uploads\/2022\/11\/WhatsApp-Image-2022-11-03-at-16.18.03.jpeg\" data-src=\"https:\/\/eldiariodesanpedro.com.ar\/sitio\/wp-content\/uploads\/2022\/11\/WhatsApp-Image-2022-11-03-at-16.18.03.jpeg\" alt=\"\" class=\"wp-image-112071 lazyload\" data-srcset=\"https:\/\/eldiariodesanpedro.com.ar\/sitio\/wp-content\/uploads\/2022\/11\/WhatsApp-Image-2022-11-03-at-16.18.03.jpeg 420w, https:\/\/eldiariodesanpedro.com.ar\/sitio\/wp-content\/uploads\/2022\/11\/WhatsApp-Image-2022-11-03-at-16.18.03-200x300.jpeg 200w, https:\/\/eldiariodesanpedro.com.ar\/sitio\/wp-content\/uploads\/2022\/11\/WhatsApp-Image-2022-11-03-at-16.18.03-400x600.jpeg 400w\" data-sizes=\"(max-width: 420px) 100vw, 420px\" src=\"data:image\/svg+xml;base64,PHN2ZyB3aWR0aD0iMSIgaGVpZ2h0PSIxIiB4bWxucz0iaHR0cDovL3d3dy53My5vcmcvMjAwMC9zdmciPjwvc3ZnPg==\" style=\"--smush-placeholder-width: 420px; --smush-placeholder-aspect-ratio: 420\/630;\" \/><\/figure>\n\n\n\n<figure class=\"wp-block-image size-full\"><img decoding=\"async\" width=\"752\" height=\"630\" data-attachment-id=\"112070\" data-permalink=\"https:\/\/eldiariodesanpedro.com.ar\/sitio\/muchas-actividades-para-el-proximo-fin-de-semana-entre-ellas-el-via-rock-y-68-aniversario-del-aeroclub-san-pedro\/whatsapp-image-2022-11-03-at-16-18-02\/\" data-orig-file=\"https:\/\/eldiariodesanpedro.com.ar\/sitio\/wp-content\/uploads\/2022\/11\/WhatsApp-Image-2022-11-03-at-16.18.02.jpeg\" data-orig-size=\"752,630\" data-comments-opened=\"0\" data-image-meta=\"{&quot;aperture&quot;:&quot;0&quot;,&quot;credit&quot;:&quot;&quot;,&quot;camera&quot;:&quot;&quot;,&quot;caption&quot;:&quot;&quot;,&quot;created_timestamp&quot;:&quot;0&quot;,&quot;copyright&quot;:&quot;&quot;,&quot;focal_length&quot;:&quot;0&quot;,&quot;iso&quot;:&quot;0&quot;,&quot;shutter_speed&quot;:&quot;0&quot;,&quot;title&quot;:&quot;&quot;,&quot;orientation&quot;:&quot;0&quot;}\" data-image-title=\"WhatsApp Image 2022-11-03 at 16.18.02\" data-image-description=\"\" data-image-caption=\"\" data-large-file=\"https:\/\/eldiariodesanpedro.com.ar\/sitio\/wp-content\/uploads\/2022\/11\/WhatsApp-Image-2022-11-03-at-16.18.02.jpeg\" data-src=\"https:\/\/eldiariodesanpedro.com.ar\/sitio\/wp-content\/uploads\/2022\/11\/WhatsApp-Image-2022-11-03-at-16.18.02.jpeg\" alt=\"\" class=\"wp-image-112070 lazyload\" data-srcset=\"https:\/\/eldiariodesanpedro.com.ar\/sitio\/wp-content\/uploads\/2022\/11\/WhatsApp-Image-2022-11-03-at-16.18.02.jpeg 752w, https:\/\/eldiariodesanpedro.com.ar\/sitio\/wp-content\/uploads\/2022\/11\/WhatsApp-Image-2022-11-03-at-16.18.02-300x251.jpeg 300w\" data-sizes=\"(max-width: 752px) 100vw, 752px\" src=\"data:image\/svg+xml;base64,PHN2ZyB3aWR0aD0iMSIgaGVpZ2h0PSIxIiB4bWxucz0iaHR0cDovL3d3dy53My5vcmcvMjAwMC9zdmciPjwvc3ZnPg==\" style=\"--smush-placeholder-width: 752px; --smush-placeholder-aspect-ratio: 752\/630;\" \/><\/figure>\n\n\n\n<figure class=\"wp-block-image size-full\"><img decoding=\"async\" width=\"445\" height=\"630\" data-attachment-id=\"112069\" data-permalink=\"https:\/\/eldiariodesanpedro.com.ar\/sitio\/muchas-actividades-para-el-proximo-fin-de-semana-entre-ellas-el-via-rock-y-68-aniversario-del-aeroclub-san-pedro\/whatsapp-image-2022-11-03-at-16-18-02-1\/\" data-orig-file=\"https:\/\/eldiariodesanpedro.com.ar\/sitio\/wp-content\/uploads\/2022\/11\/WhatsApp-Image-2022-11-03-at-16.18.02-1.jpeg\" data-orig-size=\"445,630\" data-comments-opened=\"0\" data-image-meta=\"{&quot;aperture&quot;:&quot;0&quot;,&quot;credit&quot;:&quot;&quot;,&quot;camera&quot;:&quot;&quot;,&quot;caption&quot;:&quot;&quot;,&quot;created_timestamp&quot;:&quot;0&quot;,&quot;copyright&quot;:&quot;&quot;,&quot;focal_length&quot;:&quot;0&quot;,&quot;iso&quot;:&quot;0&quot;,&quot;shutter_speed&quot;:&quot;0&quot;,&quot;title&quot;:&quot;&quot;,&quot;orientation&quot;:&quot;0&quot;}\" data-image-title=\"WhatsApp Image 2022-11-03 at 16.18.02 (1)\" data-image-description=\"\" data-image-caption=\"\" data-large-file=\"https:\/\/eldiariodesanpedro.com.ar\/sitio\/wp-content\/uploads\/2022\/11\/WhatsApp-Image-2022-11-03-at-16.18.02-1.jpeg\" data-src=\"https:\/\/eldiariodesanpedro.com.ar\/sitio\/wp-content\/uploads\/2022\/11\/WhatsApp-Image-2022-11-03-at-16.18.02-1.jpeg\" alt=\"\" class=\"wp-image-112069 lazyload\" data-srcset=\"https:\/\/eldiariodesanpedro.com.ar\/sitio\/wp-content\/uploads\/2022\/11\/WhatsApp-Image-2022-11-03-at-16.18.02-1.jpeg 445w, https:\/\/eldiariodesanpedro.com.ar\/sitio\/wp-content\/uploads\/2022\/11\/WhatsApp-Image-2022-11-03-at-16.18.02-1-212x300.jpeg 212w\" data-sizes=\"(max-width: 445px) 100vw, 445px\" src=\"data:image\/svg+xml;base64,PHN2ZyB3aWR0aD0iMSIgaGVpZ2h0PSIxIiB4bWxucz0iaHR0cDovL3d3dy53My5vcmcvMjAwMC9zdmciPjwvc3ZnPg==\" style=\"--smush-placeholder-width: 445px; --smush-placeholder-aspect-ratio: 445\/630;\" \/><\/figure>\n","protected":false},"excerpt":{"rendered":"<p>Esta ma\u00f1ana fue presentada la agenda cultural que se desarrollar\u00e1 en la ciudad y localidades el pr\u00f3ximo fin de semana que contar\u00e1 con eventos culturales, musicales, institucionales y deportivos entre los que se encuentran las actividades que viene llevando a cabo la Biblioteca Popular Rafael Obligado en el marco de los festejos por su 150\u00b0 [&hellip;]<\/p>\n","protected":false},"author":4,"featured_media":112064,"comment_status":"closed","ping_status":"closed","sticky":false,"template":"","format":"standard","meta":{"om_disable_all_campaigns":false,"_jetpack_memberships_contains_paid_content":false,"footnotes":""},"categories":[50,101,2],"tags":[197,696,33,19],"class_list":["post-112063","post","type-post","status-publish","format-standard","has-post-thumbnail","hentry","category-destacadas","category-interes-general-locales","category-locales","tag-buenos-aires","tag-interes-general","tag-locales","tag-san-pedro"],"aioseo_notices":[],"gutentor_comment":0,"jetpack_featured_media_url":"https:\/\/eldiariodesanpedro.com.ar\/sitio\/wp-content\/uploads\/2022\/11\/302163468_427729056120914_3635342174853418529_n.jpg","jetpack_shortlink":"https:\/\/wp.me\/p6RhLt-t9t","jetpack_sharing_enabled":true,"_links":{"self":[{"href":"https:\/\/eldiariodesanpedro.com.ar\/sitio\/wp-json\/wp\/v2\/posts\/112063","targetHints":{"allow":["GET"]}}],"collection":[{"href":"https:\/\/eldiariodesanpedro.com.ar\/sitio\/wp-json\/wp\/v2\/posts"}],"about":[{"href":"https:\/\/eldiariodesanpedro.com.ar\/sitio\/wp-json\/wp\/v2\/types\/post"}],"author":[{"embeddable":true,"href":"https:\/\/eldiariodesanpedro.com.ar\/sitio\/wp-json\/wp\/v2\/users\/4"}],"replies":[{"embeddable":true,"href":"https:\/\/eldiariodesanpedro.com.ar\/sitio\/wp-json\/wp\/v2\/comments?post=112063"}],"version-history":[{"count":2,"href":"https:\/\/eldiariodesanpedro.com.ar\/sitio\/wp-json\/wp\/v2\/posts\/112063\/revisions"}],"predecessor-version":[{"id":112072,"href":"https:\/\/eldiariodesanpedro.com.ar\/sitio\/wp-json\/wp\/v2\/posts\/112063\/revisions\/112072"}],"wp:featuredmedia":[{"embeddable":true,"href":"https:\/\/eldiariodesanpedro.com.ar\/sitio\/wp-json\/wp\/v2\/media\/112064"}],"wp:attachment":[{"href":"https:\/\/eldiariodesanpedro.com.ar\/sitio\/wp-json\/wp\/v2\/media?parent=112063"}],"wp:term":[{"taxonomy":"category","embeddable":true,"href":"https:\/\/eldiariodesanpedro.com.ar\/sitio\/wp-json\/wp\/v2\/categories?post=112063"},{"taxonomy":"post_tag","embeddable":true,"href":"https:\/\/eldiariodesanpedro.com.ar\/sitio\/wp-json\/wp\/v2\/tags?post=112063"}],"curies":[{"name":"wp","href":"https:\/\/api.w.org\/{rel}","templated":true}]}}