{"id":112060,"date":"2022-11-03T14:56:09","date_gmt":"2022-11-03T17:56:09","guid":{"rendered":"https:\/\/eldiariodesanpedro.com.ar\/sitio\/?p=112060"},"modified":"2022-11-03T14:56:10","modified_gmt":"2022-11-03T17:56:10","slug":"periodista-de-la-opinion-denunciado-por-un-hecho-grave-de-violencia-con-una-mujer-no-fue-un-accidente-es-violencia-de-genero","status":"publish","type":"post","link":"https:\/\/eldiariodesanpedro.com.ar\/sitio\/periodista-de-la-opinion-denunciado-por-un-hecho-grave-de-violencia-con-una-mujer-no-fue-un-accidente-es-violencia-de-genero\/","title":{"rendered":"Periodista de La Opini\u00f3n denunciado por un hecho grave de violencia con una mujer \u00abNo fue un accidente, es violencia de g\u00e9nero\u00bb"},"content":{"rendered":"<!-- VideographyWP Plugin Message: Automatic video embedding prevented by plugin options. -->\n\n<p>Una joven de 23 a\u00f1os debi\u00f3 ser asistida en el Hospital despu\u00e9s de sufrir heridas en un pie. La v\u00edctima relat\u00f3 que discuti\u00f3 con su pareja y en medio de un forcejeo el hombre de 41 a\u00f1os aceler\u00f3 el auto, le qued\u00f3 el pie enganchado y la arrastr\u00f3 varios metros, hasta que logr\u00f3 desengancharse y el conductor se fue del lugar. La joven fue asistida por un vecino, alertado por los gritos de dolor de la joven. El involucrado afirm\u00f3 que se trat\u00f3 de \u00abuna situaci\u00f3n desgraciada\u00bb, y desde el medio lo desvincularon de la joven herida al hablar de \u00abpresunta pareja\u00bb. Esto provoc\u00f3 la reacci\u00f3n de agrupaciones de mujeres: \u00abEstamos hartas de que algunos medios de comunicaci\u00f3n tergiversen con intencionalidad hechos de violencia de g\u00e9nero perpetrados por varones que mantienen v\u00ednculos afectivos con nosotras. Encubrir a esos varones que sistem\u00e1ticamente reproducen conductas violentas, mis\u00f3ginas y sexistas, los convierte en c\u00f3mplice\u00bb. Pidieron a la Fiscala Viviani, de estrecho v\u00ednculo con la propietaria de ese medio, \u00abllegar a la verdad de lo ocurrido\u00bb<\/p>\n\n\n\n<p>La decisi\u00f3n editorial del medio\u00a0<strong>La Opini\u00f3n Semanario<\/strong>\u00a0de contradecir la versi\u00f3n de la v\u00edctima de un grave episodio ocurrido el domingo por la madrugada que involucra a Rafael Flaiman, periodista de ese medio, provoc\u00f3 la reacci\u00f3n de agrupaciones y movimientos de mujeres de la ciudad que reclamaron \u00abmayor profesionalismo period\u00edstico a la hora de informar sobre hechos graves como los acontecidos el domingo 30 de octubre\u00bb. El medio hab\u00eda comunicado horas antes que decidi\u00f3 esperar los avances de la causa para abordar la situaci\u00f3n.<\/p>\n\n\n\n<p>Esa madrugada, una joven de 23 a\u00f1os ingres\u00f3 al Hospital con una herida grave en un pie. Cont\u00f3 que discuti\u00f3 con su pareja y que, al acelerar el veh\u00edculo, el hombre de 41 a\u00f1os se\u00f1alado en la denuncia arrastr\u00f3 a la v\u00edctima ya que su pie qued\u00f3 enganchado del auto. La mujer logr\u00f3 liberarse, cay\u00f3 al asfalto y el conductor se fue. El propio Flaiman reconoci\u00f3 en el programa \u00abRadio Cuarentena\u00bb del 30 de octubre haber protagonizado el hecho. Tanto en esa charla con la Directora de La Opini\u00f3n Semanario Lidia Berardi, como en la publicaci\u00f3n del 2 de noviembre de ese medio gr\u00e1fico titulada \u00ab<strong>Fiscal\u00eda define c\u00f3mo caratular\u00e1 el caso de una joven que ingres\u00f3 lesionada al hospital<\/strong>\u00ab, niega haber mantenido una relaci\u00f3n sentimental con la joven herida. La v\u00edctima declar\u00f3 lo contrario ante la justicia y habl\u00f3 de un v\u00ednculo de unos 7 meses.\u00a0\u201cUna situaci\u00f3n desgraciada, lamentable, que termin\u00f3 con una\u00a0<strong>amiga muy querida<\/strong>\u00a0con una situaci\u00f3n de lesi\u00f3n en el Hospital, seguramente se va a resolver como corresponde en la materia de salud digamos, que es lo m\u00e1s importante despu\u00e9s de todo, no?\u00bb, dijo en el programa \u00abRadio Cuarentena\u00bb, el involucrado. Adem\u00e1s, desde La Opini\u00f3n Semanario, indicaron que a\u00fan \u00abno hubo notificaci\u00f3n alguna a la contraparte sobre las actuaciones\u00bb. Es decir, Flaiman no fue notificado de la existencia de actuaciones judiciales en su contra.<\/p>\n\n\n\n<p>Fuente: San Pedro Hoy<\/p>\n\n\n\n<p>Comunicado de la agrupaci\u00f3n Minerva Mirabal y Libres de Miedo<\/p>\n\n\n\n<p>Repudiamos en\u00e9rgicamente el tratamiento medi\u00e1tico de los hechos de violencia de g\u00e9nero ocurridos en la madrugada del domingo ejercido contra una joven mujer que tuvo que ser intervenida quir\u00fargicamente a consecuencia de las lesiones en el pie que le ocasion\u00f3 el var\u00f3n, con quien mantiene un v\u00ednculo afectivo, al momento de pisarla con una de las ruedas de su auto luego discusiones y forcejeos dentro del mismo veh\u00edculo.<\/p>\n\n\n\n<p>Estamos hartas de salir a dar explicaciones de situaciones obvias de violencia. Estamos hartas de que algunos medios de comunicaci\u00f3n tergiversen con intencionalidad hechos de violencia de g\u00e9nero perpetrados por varones que mantienen v\u00ednculos afectivos con nosotras. Encubrir a esos varones que sistem\u00e1ticamente reproducen conductas violentas, mis\u00f3ginas y sexistas, los convierte en c\u00f3mplice de una cultura violenta por razones de g\u00e9nero.<\/p>\n\n\n\n<p>Exigimos mayor profesionalismo period\u00edstico a la hora de informar sobre hechos graves como los acontecidos el domingo 30 de octubre.<\/p>\n\n\n\n<p>Exigimos una investigaci\u00f3n judicial de los hechos con perspectiva de g\u00e9nero para llegar a la verdad de lo ocurrido, que se lleve adelante un proceso sin estereotipos y prejuicios machistas y patriarcales. Exigimos una investigaci\u00f3n judicial que sea respetuosa de los derechos humanos, que sea respetuosa de la joven mujer y compa\u00f1era que result\u00f3 lesionada, porque todas y cada una de nosotras tenemos derecho a un vida libre de violencias.<\/p>\n\n\n\n<p><strong>No es un accidente, es violencia de g\u00e9nero. <br><\/strong>Aquelarre de Tamboreras. <br>Libres de Miedo. <br>Minerva Mirabal.<\/p>\n","protected":false},"excerpt":{"rendered":"<p>Una joven de 23 a\u00f1os debi\u00f3 ser asistida en el Hospital despu\u00e9s de sufrir heridas en un pie. La v\u00edctima relat\u00f3 que discuti\u00f3 con su pareja y en medio de un forcejeo el hombre de 41 a\u00f1os aceler\u00f3 el auto, le qued\u00f3 el pie enganchado y la arrastr\u00f3 varios metros, hasta que logr\u00f3 desengancharse y [&hellip;]<\/p>\n","protected":false},"author":4,"featured_media":112061,"comment_status":"closed","ping_status":"closed","sticky":false,"template":"","format":"standard","meta":{"om_disable_all_campaigns":false,"_jetpack_memberships_contains_paid_content":false,"footnotes":""},"categories":[50,101,2],"tags":[197,696,33,19],"class_list":["post-112060","post","type-post","status-publish","format-standard","has-post-thumbnail","hentry","category-destacadas","category-interes-general-locales","category-locales","tag-buenos-aires","tag-interes-general","tag-locales","tag-san-pedro"],"aioseo_notices":[],"gutentor_comment":0,"jetpack_featured_media_url":"https:\/\/eldiariodesanpedro.com.ar\/sitio\/wp-content\/uploads\/2022\/11\/medida-1.png","jetpack_shortlink":"https:\/\/wp.me\/p6RhLt-t9q","jetpack_sharing_enabled":true,"_links":{"self":[{"href":"https:\/\/eldiariodesanpedro.com.ar\/sitio\/wp-json\/wp\/v2\/posts\/112060","targetHints":{"allow":["GET"]}}],"collection":[{"href":"https:\/\/eldiariodesanpedro.com.ar\/sitio\/wp-json\/wp\/v2\/posts"}],"about":[{"href":"https:\/\/eldiariodesanpedro.com.ar\/sitio\/wp-json\/wp\/v2\/types\/post"}],"author":[{"embeddable":true,"href":"https:\/\/eldiariodesanpedro.com.ar\/sitio\/wp-json\/wp\/v2\/users\/4"}],"replies":[{"embeddable":true,"href":"https:\/\/eldiariodesanpedro.com.ar\/sitio\/wp-json\/wp\/v2\/comments?post=112060"}],"version-history":[{"count":1,"href":"https:\/\/eldiariodesanpedro.com.ar\/sitio\/wp-json\/wp\/v2\/posts\/112060\/revisions"}],"predecessor-version":[{"id":112062,"href":"https:\/\/eldiariodesanpedro.com.ar\/sitio\/wp-json\/wp\/v2\/posts\/112060\/revisions\/112062"}],"wp:featuredmedia":[{"embeddable":true,"href":"https:\/\/eldiariodesanpedro.com.ar\/sitio\/wp-json\/wp\/v2\/media\/112061"}],"wp:attachment":[{"href":"https:\/\/eldiariodesanpedro.com.ar\/sitio\/wp-json\/wp\/v2\/media?parent=112060"}],"wp:term":[{"taxonomy":"category","embeddable":true,"href":"https:\/\/eldiariodesanpedro.com.ar\/sitio\/wp-json\/wp\/v2\/categories?post=112060"},{"taxonomy":"post_tag","embeddable":true,"href":"https:\/\/eldiariodesanpedro.com.ar\/sitio\/wp-json\/wp\/v2\/tags?post=112060"}],"curies":[{"name":"wp","href":"https:\/\/api.w.org\/{rel}","templated":true}]}}