{"id":112057,"date":"2022-11-03T14:40:33","date_gmt":"2022-11-03T17:40:33","guid":{"rendered":"https:\/\/eldiariodesanpedro.com.ar\/sitio\/?p=112057"},"modified":"2022-11-03T14:40:34","modified_gmt":"2022-11-03T17:40:34","slug":"caso-canete-dictaron-la-prision-preventiva-de-griselda-fasce","status":"publish","type":"post","link":"https:\/\/eldiariodesanpedro.com.ar\/sitio\/caso-canete-dictaron-la-prision-preventiva-de-griselda-fasce\/","title":{"rendered":"Caso Ca\u00f1ete: Dictaron la prisi\u00f3n preventiva de Griselda Fasce"},"content":{"rendered":"<!-- VideographyWP Plugin Message: Automatic video embedding prevented by plugin options. -->\n\n<p>La mujer acusada de asesinar a su pareja permanecer\u00e1 tras las rejas al menos hasta el juicio. En las pr\u00f3ximas horas ser\u00e1 alojada en una Unidad Penal.<\/p>\n\n\n\n<p>El juzgado de garant\u00edas interviniente hizo lugar a lo solicitado por la fiscal Viviana Ramos y dict\u00f3 la prisi\u00f3n preventiva de Griselda Fasce.<\/p>\n\n\n\n<p>Las pruebas aportadas por la fiscal\u00eda son contundentes y alcanzaron para poder convencer al juez que la mujer de 47 a\u00f1os es la \u00fanica responsable de la muerte de Angel Ca\u00f1ete quien ten\u00eda 42 a\u00f1os.<\/p>\n\n\n\n<p>Fasce fue detenida el pasado 29 de septiembre luego de que los testimonios recogidos y los resultados de las pericias llevaran a sostener que lo sucedido ese d\u00eda m\u00e1s las caracter\u00edsticas de los cortes que presentaba la v\u00edctima hab\u00edan sido originados por otra persona y que no se hab\u00eda tratado de autolesiones.<\/p>\n\n\n\n<p>C\u00f3mo se recuerda el hecho se produjo el 6 de noviembre en horas de la tarde en el interior de la casa que ambos compart\u00edan en Hip\u00f3lito Yrigoyen al 600.<\/p>\n\n\n\n<p>Ese d\u00eda la pareja hab\u00eda estado en una reuni\u00f3n familiar, discutieron y se retiraron. Las diferencias continuaron en el domicilio y termin\u00f3 de la peor manera cuando Ca\u00f1ete ya herido sali\u00f3 a la vereda solicitando auxilio. El hombre presentaba dos heridas cortantes, una de ellas afect\u00f3 una arteria lo que hizo que perdiera mucha sangre y tras pelear por su vida varios d\u00edas internado en San Nicol\u00e1s, falleci\u00f3.<\/p>\n\n\n\n<p>Fasce permanece detenida en la sede de la DDI San Nicol\u00e1s pero en los pr\u00f3ximos d\u00edas ser\u00e1 trasladada a una Unidad Penal del Servicio Penitenciario Bonaerense.<\/p>\n\n\n\n<p>Fuente: San Pedro informa<\/p>\n","protected":false},"excerpt":{"rendered":"<p>La mujer acusada de asesinar a su pareja permanecer\u00e1 tras las rejas al menos hasta el juicio. En las pr\u00f3ximas horas ser\u00e1 alojada en una Unidad Penal. El juzgado de garant\u00edas interviniente hizo lugar a lo solicitado por la fiscal Viviana Ramos y dict\u00f3 la prisi\u00f3n preventiva de Griselda Fasce. Las pruebas aportadas por la [&hellip;]<\/p>\n","protected":false},"author":4,"featured_media":112058,"comment_status":"closed","ping_status":"closed","sticky":false,"template":"","format":"standard","meta":{"om_disable_all_campaigns":false,"_jetpack_memberships_contains_paid_content":false,"footnotes":""},"categories":[50,101,2],"tags":[197,3161,696,33,19],"class_list":["post-112057","post","type-post","status-publish","format-standard","has-post-thumbnail","hentry","category-destacadas","category-interes-general-locales","category-locales","tag-buenos-aires","tag-caso-canete-dictaron-la-prision-preventiva-de-griselda-fasce","tag-interes-general","tag-locales","tag-san-pedro"],"aioseo_notices":[],"gutentor_comment":0,"jetpack_featured_media_url":"https:\/\/eldiariodesanpedro.com.ar\/sitio\/wp-content\/uploads\/2022\/11\/0000021361-resized-1920x1080-1.jpg","jetpack_shortlink":"https:\/\/wp.me\/p6RhLt-t9n","jetpack_sharing_enabled":true,"_links":{"self":[{"href":"https:\/\/eldiariodesanpedro.com.ar\/sitio\/wp-json\/wp\/v2\/posts\/112057","targetHints":{"allow":["GET"]}}],"collection":[{"href":"https:\/\/eldiariodesanpedro.com.ar\/sitio\/wp-json\/wp\/v2\/posts"}],"about":[{"href":"https:\/\/eldiariodesanpedro.com.ar\/sitio\/wp-json\/wp\/v2\/types\/post"}],"author":[{"embeddable":true,"href":"https:\/\/eldiariodesanpedro.com.ar\/sitio\/wp-json\/wp\/v2\/users\/4"}],"replies":[{"embeddable":true,"href":"https:\/\/eldiariodesanpedro.com.ar\/sitio\/wp-json\/wp\/v2\/comments?post=112057"}],"version-history":[{"count":1,"href":"https:\/\/eldiariodesanpedro.com.ar\/sitio\/wp-json\/wp\/v2\/posts\/112057\/revisions"}],"predecessor-version":[{"id":112059,"href":"https:\/\/eldiariodesanpedro.com.ar\/sitio\/wp-json\/wp\/v2\/posts\/112057\/revisions\/112059"}],"wp:featuredmedia":[{"embeddable":true,"href":"https:\/\/eldiariodesanpedro.com.ar\/sitio\/wp-json\/wp\/v2\/media\/112058"}],"wp:attachment":[{"href":"https:\/\/eldiariodesanpedro.com.ar\/sitio\/wp-json\/wp\/v2\/media?parent=112057"}],"wp:term":[{"taxonomy":"category","embeddable":true,"href":"https:\/\/eldiariodesanpedro.com.ar\/sitio\/wp-json\/wp\/v2\/categories?post=112057"},{"taxonomy":"post_tag","embeddable":true,"href":"https:\/\/eldiariodesanpedro.com.ar\/sitio\/wp-json\/wp\/v2\/tags?post=112057"}],"curies":[{"name":"wp","href":"https:\/\/api.w.org\/{rel}","templated":true}]}}