{"id":112054,"date":"2022-11-03T14:30:51","date_gmt":"2022-11-03T17:30:51","guid":{"rendered":"https:\/\/eldiariodesanpedro.com.ar\/sitio\/?p=112054"},"modified":"2022-11-03T14:30:52","modified_gmt":"2022-11-03T17:30:52","slug":"rodrigo-lussich-y-anita-martinez-seran-las-figuras-del-verano-en-san-pedro","status":"publish","type":"post","link":"https:\/\/eldiariodesanpedro.com.ar\/sitio\/rodrigo-lussich-y-anita-martinez-seran-las-figuras-del-verano-en-san-pedro\/","title":{"rendered":"Rodrigo Lussich y Anita Mart\u00ednez ser\u00e1n las figuras del verano en San Pedro"},"content":{"rendered":"<!-- VideographyWP Plugin Message: Automatic video embedding prevented by plugin options. -->\n\n<p>Las primeras figuras que formar\u00e1n parte de la cartelera teatral de San Pedro fueron presentadas formalmente.<\/p>\n\n\n\n<p>La actriz Anita Mart\u00ednez y el periodista Rodrigo Lussich, fueron contratados por CV Producciones, la productora de Alejandro Cupit\u00f3 y Facundo Venencio, para hacer temporada en San Pedro.<\/p>\n\n\n\n<p>Anita Mart\u00ednez har\u00e1 un espect\u00e1culo donde se fusionar\u00e1 con actores lugare\u00f1os, ser\u00e1n dos obras: una para toda la familia, y otra titulada \u201cHisteriotipos\u201d y se realizar\u00e1 con el Centro Cultural \u00abAbelardo Castillo\u00bb de San Pedro.<\/p>\n\n\n\n<p>Por su parte Rodrigo Lussich ser\u00e1 el encargado de conducir \u201cTalentos\u201d que por tercer a\u00f1o consecutivo CV producciones viene llevando adelante, Cabe recordar que por la temporada teatral han pasado Costita, Talentos que condujeron Marcelo Polino y Marcela Tauro y tambi\u00e9n pas\u00f3 Carmen Barbieri con Hisopad\u00edsimos.<\/p>\n\n\n\n<p>Seg\u00fan Alejandro Cupit\u00f3 \u201cCuando llegamos pensamos en crear en San Pedro un nuevo espacio de arte, uni\u00e9ndolo con la belleza tur\u00edstica que tiene la ciudad\u201d y se\u00f1al\u00f3 adem\u00e1s \u201cGracias al Sr. Intendente Ram\u00f3n Salazar, y la Secretaria de Turismo y Cultura, Licenciada Marcela Cu\u00f1er, el lugar ofrece teatro y cultura, con figuras de Buenos Aires y una influencia de medios de prensa de alcance nacional\u201d. Adem\u00e1s indic\u00f3 que pronto se estar\u00e1 anunciando la fecha de casting para los que quieran participar.<\/p>\n","protected":false},"excerpt":{"rendered":"<p>Las primeras figuras que formar\u00e1n parte de la cartelera teatral de San Pedro fueron presentadas formalmente. La actriz Anita Mart\u00ednez y el periodista Rodrigo Lussich, fueron contratados por CV Producciones, la productora de Alejandro Cupit\u00f3 y Facundo Venencio, para hacer temporada en San Pedro. Anita Mart\u00ednez har\u00e1 un espect\u00e1culo donde se fusionar\u00e1 con actores lugare\u00f1os, [&hellip;]<\/p>\n","protected":false},"author":4,"featured_media":112055,"comment_status":"closed","ping_status":"closed","sticky":false,"template":"","format":"standard","meta":{"om_disable_all_campaigns":false,"_jetpack_memberships_contains_paid_content":false,"footnotes":""},"categories":[50,101,2],"tags":[],"class_list":["post-112054","post","type-post","status-publish","format-standard","has-post-thumbnail","hentry","category-destacadas","category-interes-general-locales","category-locales"],"aioseo_notices":[],"gutentor_comment":0,"jetpack_featured_media_url":"https:\/\/eldiariodesanpedro.com.ar\/sitio\/wp-content\/uploads\/2022\/11\/Cupito-.jpg","jetpack_shortlink":"https:\/\/wp.me\/p6RhLt-t9k","jetpack_sharing_enabled":true,"_links":{"self":[{"href":"https:\/\/eldiariodesanpedro.com.ar\/sitio\/wp-json\/wp\/v2\/posts\/112054","targetHints":{"allow":["GET"]}}],"collection":[{"href":"https:\/\/eldiariodesanpedro.com.ar\/sitio\/wp-json\/wp\/v2\/posts"}],"about":[{"href":"https:\/\/eldiariodesanpedro.com.ar\/sitio\/wp-json\/wp\/v2\/types\/post"}],"author":[{"embeddable":true,"href":"https:\/\/eldiariodesanpedro.com.ar\/sitio\/wp-json\/wp\/v2\/users\/4"}],"replies":[{"embeddable":true,"href":"https:\/\/eldiariodesanpedro.com.ar\/sitio\/wp-json\/wp\/v2\/comments?post=112054"}],"version-history":[{"count":1,"href":"https:\/\/eldiariodesanpedro.com.ar\/sitio\/wp-json\/wp\/v2\/posts\/112054\/revisions"}],"predecessor-version":[{"id":112056,"href":"https:\/\/eldiariodesanpedro.com.ar\/sitio\/wp-json\/wp\/v2\/posts\/112054\/revisions\/112056"}],"wp:featuredmedia":[{"embeddable":true,"href":"https:\/\/eldiariodesanpedro.com.ar\/sitio\/wp-json\/wp\/v2\/media\/112055"}],"wp:attachment":[{"href":"https:\/\/eldiariodesanpedro.com.ar\/sitio\/wp-json\/wp\/v2\/media?parent=112054"}],"wp:term":[{"taxonomy":"category","embeddable":true,"href":"https:\/\/eldiariodesanpedro.com.ar\/sitio\/wp-json\/wp\/v2\/categories?post=112054"},{"taxonomy":"post_tag","embeddable":true,"href":"https:\/\/eldiariodesanpedro.com.ar\/sitio\/wp-json\/wp\/v2\/tags?post=112054"}],"curies":[{"name":"wp","href":"https:\/\/api.w.org\/{rel}","templated":true}]}}