{"id":112052,"date":"2022-11-03T14:25:26","date_gmt":"2022-11-03T17:25:26","guid":{"rendered":"https:\/\/eldiariodesanpedro.com.ar\/sitio\/?p=112052"},"modified":"2022-11-03T14:25:27","modified_gmt":"2022-11-03T17:25:27","slug":"maximiliano-cabaleiro-aseguro-que-tiene-pruebas-que-generaran-un-giro-en-la-causa","status":"publish","type":"post","link":"https:\/\/eldiariodesanpedro.com.ar\/sitio\/maximiliano-cabaleiro-aseguro-que-tiene-pruebas-que-generaran-un-giro-en-la-causa\/","title":{"rendered":"Maximiliano Cabaleiro aseguro que tiene pruebas que generaran un giro en la causa"},"content":{"rendered":"<!-- VideographyWP Plugin Message: Automatic video embedding prevented by plugin options. -->\n\n<p>La defensa del sindicalista ofreci\u00f3 pruebas importantes ante el juzgado y que seg\u00fan entienden fueron omitidas por la fiscal\u00eda. De ser tenidas en cuenta podr\u00edan generar nuevas medidas en el caso que se investigan los presuntos delitos de aprietes y extorsi\u00f3n.<\/p>\n\n\n\n<p>La causa que se investiga por presuntos actos de aprietes y extorci\u00f3n abri\u00f3 un nuevo cap\u00edtulo este mi\u00e9rcoles cuando el dirigente de Camioneros Maximiliano Cabaleiro habl\u00f3 en exclusiva desde la c\u00e1rcel en el programa \u00abPrimera Plana\u00bb que se emite en el aire de FM G\u00e9nesis y adem\u00e1s de opinar dio detalles de las pruebas que la defensa aport\u00f3 al juzgado para demostrar que no existen los delitos que se les imputan tanto a Cabaleiro como al delegado Fernando Esp\u00edndola.<\/p>\n\n\n\n<p>El dirigente, quien permanece detenido en la UP 3 desde hace siete meses, se refiri\u00f3 a la marcha de la causa y al desempe\u00f1o que la fiscal\u00eda ha tenido en el caso.<\/p>\n\n\n\n<p>Mientras tanto el material que los abogados particulares presentaron son los mismos que se extrajeron de las intervenciones que tuvo el tel\u00e9fono de Cabaleiro y donde se puede apreciar una charla en t\u00e9rminos cordiales con el comerciante Gustavo Rey que es quien luego lo termina denunciando.<\/p>\n\n\n\n<p>\u00abYo permanezco detenido desde hace 7 meses en la Unidad Penal N\u00b0 3 de San Nicol\u00e1s, en un pabell\u00f3n que es para 40 personas y vivimos 94\u00bb, comenz\u00f3 diciendo Cabaleiro en la nota que en exclusiva brind\u00f3 a primera hora de la ma\u00f1ana del mi\u00e9rcoles.&nbsp;<\/p>\n\n\n\n<p>\u00abEl arresto domiciliario fue otorgado por el juez Parodi, luego fue revocado por la jueza Maiztegui y por la C\u00e1mara, mientras que por Fernando Esp\u00edndola fue otorgada la prisi\u00f3n domiciliaria y despu\u00e9s la C\u00e1mara de San Nicol\u00e1s la revoc\u00f3\u00bb.<\/p>\n\n\n\n<p>\u00abYo no tengo dudas que en el poder judicial de San Nicol\u00e1s est\u00e1 enquistada la \u00abgestapro\u00bb, un poder judicial que se vincula mucho a lo pol\u00edtico y est\u00e1n actuando adentro de esta causa\u00bb, remarc\u00f3.<\/p>\n\n\n\n<p>\u00abEstas pruebas que resaltamos ahora est\u00e1n aportadas desde el comienzo de la causa y la fiscal Viviani nunca las ha tenido en cuenta, es decir que no hay pruebas nuevas sino que no se las tuvieron en cuenta y se mantuvieron ocultas\u00bb, manifest\u00f3 el sindicalista.<\/p>\n\n\n\n<p>\u00abLo mismo que ese audio donde cualquiera que lo escuche va a estar de acuerdo con lo que presenta mi abogado y con lo que sostuvimos siempre\u00bb.&nbsp;<\/p>\n\n\n\n<p>\u00abNosotros siempre estuvimos a derecho, nosotros mismos nos entregamos, no me profugu\u00e9, estuvimos siempre a disposici\u00f3n del juzgado y la fiscal\u00eda, y tras eso hay una fiscal que no ha presentado absolutamente nada en los \u00faltimos meses, no se mueve, y con estos audios que mostramos ahora porque no son nuevos, lo podemos demostrar\u00bb, asegur\u00f3.<\/p>\n\n\n\n<p>\u00abLos abogados m\u00edos, despu\u00e9s de esperar mucho tiempo para que les entreguen los audios, y tras dos meses de trabajar escuchando la intervenci\u00f3n que la fiscal hizo de mi tel\u00e9fono, se encontraron con un mont\u00f3n de pruebas a favor nuestro y ah\u00ed se puede advertir la falta de \u00e9tica de esta fiscal por no tenerlos en cuenta, y hasta de no querer entregarlos cuando los ped\u00eda la defensa, ah\u00ed entendemos el porqu\u00e9 y la imparcialidad del ministerio p\u00fablico fiscal\u00bb.<\/p>\n\n\n\n<p>\u00abEs m\u00e1s, si escuchamos bien el audio queda claro que el extorsionador pasa a ser estacionado, ofreci\u00e9ndome plata y present\u00e1ndome gente que me va a hacer ganar mucho dinero, pero la fiscal no lo tuvo en cuenta. Esto es mucho m\u00e1s grave\u00bb, expres\u00f3 Cabaleiro.<\/p>\n\n\n\n<p>Fuente: San Pedro Informa<\/p>\n","protected":false},"excerpt":{"rendered":"<p>La defensa del sindicalista ofreci\u00f3 pruebas importantes ante el juzgado y que seg\u00fan entienden fueron omitidas por la fiscal\u00eda. De ser tenidas en cuenta podr\u00edan generar nuevas medidas en el caso que se investigan los presuntos delitos de aprietes y extorsi\u00f3n. La causa que se investiga por presuntos actos de aprietes y extorci\u00f3n abri\u00f3 un [&hellip;]<\/p>\n","protected":false},"author":4,"featured_media":106301,"comment_status":"closed","ping_status":"closed","sticky":false,"template":"","format":"standard","meta":{"om_disable_all_campaigns":false,"_jetpack_memberships_contains_paid_content":false,"footnotes":""},"categories":[50,101,2],"tags":[197,696,33,3159,19],"class_list":["post-112052","post","type-post","status-publish","format-standard","has-post-thumbnail","hentry","category-destacadas","category-interes-general-locales","category-locales","tag-buenos-aires","tag-interes-general","tag-locales","tag-maximiliano-cabaleiro-aseguro-que-tiene-pruebas-que-generaran-un-giro-en-la-causa","tag-san-pedro"],"aioseo_notices":[],"gutentor_comment":0,"jetpack_featured_media_url":"https:\/\/eldiariodesanpedro.com.ar\/sitio\/wp-content\/uploads\/2022\/04\/cabaleiro.jpg","jetpack_shortlink":"https:\/\/wp.me\/p6RhLt-t9i","jetpack_sharing_enabled":true,"_links":{"self":[{"href":"https:\/\/eldiariodesanpedro.com.ar\/sitio\/wp-json\/wp\/v2\/posts\/112052","targetHints":{"allow":["GET"]}}],"collection":[{"href":"https:\/\/eldiariodesanpedro.com.ar\/sitio\/wp-json\/wp\/v2\/posts"}],"about":[{"href":"https:\/\/eldiariodesanpedro.com.ar\/sitio\/wp-json\/wp\/v2\/types\/post"}],"author":[{"embeddable":true,"href":"https:\/\/eldiariodesanpedro.com.ar\/sitio\/wp-json\/wp\/v2\/users\/4"}],"replies":[{"embeddable":true,"href":"https:\/\/eldiariodesanpedro.com.ar\/sitio\/wp-json\/wp\/v2\/comments?post=112052"}],"version-history":[{"count":1,"href":"https:\/\/eldiariodesanpedro.com.ar\/sitio\/wp-json\/wp\/v2\/posts\/112052\/revisions"}],"predecessor-version":[{"id":112053,"href":"https:\/\/eldiariodesanpedro.com.ar\/sitio\/wp-json\/wp\/v2\/posts\/112052\/revisions\/112053"}],"wp:featuredmedia":[{"embeddable":true,"href":"https:\/\/eldiariodesanpedro.com.ar\/sitio\/wp-json\/wp\/v2\/media\/106301"}],"wp:attachment":[{"href":"https:\/\/eldiariodesanpedro.com.ar\/sitio\/wp-json\/wp\/v2\/media?parent=112052"}],"wp:term":[{"taxonomy":"category","embeddable":true,"href":"https:\/\/eldiariodesanpedro.com.ar\/sitio\/wp-json\/wp\/v2\/categories?post=112052"},{"taxonomy":"post_tag","embeddable":true,"href":"https:\/\/eldiariodesanpedro.com.ar\/sitio\/wp-json\/wp\/v2\/tags?post=112052"}],"curies":[{"name":"wp","href":"https:\/\/api.w.org\/{rel}","templated":true}]}}