{"id":112041,"date":"2022-11-02T18:28:05","date_gmt":"2022-11-02T21:28:05","guid":{"rendered":"https:\/\/eldiariodesanpedro.com.ar\/sitio\/?p=112041"},"modified":"2022-11-02T18:28:06","modified_gmt":"2022-11-02T21:28:06","slug":"aparecio-el-mensajero-de-50-anos-buscado-hace-varios-dias","status":"publish","type":"post","link":"https:\/\/eldiariodesanpedro.com.ar\/sitio\/aparecio-el-mensajero-de-50-anos-buscado-hace-varios-dias\/","title":{"rendered":"Apareci\u00f3 el mensajero de 50 a\u00f1os buscado hace varios d\u00edas"},"content":{"rendered":"<!-- VideographyWP Plugin Message: Automatic video embedding prevented by plugin options. -->\n\n<p>Luego de ausentarse por varias d\u00edas (desde el 13 de octubre pasado ), se pudo dar con el paradero de Jorge Fabi\u00e1n Bonda, el hombre de 50 a\u00f1os que era buscado intensamente por familiares, amigos y por la polic\u00eda.<\/p>\n\n\n\n<p>Las primeras informaciones indican que apareci\u00f3 en su casa, en buen estado de salud. Se le realizaron estudios m\u00e9dicos por protocolo.<\/p>\n","protected":false},"excerpt":{"rendered":"<p>Luego de ausentarse por varias d\u00edas (desde el 13 de octubre pasado ), se pudo dar con el paradero de Jorge Fabi\u00e1n Bonda, el hombre de 50 a\u00f1os que era buscado intensamente por familiares, amigos y por la polic\u00eda. Las primeras informaciones indican que apareci\u00f3 en su casa, en buen estado de salud. Se le [&hellip;]<\/p>\n","protected":false},"author":4,"featured_media":111971,"comment_status":"closed","ping_status":"closed","sticky":false,"template":"","format":"standard","meta":{"om_disable_all_campaigns":false,"_jetpack_memberships_contains_paid_content":false,"footnotes":""},"categories":[101,2],"tags":[197,696,33,19],"class_list":["post-112041","post","type-post","status-publish","format-standard","has-post-thumbnail","hentry","category-interes-general-locales","category-locales","tag-buenos-aires","tag-interes-general","tag-locales","tag-san-pedro"],"aioseo_notices":[],"gutentor_comment":0,"jetpack_featured_media_url":"https:\/\/eldiariodesanpedro.com.ar\/sitio\/wp-content\/uploads\/2022\/11\/medida.png","jetpack_shortlink":"https:\/\/wp.me\/p6RhLt-t97","jetpack_sharing_enabled":true,"_links":{"self":[{"href":"https:\/\/eldiariodesanpedro.com.ar\/sitio\/wp-json\/wp\/v2\/posts\/112041","targetHints":{"allow":["GET"]}}],"collection":[{"href":"https:\/\/eldiariodesanpedro.com.ar\/sitio\/wp-json\/wp\/v2\/posts"}],"about":[{"href":"https:\/\/eldiariodesanpedro.com.ar\/sitio\/wp-json\/wp\/v2\/types\/post"}],"author":[{"embeddable":true,"href":"https:\/\/eldiariodesanpedro.com.ar\/sitio\/wp-json\/wp\/v2\/users\/4"}],"replies":[{"embeddable":true,"href":"https:\/\/eldiariodesanpedro.com.ar\/sitio\/wp-json\/wp\/v2\/comments?post=112041"}],"version-history":[{"count":1,"href":"https:\/\/eldiariodesanpedro.com.ar\/sitio\/wp-json\/wp\/v2\/posts\/112041\/revisions"}],"predecessor-version":[{"id":112042,"href":"https:\/\/eldiariodesanpedro.com.ar\/sitio\/wp-json\/wp\/v2\/posts\/112041\/revisions\/112042"}],"wp:featuredmedia":[{"embeddable":true,"href":"https:\/\/eldiariodesanpedro.com.ar\/sitio\/wp-json\/wp\/v2\/media\/111971"}],"wp:attachment":[{"href":"https:\/\/eldiariodesanpedro.com.ar\/sitio\/wp-json\/wp\/v2\/media?parent=112041"}],"wp:term":[{"taxonomy":"category","embeddable":true,"href":"https:\/\/eldiariodesanpedro.com.ar\/sitio\/wp-json\/wp\/v2\/categories?post=112041"},{"taxonomy":"post_tag","embeddable":true,"href":"https:\/\/eldiariodesanpedro.com.ar\/sitio\/wp-json\/wp\/v2\/tags?post=112041"}],"curies":[{"name":"wp","href":"https:\/\/api.w.org\/{rel}","templated":true}]}}