{"id":112022,"date":"2022-11-02T14:03:20","date_gmt":"2022-11-02T17:03:20","guid":{"rendered":"https:\/\/eldiariodesanpedro.com.ar\/sitio\/?p=112022"},"modified":"2022-11-02T14:03:22","modified_gmt":"2022-11-02T17:03:22","slug":"edicto-de-mori-stella-maris-c-leiva-de-olivieri-zoila-s-usucapion","status":"publish","type":"post","link":"https:\/\/eldiariodesanpedro.com.ar\/sitio\/edicto-de-mori-stella-maris-c-leiva-de-olivieri-zoila-s-usucapion\/","title":{"rendered":"Edicto de Mori Stella Maris c\/ Leiva de Olivieri Zoila s\/ Usucapi\u00f3n"},"content":{"rendered":"<!-- VideographyWP Plugin Message: Automatic video embedding prevented by plugin options. -->\n\n<p>El Juzgado de Paz Letrado de Baradero, Secretar\u00eda Unica, Dpto. Judicial de San Nicol\u00e1s, en autos: \u201d<strong>Mori Stella Maris c\/ Leiva de Olivieri Zoila s\/ Usucapi\u00f3n<\/strong>\u201d (Exp. 26326-10) cita y emplaza al\/os demandado\/s Zoila Leiva de Olivieri y\/o su\/s heredero\/s y\/o a quien\/es se considere\/n con derechos sobre el inmueble sito en la esquina de Rodriguez y Boedo de la ciudad de Baradero, cuya Nomenclatura catastral de origen es: Circ. 1, Sec. A, Manz. 8; Parc. 10, partida inmobiliaria n\u00ba 009-010469-1, (seg\u00fan plano de posesi\u00f3n n\u00ba 9-11-89 se designa catastralmente como Circ. 1, Sec. A, Manz. 8, Parc. 10b), para que dentro del plazo de diez d\u00edas comparezcan a estar a derecho y contestar demanda, bajo apercibimiento de designarse un Defensor Oficial de Ausentes que lo\/s represente.- Baradero, 1\u00ba de noviembre de 2022.-<\/p>\n\n\n\n<p>ESTEBAN OMAR PERUSINA <br>ABOGADO SECRETARIO<\/p>\n\n\n\n<p>(Publicaci\u00f3n V\u00e1lida por tres d\u00edas desde el 01 al 03 de noviembre de 2022)<br><a href=\"https:\/\/notificaciones.scba.gov.ar\/verificarnotificacion.aspx?codNotif=x2uk2u\">https:\/\/notificaciones.scba.gov.ar\/verificarnotificacion.aspx?codNotif=x2uk2u<\/a><\/p>\n","protected":false},"excerpt":{"rendered":"<p>El Juzgado de Paz Letrado de Baradero, Secretar\u00eda Unica, Dpto. Judicial de San Nicol\u00e1s, en autos: \u201dMori Stella Maris c\/ Leiva de Olivieri Zoila s\/ Usucapi\u00f3n\u201d (Exp. 26326-10) cita y emplaza al\/os demandado\/s Zoila Leiva de Olivieri y\/o su\/s heredero\/s y\/o a quien\/es se considere\/n con derechos sobre el inmueble sito en la esquina de [&hellip;]<\/p>\n","protected":false},"author":4,"featured_media":102746,"comment_status":"closed","ping_status":"closed","sticky":false,"template":"","format":"standard","meta":{"om_disable_all_campaigns":false,"_jetpack_memberships_contains_paid_content":false,"footnotes":""},"categories":[676,1124],"tags":[197,1121,3149,1355,19,1122],"class_list":["post-112022","post","type-post","status-publish","format-standard","has-post-thumbnail","hentry","category-edictos","category-edictos-especiales","tag-buenos-aires","tag-edicto","tag-edicto-de-mori-stella-maris-c-leiva-de-olivieri-zoila-s-usucapion","tag-judiciales","tag-san-pedro","tag-sucesion"],"aioseo_notices":[],"gutentor_comment":0,"jetpack_featured_media_url":"https:\/\/eldiariodesanpedro.com.ar\/sitio\/wp-content\/uploads\/2022\/01\/EDICTO.jpg","jetpack_shortlink":"https:\/\/wp.me\/p6RhLt-t8O","jetpack_sharing_enabled":true,"_links":{"self":[{"href":"https:\/\/eldiariodesanpedro.com.ar\/sitio\/wp-json\/wp\/v2\/posts\/112022","targetHints":{"allow":["GET"]}}],"collection":[{"href":"https:\/\/eldiariodesanpedro.com.ar\/sitio\/wp-json\/wp\/v2\/posts"}],"about":[{"href":"https:\/\/eldiariodesanpedro.com.ar\/sitio\/wp-json\/wp\/v2\/types\/post"}],"author":[{"embeddable":true,"href":"https:\/\/eldiariodesanpedro.com.ar\/sitio\/wp-json\/wp\/v2\/users\/4"}],"replies":[{"embeddable":true,"href":"https:\/\/eldiariodesanpedro.com.ar\/sitio\/wp-json\/wp\/v2\/comments?post=112022"}],"version-history":[{"count":1,"href":"https:\/\/eldiariodesanpedro.com.ar\/sitio\/wp-json\/wp\/v2\/posts\/112022\/revisions"}],"predecessor-version":[{"id":112023,"href":"https:\/\/eldiariodesanpedro.com.ar\/sitio\/wp-json\/wp\/v2\/posts\/112022\/revisions\/112023"}],"wp:featuredmedia":[{"embeddable":true,"href":"https:\/\/eldiariodesanpedro.com.ar\/sitio\/wp-json\/wp\/v2\/media\/102746"}],"wp:attachment":[{"href":"https:\/\/eldiariodesanpedro.com.ar\/sitio\/wp-json\/wp\/v2\/media?parent=112022"}],"wp:term":[{"taxonomy":"category","embeddable":true,"href":"https:\/\/eldiariodesanpedro.com.ar\/sitio\/wp-json\/wp\/v2\/categories?post=112022"},{"taxonomy":"post_tag","embeddable":true,"href":"https:\/\/eldiariodesanpedro.com.ar\/sitio\/wp-json\/wp\/v2\/tags?post=112022"}],"curies":[{"name":"wp","href":"https:\/\/api.w.org\/{rel}","templated":true}]}}