{"id":112018,"date":"2022-11-02T11:44:15","date_gmt":"2022-11-02T14:44:15","guid":{"rendered":"https:\/\/eldiariodesanpedro.com.ar\/sitio\/?p=112018"},"modified":"2022-11-02T11:44:16","modified_gmt":"2022-11-02T14:44:16","slug":"reunion-con-concejales-y-distribuidores-por-horario-de-carga-y-descarga-en-el-centro-de-la-ciudad","status":"publish","type":"post","link":"https:\/\/eldiariodesanpedro.com.ar\/sitio\/reunion-con-concejales-y-distribuidores-por-horario-de-carga-y-descarga-en-el-centro-de-la-ciudad\/","title":{"rendered":"Reuni\u00f3n con concejales y distribuidores por horario de carga y descarga en el centro de la ciudad"},"content":{"rendered":"<!-- VideographyWP Plugin Message: Automatic video embedding prevented by plugin options. -->\n\n<p>En el Centro de Comercio, Industria y Turismo de la ciudad de San Pedro encabezado por su Presidente Ra\u00fal Cheyllada junto a los Concejales Hugo Binimelis, Paola Basso y un importante n\u00famero de empresas del sector de distribuci\u00f3n de nuestra ciudad, se desarroll\u00f3 una reuni\u00f3n para profundizar los alcances del Proyecto de Ordenanza sobre \u201cHorario de carga y descarga en la zona c\u00e9ntrica &nbsp;de la Ciudad.\u00bb<\/p>\n\n\n\n<p>Demarcaciones espec\u00edficas para carga y descarga, horarios, se\u00f1alizaci\u00f3n, redistribuci\u00f3n de las zonas establecidas para motos, comunicaci\u00f3n para distribuidores for\u00e1neos, entre otros temas, dieron lugar a un an\u00e1lisis profundo en favor de un ordenamiento que contemple las mejores condiciones posibles de acceso al centro del sector de distribuci\u00f3n, considerando asimismo, las diferentes necesidades de los comercios y de la sociedad en general.<\/p>\n\n\n\n<p>De esta manera, durante las pr\u00f3ximas semanas, esta Instituci\u00f3n mantendr\u00e1 di\u00e1logo permanente con los actores, a&nbsp;fin de contribuir con uno de los sectores m\u00e1s importantes de asistencia al Comercio.<\/p>\n\n\n\n<p>La reuni\u00f3n fue acompa\u00f1ada tambi\u00e9n por el Sr. Vice Presidente de la Instituci\u00f3n Sr. Rafael Gomila.<\/p>\n","protected":false},"excerpt":{"rendered":"<p>En el Centro de Comercio, Industria y Turismo de la ciudad de San Pedro encabezado por su Presidente Ra\u00fal Cheyllada junto a los Concejales Hugo Binimelis, Paola Basso y un importante n\u00famero de empresas del sector de distribuci\u00f3n de nuestra ciudad, se desarroll\u00f3 una reuni\u00f3n para profundizar los alcances del Proyecto de Ordenanza sobre \u201cHorario [&hellip;]<\/p>\n","protected":false},"author":4,"featured_media":112019,"comment_status":"closed","ping_status":"closed","sticky":false,"template":"","format":"standard","meta":{"om_disable_all_campaigns":false,"_jetpack_memberships_contains_paid_content":false,"footnotes":""},"categories":[50,101,2],"tags":[197,696,33,3148,19],"class_list":["post-112018","post","type-post","status-publish","format-standard","has-post-thumbnail","hentry","category-destacadas","category-interes-general-locales","category-locales","tag-buenos-aires","tag-interes-general","tag-locales","tag-reunion-con-concejales-y-distribuidores-por-horario-de-carga-y-descarga-en-el-centro-de-la-ciudad","tag-san-pedro"],"aioseo_notices":[],"gutentor_comment":0,"jetpack_featured_media_url":"https:\/\/eldiariodesanpedro.com.ar\/sitio\/wp-content\/uploads\/2022\/11\/17834.jpg","jetpack_shortlink":"https:\/\/wp.me\/p6RhLt-t8K","jetpack_sharing_enabled":true,"_links":{"self":[{"href":"https:\/\/eldiariodesanpedro.com.ar\/sitio\/wp-json\/wp\/v2\/posts\/112018","targetHints":{"allow":["GET"]}}],"collection":[{"href":"https:\/\/eldiariodesanpedro.com.ar\/sitio\/wp-json\/wp\/v2\/posts"}],"about":[{"href":"https:\/\/eldiariodesanpedro.com.ar\/sitio\/wp-json\/wp\/v2\/types\/post"}],"author":[{"embeddable":true,"href":"https:\/\/eldiariodesanpedro.com.ar\/sitio\/wp-json\/wp\/v2\/users\/4"}],"replies":[{"embeddable":true,"href":"https:\/\/eldiariodesanpedro.com.ar\/sitio\/wp-json\/wp\/v2\/comments?post=112018"}],"version-history":[{"count":1,"href":"https:\/\/eldiariodesanpedro.com.ar\/sitio\/wp-json\/wp\/v2\/posts\/112018\/revisions"}],"predecessor-version":[{"id":112020,"href":"https:\/\/eldiariodesanpedro.com.ar\/sitio\/wp-json\/wp\/v2\/posts\/112018\/revisions\/112020"}],"wp:featuredmedia":[{"embeddable":true,"href":"https:\/\/eldiariodesanpedro.com.ar\/sitio\/wp-json\/wp\/v2\/media\/112019"}],"wp:attachment":[{"href":"https:\/\/eldiariodesanpedro.com.ar\/sitio\/wp-json\/wp\/v2\/media?parent=112018"}],"wp:term":[{"taxonomy":"category","embeddable":true,"href":"https:\/\/eldiariodesanpedro.com.ar\/sitio\/wp-json\/wp\/v2\/categories?post=112018"},{"taxonomy":"post_tag","embeddable":true,"href":"https:\/\/eldiariodesanpedro.com.ar\/sitio\/wp-json\/wp\/v2\/tags?post=112018"}],"curies":[{"name":"wp","href":"https:\/\/api.w.org\/{rel}","templated":true}]}}