{"id":112010,"date":"2022-11-02T11:33:44","date_gmt":"2022-11-02T14:33:44","guid":{"rendered":"https:\/\/eldiariodesanpedro.com.ar\/sitio\/?p=112010"},"modified":"2022-11-02T11:33:45","modified_gmt":"2022-11-02T14:33:45","slug":"nueva-sede-gremial-para-una-mejor-atencion-de-los-afiliados-y-nuevos-proyectos-para-todos-los-papeleros","status":"publish","type":"post","link":"https:\/\/eldiariodesanpedro.com.ar\/sitio\/nueva-sede-gremial-para-una-mejor-atencion-de-los-afiliados-y-nuevos-proyectos-para-todos-los-papeleros\/","title":{"rendered":"Nueva sede gremial para una mejor atenci\u00f3n de los afiliados y nuevos proyectos para todos los papeleros"},"content":{"rendered":"<!-- VideographyWP Plugin Message: Automatic video embedding prevented by plugin options. -->\n\n<p>El Sindicato de la Industria del Papel de San Pedro inaugur\u00f3 oficialmente este martes 1\u00b0 de noviembre su sede gremial propia, tras la adquisici\u00f3n de una propiedad de 520 metros cuadrados, en el centro de la ciudad.<\/p>\n\n\n\n<p>A partir de hoy la atenci\u00f3n al p\u00fablico a los afiliados del Sindicato y de la Mutual de Seguridad Social, se realiza en las oficinas que fueron presentadas con un acto al que concurrieron miembros de la comisi\u00f3n directiva, funcionarios municipales, colaboradores, familiares y allegados al funcionamiento del gremio. &nbsp;<\/p>\n\n\n\n<p>En representaci\u00f3n del Intendente Municipal participaron el Secretario de Gobierno Mart\u00edn Baraybar, la Secretaria de Turismo y Cultura Marcela Cu\u00f1er, el Secretario de Servicios P\u00fablicos Ariel \u00c1lvarez y tambi\u00e9n acompa\u00f1aron el acto el Prefecto Yamil Casas y la Delegada del Ministerio de Trabajo Dra.Sof\u00eda Rotundo.<\/p>\n\n\n\n<p><strong>Roberto Gavito y Gerardo Gelabert<\/strong>&nbsp;fueron los encargados de dar la bienvenida a quienes se reunieron en las puertas de&nbsp;<strong>Quiroga 75<\/strong>&nbsp;para participar de este \u00abd\u00eda hist\u00f3rico para todos los papeleros\u00bb.<\/p>\n\n\n\n<p>Gelabert, Secretario General del gremio record\u00f3 que muchos de los que hoy son parte de la conducci\u00f3n del gremio, en la d\u00e9cada del 90 eran hijos de trabajadores papeleros que sufr\u00edan la complicada relaci\u00f3n que el Sindicato ten\u00eda con la Federaci\u00f3n a la que se encontraban adheridos sin contar con el respaldo a trav\u00e9s de m\u00faltiples conflictos que llevaron al gremio y a todos los papeleros a situaciones muy delicadas.<\/p>\n\n\n\n<p>Despu\u00e9s de aquellos tiempos de paros, despidos e incertidumbre, hoy el Sindicato puede celebrar con sus afiliados la adquisici\u00f3n de esta propiedad que les permitir\u00e1 adem\u00e1s proyectar otras obras para consolidar su situaci\u00f3n y poder seguir generando beneficios para todos los trabajadores.<\/p>\n\n\n\n<p><strong>\u00abCon Solidaridad y Organizaci\u00f3n pudimos construir este presente\u00bb&nbsp;<\/strong>dijo Gelabert que record\u00f3 adem\u00e1s que desde el Sindicato se vienen generando acciones como el pago de coseguros de salud, acompa\u00f1amiento a deportistas, apoyo con \u00fatiles escolares, ayuda social permanente, convenios para entretenimiento y recreaci\u00f3n, y turismo entre otras propuestas.<\/p>\n\n\n\n<p>Tras el mensaje, se realiz\u00f3 el corte de cintas en el acceso a la primera oficina habilitada, se descubri\u00f3 una placa con el nombre de todos los integrantes de la comisi\u00f3n directiva y se ofreci\u00f3 una recepci\u00f3n en el interior del edificio que continuar\u00e1 en remodelaci\u00f3n en sucesivas etapas.<\/p>\n\n\n\n<p><strong>Las autoridades del Sindicato agradecen a todos los que han colaborado para este acontecimiento, a su personal y fundamentalmente a todos los afiliados.<\/strong><\/p>\n\n\n\n<figure class=\"wp-block-image size-large\"><img decoding=\"async\" width=\"1024\" height=\"461\" data-attachment-id=\"112015\" data-permalink=\"https:\/\/eldiariodesanpedro.com.ar\/sitio\/nueva-sede-gremial-para-una-mejor-atencion-de-los-afiliados-y-nuevos-proyectos-para-todos-los-papeleros\/nueva-sede-papeleros-01112022-28\/\" data-orig-file=\"https:\/\/eldiariodesanpedro.com.ar\/sitio\/wp-content\/uploads\/2022\/11\/Nueva-Sede-Papeleros-01112022-28.jpeg\" data-orig-size=\"1200,540\" data-comments-opened=\"0\" data-image-meta=\"{&quot;aperture&quot;:&quot;0&quot;,&quot;credit&quot;:&quot;&quot;,&quot;camera&quot;:&quot;&quot;,&quot;caption&quot;:&quot;&quot;,&quot;created_timestamp&quot;:&quot;0&quot;,&quot;copyright&quot;:&quot;&quot;,&quot;focal_length&quot;:&quot;0&quot;,&quot;iso&quot;:&quot;0&quot;,&quot;shutter_speed&quot;:&quot;0&quot;,&quot;title&quot;:&quot;&quot;,&quot;orientation&quot;:&quot;0&quot;}\" data-image-title=\"Nueva Sede Papeleros 01112022 (28)\" data-image-description=\"\" data-image-caption=\"\" data-large-file=\"https:\/\/eldiariodesanpedro.com.ar\/sitio\/wp-content\/uploads\/2022\/11\/Nueva-Sede-Papeleros-01112022-28-1024x461.jpeg\" data-src=\"https:\/\/eldiariodesanpedro.com.ar\/sitio\/wp-content\/uploads\/2022\/11\/Nueva-Sede-Papeleros-01112022-28-1024x461.jpeg\" alt=\"\" class=\"wp-image-112015 lazyload\" data-srcset=\"https:\/\/eldiariodesanpedro.com.ar\/sitio\/wp-content\/uploads\/2022\/11\/Nueva-Sede-Papeleros-01112022-28-1024x461.jpeg 1024w, https:\/\/eldiariodesanpedro.com.ar\/sitio\/wp-content\/uploads\/2022\/11\/Nueva-Sede-Papeleros-01112022-28-300x135.jpeg 300w, https:\/\/eldiariodesanpedro.com.ar\/sitio\/wp-content\/uploads\/2022\/11\/Nueva-Sede-Papeleros-01112022-28-768x346.jpeg 768w, https:\/\/eldiariodesanpedro.com.ar\/sitio\/wp-content\/uploads\/2022\/11\/Nueva-Sede-Papeleros-01112022-28.jpeg 1200w\" data-sizes=\"(max-width: 1024px) 100vw, 1024px\" src=\"data:image\/svg+xml;base64,PHN2ZyB3aWR0aD0iMSIgaGVpZ2h0PSIxIiB4bWxucz0iaHR0cDovL3d3dy53My5vcmcvMjAwMC9zdmciPjwvc3ZnPg==\" style=\"--smush-placeholder-width: 1024px; --smush-placeholder-aspect-ratio: 1024\/461;\" \/><\/figure>\n\n\n\n<figure class=\"wp-block-image size-large\"><img decoding=\"async\" width=\"1024\" height=\"461\" data-attachment-id=\"112014\" data-permalink=\"https:\/\/eldiariodesanpedro.com.ar\/sitio\/nueva-sede-gremial-para-una-mejor-atencion-de-los-afiliados-y-nuevos-proyectos-para-todos-los-papeleros\/nueva-sede-papeleros-01112022-16\/\" data-orig-file=\"https:\/\/eldiariodesanpedro.com.ar\/sitio\/wp-content\/uploads\/2022\/11\/Nueva-Sede-Papeleros-01112022-16.jpeg\" data-orig-size=\"1200,540\" data-comments-opened=\"0\" data-image-meta=\"{&quot;aperture&quot;:&quot;0&quot;,&quot;credit&quot;:&quot;&quot;,&quot;camera&quot;:&quot;&quot;,&quot;caption&quot;:&quot;&quot;,&quot;created_timestamp&quot;:&quot;0&quot;,&quot;copyright&quot;:&quot;&quot;,&quot;focal_length&quot;:&quot;0&quot;,&quot;iso&quot;:&quot;0&quot;,&quot;shutter_speed&quot;:&quot;0&quot;,&quot;title&quot;:&quot;&quot;,&quot;orientation&quot;:&quot;0&quot;}\" data-image-title=\"Nueva Sede Papeleros 01112022 (16)\" data-image-description=\"\" data-image-caption=\"\" data-large-file=\"https:\/\/eldiariodesanpedro.com.ar\/sitio\/wp-content\/uploads\/2022\/11\/Nueva-Sede-Papeleros-01112022-16-1024x461.jpeg\" data-src=\"https:\/\/eldiariodesanpedro.com.ar\/sitio\/wp-content\/uploads\/2022\/11\/Nueva-Sede-Papeleros-01112022-16-1024x461.jpeg\" alt=\"\" class=\"wp-image-112014 lazyload\" data-srcset=\"https:\/\/eldiariodesanpedro.com.ar\/sitio\/wp-content\/uploads\/2022\/11\/Nueva-Sede-Papeleros-01112022-16-1024x461.jpeg 1024w, https:\/\/eldiariodesanpedro.com.ar\/sitio\/wp-content\/uploads\/2022\/11\/Nueva-Sede-Papeleros-01112022-16-300x135.jpeg 300w, https:\/\/eldiariodesanpedro.com.ar\/sitio\/wp-content\/uploads\/2022\/11\/Nueva-Sede-Papeleros-01112022-16-768x346.jpeg 768w, https:\/\/eldiariodesanpedro.com.ar\/sitio\/wp-content\/uploads\/2022\/11\/Nueva-Sede-Papeleros-01112022-16.jpeg 1200w\" data-sizes=\"(max-width: 1024px) 100vw, 1024px\" src=\"data:image\/svg+xml;base64,PHN2ZyB3aWR0aD0iMSIgaGVpZ2h0PSIxIiB4bWxucz0iaHR0cDovL3d3dy53My5vcmcvMjAwMC9zdmciPjwvc3ZnPg==\" style=\"--smush-placeholder-width: 1024px; --smush-placeholder-aspect-ratio: 1024\/461;\" \/><\/figure>\n\n\n\n<figure class=\"wp-block-image size-large\"><img decoding=\"async\" width=\"1024\" height=\"461\" data-attachment-id=\"112013\" data-permalink=\"https:\/\/eldiariodesanpedro.com.ar\/sitio\/nueva-sede-gremial-para-una-mejor-atencion-de-los-afiliados-y-nuevos-proyectos-para-todos-los-papeleros\/nueva-sede-papeleros-01112022-8\/\" data-orig-file=\"https:\/\/eldiariodesanpedro.com.ar\/sitio\/wp-content\/uploads\/2022\/11\/Nueva-Sede-Papeleros-01112022-8.jpeg\" data-orig-size=\"1200,540\" data-comments-opened=\"0\" data-image-meta=\"{&quot;aperture&quot;:&quot;0&quot;,&quot;credit&quot;:&quot;&quot;,&quot;camera&quot;:&quot;&quot;,&quot;caption&quot;:&quot;&quot;,&quot;created_timestamp&quot;:&quot;0&quot;,&quot;copyright&quot;:&quot;&quot;,&quot;focal_length&quot;:&quot;0&quot;,&quot;iso&quot;:&quot;0&quot;,&quot;shutter_speed&quot;:&quot;0&quot;,&quot;title&quot;:&quot;&quot;,&quot;orientation&quot;:&quot;0&quot;}\" data-image-title=\"Nueva Sede Papeleros 01112022 (8)\" data-image-description=\"\" data-image-caption=\"\" data-large-file=\"https:\/\/eldiariodesanpedro.com.ar\/sitio\/wp-content\/uploads\/2022\/11\/Nueva-Sede-Papeleros-01112022-8-1024x461.jpeg\" data-src=\"https:\/\/eldiariodesanpedro.com.ar\/sitio\/wp-content\/uploads\/2022\/11\/Nueva-Sede-Papeleros-01112022-8-1024x461.jpeg\" alt=\"\" class=\"wp-image-112013 lazyload\" data-srcset=\"https:\/\/eldiariodesanpedro.com.ar\/sitio\/wp-content\/uploads\/2022\/11\/Nueva-Sede-Papeleros-01112022-8-1024x461.jpeg 1024w, https:\/\/eldiariodesanpedro.com.ar\/sitio\/wp-content\/uploads\/2022\/11\/Nueva-Sede-Papeleros-01112022-8-300x135.jpeg 300w, https:\/\/eldiariodesanpedro.com.ar\/sitio\/wp-content\/uploads\/2022\/11\/Nueva-Sede-Papeleros-01112022-8-768x346.jpeg 768w, https:\/\/eldiariodesanpedro.com.ar\/sitio\/wp-content\/uploads\/2022\/11\/Nueva-Sede-Papeleros-01112022-8.jpeg 1200w\" data-sizes=\"(max-width: 1024px) 100vw, 1024px\" src=\"data:image\/svg+xml;base64,PHN2ZyB3aWR0aD0iMSIgaGVpZ2h0PSIxIiB4bWxucz0iaHR0cDovL3d3dy53My5vcmcvMjAwMC9zdmciPjwvc3ZnPg==\" style=\"--smush-placeholder-width: 1024px; --smush-placeholder-aspect-ratio: 1024\/461;\" \/><\/figure>\n\n\n\n<figure class=\"wp-block-image size-large\"><img decoding=\"async\" width=\"1024\" height=\"461\" data-attachment-id=\"112012\" data-permalink=\"https:\/\/eldiariodesanpedro.com.ar\/sitio\/nueva-sede-gremial-para-una-mejor-atencion-de-los-afiliados-y-nuevos-proyectos-para-todos-los-papeleros\/nueva-sede-papeleros-01112022-5\/\" data-orig-file=\"https:\/\/eldiariodesanpedro.com.ar\/sitio\/wp-content\/uploads\/2022\/11\/Nueva-Sede-Papeleros-01112022-5.jpeg\" data-orig-size=\"1200,540\" data-comments-opened=\"0\" data-image-meta=\"{&quot;aperture&quot;:&quot;0&quot;,&quot;credit&quot;:&quot;&quot;,&quot;camera&quot;:&quot;&quot;,&quot;caption&quot;:&quot;&quot;,&quot;created_timestamp&quot;:&quot;0&quot;,&quot;copyright&quot;:&quot;&quot;,&quot;focal_length&quot;:&quot;0&quot;,&quot;iso&quot;:&quot;0&quot;,&quot;shutter_speed&quot;:&quot;0&quot;,&quot;title&quot;:&quot;&quot;,&quot;orientation&quot;:&quot;0&quot;}\" data-image-title=\"Nueva Sede Papeleros 01112022 (5)\" data-image-description=\"\" data-image-caption=\"\" data-large-file=\"https:\/\/eldiariodesanpedro.com.ar\/sitio\/wp-content\/uploads\/2022\/11\/Nueva-Sede-Papeleros-01112022-5-1024x461.jpeg\" data-src=\"https:\/\/eldiariodesanpedro.com.ar\/sitio\/wp-content\/uploads\/2022\/11\/Nueva-Sede-Papeleros-01112022-5-1024x461.jpeg\" alt=\"\" class=\"wp-image-112012 lazyload\" data-srcset=\"https:\/\/eldiariodesanpedro.com.ar\/sitio\/wp-content\/uploads\/2022\/11\/Nueva-Sede-Papeleros-01112022-5-1024x461.jpeg 1024w, https:\/\/eldiariodesanpedro.com.ar\/sitio\/wp-content\/uploads\/2022\/11\/Nueva-Sede-Papeleros-01112022-5-300x135.jpeg 300w, https:\/\/eldiariodesanpedro.com.ar\/sitio\/wp-content\/uploads\/2022\/11\/Nueva-Sede-Papeleros-01112022-5-768x346.jpeg 768w, https:\/\/eldiariodesanpedro.com.ar\/sitio\/wp-content\/uploads\/2022\/11\/Nueva-Sede-Papeleros-01112022-5.jpeg 1200w\" data-sizes=\"(max-width: 1024px) 100vw, 1024px\" src=\"data:image\/svg+xml;base64,PHN2ZyB3aWR0aD0iMSIgaGVpZ2h0PSIxIiB4bWxucz0iaHR0cDovL3d3dy53My5vcmcvMjAwMC9zdmciPjwvc3ZnPg==\" style=\"--smush-placeholder-width: 1024px; --smush-placeholder-aspect-ratio: 1024\/461;\" \/><\/figure>\n\n\n\n<figure class=\"wp-block-image size-large\"><img decoding=\"async\" width=\"1024\" height=\"461\" data-attachment-id=\"112016\" data-permalink=\"https:\/\/eldiariodesanpedro.com.ar\/sitio\/nueva-sede-gremial-para-una-mejor-atencion-de-los-afiliados-y-nuevos-proyectos-para-todos-los-papeleros\/nueva-sede-papeleros-01112022-6\/\" data-orig-file=\"https:\/\/eldiariodesanpedro.com.ar\/sitio\/wp-content\/uploads\/2022\/11\/Nueva-Sede-Papeleros-01112022-6.jpeg\" data-orig-size=\"1200,540\" data-comments-opened=\"0\" data-image-meta=\"{&quot;aperture&quot;:&quot;0&quot;,&quot;credit&quot;:&quot;&quot;,&quot;camera&quot;:&quot;&quot;,&quot;caption&quot;:&quot;&quot;,&quot;created_timestamp&quot;:&quot;0&quot;,&quot;copyright&quot;:&quot;&quot;,&quot;focal_length&quot;:&quot;0&quot;,&quot;iso&quot;:&quot;0&quot;,&quot;shutter_speed&quot;:&quot;0&quot;,&quot;title&quot;:&quot;&quot;,&quot;orientation&quot;:&quot;0&quot;}\" data-image-title=\"Nueva Sede Papeleros 01112022 (6)\" data-image-description=\"\" data-image-caption=\"\" data-large-file=\"https:\/\/eldiariodesanpedro.com.ar\/sitio\/wp-content\/uploads\/2022\/11\/Nueva-Sede-Papeleros-01112022-6-1024x461.jpeg\" data-src=\"https:\/\/eldiariodesanpedro.com.ar\/sitio\/wp-content\/uploads\/2022\/11\/Nueva-Sede-Papeleros-01112022-6-1024x461.jpeg\" alt=\"\" class=\"wp-image-112016 lazyload\" data-srcset=\"https:\/\/eldiariodesanpedro.com.ar\/sitio\/wp-content\/uploads\/2022\/11\/Nueva-Sede-Papeleros-01112022-6-1024x461.jpeg 1024w, https:\/\/eldiariodesanpedro.com.ar\/sitio\/wp-content\/uploads\/2022\/11\/Nueva-Sede-Papeleros-01112022-6-300x135.jpeg 300w, https:\/\/eldiariodesanpedro.com.ar\/sitio\/wp-content\/uploads\/2022\/11\/Nueva-Sede-Papeleros-01112022-6-768x346.jpeg 768w, https:\/\/eldiariodesanpedro.com.ar\/sitio\/wp-content\/uploads\/2022\/11\/Nueva-Sede-Papeleros-01112022-6.jpeg 1200w\" data-sizes=\"(max-width: 1024px) 100vw, 1024px\" src=\"data:image\/svg+xml;base64,PHN2ZyB3aWR0aD0iMSIgaGVpZ2h0PSIxIiB4bWxucz0iaHR0cDovL3d3dy53My5vcmcvMjAwMC9zdmciPjwvc3ZnPg==\" style=\"--smush-placeholder-width: 1024px; --smush-placeholder-aspect-ratio: 1024\/461;\" \/><\/figure>\n","protected":false},"excerpt":{"rendered":"<p>El Sindicato de la Industria del Papel de San Pedro inaugur\u00f3 oficialmente este martes 1\u00b0 de noviembre su sede gremial propia, tras la adquisici\u00f3n de una propiedad de 520 metros cuadrados, en el centro de la ciudad. A partir de hoy la atenci\u00f3n al p\u00fablico a los afiliados del Sindicato y de la Mutual de [&hellip;]<\/p>\n","protected":false},"author":4,"featured_media":112011,"comment_status":"closed","ping_status":"closed","sticky":false,"template":"","format":"standard","meta":{"om_disable_all_campaigns":false,"_jetpack_memberships_contains_paid_content":false,"footnotes":""},"categories":[50,101,2],"tags":[197,696,33,3147,19],"class_list":["post-112010","post","type-post","status-publish","format-standard","has-post-thumbnail","hentry","category-destacadas","category-interes-general-locales","category-locales","tag-buenos-aires","tag-interes-general","tag-locales","tag-nueva-sede-gremial-para-una-mejor-atencion-de-los-afiliados-y-nuevos-proyectos-para-todos-los-papeleros","tag-san-pedro"],"aioseo_notices":[],"gutentor_comment":0,"jetpack_featured_media_url":"https:\/\/eldiariodesanpedro.com.ar\/sitio\/wp-content\/uploads\/2022\/11\/Nueva-Sede-Papeleros-01112022-1.jpeg","jetpack_shortlink":"https:\/\/wp.me\/p6RhLt-t8C","jetpack_sharing_enabled":true,"_links":{"self":[{"href":"https:\/\/eldiariodesanpedro.com.ar\/sitio\/wp-json\/wp\/v2\/posts\/112010","targetHints":{"allow":["GET"]}}],"collection":[{"href":"https:\/\/eldiariodesanpedro.com.ar\/sitio\/wp-json\/wp\/v2\/posts"}],"about":[{"href":"https:\/\/eldiariodesanpedro.com.ar\/sitio\/wp-json\/wp\/v2\/types\/post"}],"author":[{"embeddable":true,"href":"https:\/\/eldiariodesanpedro.com.ar\/sitio\/wp-json\/wp\/v2\/users\/4"}],"replies":[{"embeddable":true,"href":"https:\/\/eldiariodesanpedro.com.ar\/sitio\/wp-json\/wp\/v2\/comments?post=112010"}],"version-history":[{"count":1,"href":"https:\/\/eldiariodesanpedro.com.ar\/sitio\/wp-json\/wp\/v2\/posts\/112010\/revisions"}],"predecessor-version":[{"id":112017,"href":"https:\/\/eldiariodesanpedro.com.ar\/sitio\/wp-json\/wp\/v2\/posts\/112010\/revisions\/112017"}],"wp:featuredmedia":[{"embeddable":true,"href":"https:\/\/eldiariodesanpedro.com.ar\/sitio\/wp-json\/wp\/v2\/media\/112011"}],"wp:attachment":[{"href":"https:\/\/eldiariodesanpedro.com.ar\/sitio\/wp-json\/wp\/v2\/media?parent=112010"}],"wp:term":[{"taxonomy":"category","embeddable":true,"href":"https:\/\/eldiariodesanpedro.com.ar\/sitio\/wp-json\/wp\/v2\/categories?post=112010"},{"taxonomy":"post_tag","embeddable":true,"href":"https:\/\/eldiariodesanpedro.com.ar\/sitio\/wp-json\/wp\/v2\/tags?post=112010"}],"curies":[{"name":"wp","href":"https:\/\/api.w.org\/{rel}","templated":true}]}}