{"id":111986,"date":"2022-11-02T09:45:49","date_gmt":"2022-11-02T12:45:49","guid":{"rendered":"https:\/\/eldiariodesanpedro.com.ar\/sitio\/?p=111986"},"modified":"2022-11-02T09:47:49","modified_gmt":"2022-11-02T12:47:49","slug":"alejandro-monjo-sobre-el-robo-de-motos-de-alta-gama-la-realidad-es-que-vemos-que-no-hay-prevencion","status":"publish","type":"post","link":"https:\/\/eldiariodesanpedro.com.ar\/sitio\/alejandro-monjo-sobre-el-robo-de-motos-de-alta-gama-la-realidad-es-que-vemos-que-no-hay-prevencion\/","title":{"rendered":"Alejandro Monjo sobre el robo de motos de alta gama: \u201cLa realidad es que vemos que no hay prevenci\u00f3n\u201d"},"content":{"rendered":"<!-- VideographyWP Plugin Message: Automatic video embedding prevented by plugin options. -->\n\n<p>El empresario sampedrino pertenece a un grupo de motociclistas afectados por la problem\u00e1tica. El asesinato del empresario Blaquier puso el tema en agenda pero los damnificados hace mucho tiempo que vienen reclamando medidas preventivas.<\/p>\n\n\n\n<p>Mucho tiempo antes de que el empresario Andr\u00e9s Blaquier fuera asesinado en la panamericana los motociclistas propietarios de rodados de alta gama hab\u00edan expuesto su preocupaci\u00f3n por los constantes hechos de robos que sufren en distintas rutas del pa\u00eds.<\/p>\n\n\n\n<p>La semana pasada un grupo de motociclistas se reunieron en la localidad de Ingeniero Maschwitz para debatir sobre el tema y analizar los pasos a seguir.<\/p>\n\n\n\n<p>Entre los presentes hubo algunos vecinos sampedrinos que como todos observan con preocupaci\u00f3n lo que est\u00e1 sucediendo.<\/p>\n\n\n\n<p>Uno de ellos es el empresario Alejandro Monjo, quien habl\u00f3 y dio su punto de vista sobre lo que est\u00e1 sucediendo. \u201cSomos un grupo de motociclistas de zona norte y oeste, unas 80 personas que tenemos todas motos de alta cilindrada, que nos convocamos y salimos a distintos lugares\u201d, cont\u00f3 Monjo en el aire de FM G\u00e9nesis.<\/p>\n\n\n\n<p>\u201cPero la realidad es que se puso muy dif\u00edcil hoy andar en moto porque salir en grupo, salimos, pero despu\u00e9s cada uno se desv\u00eda y queda solo\u201d, se\u00f1al\u00f3.<\/p>\n\n\n\n<p>\u201cSobre esta problem\u00e1tica ya lo ven\u00edamos hablando, incluso con otros grupos. Y la realidad es que vemos que no hay prevenci\u00f3n porque prevenci\u00f3n no es poner un patrullero en un peaje, prevenci\u00f3n es hacer cumplir las leyes por ejemplo, porque en la provincia de Buenos Aires hay una ley que indica que el acompa\u00f1ante debe llevar un chaleco refractario con el n\u00famero de patente pero nadie lo hace cumplir en ning\u00fan lado\u201d.<\/p>\n\n\n\n<p>\u201cEs m\u00e1s, dos personas en una moto de este tipo es poco usual, habitualmente se anda de a uno. Salen de esa manera, en grupos de a dos o tres y no solo se conforman con robar sino tambi\u00e9n salen a tirar\u201d, asegur\u00f3 Alejandro Monjo.<\/p>\n\n\n\n<p>\u201cHemos tenidos a integrantes del grupo que han vivido situaciones muy riesgosas como una por ejemplo que sucedi\u00f3 a metros del peaje en la Ruta 8, donde aparentemente fue la misma chica que est\u00e1 detenida por el asesinato de Blaquier el fin de semana donde le quiso sacar el casco a tirones y como estaba atado no pudo, entonces agarr\u00f3 y le efectu\u00f3 dos tiros que de milagro no le pegaron\u201d.<\/p>\n\n\n\n<p>Fuente: San Pedro informa<\/p>\n","protected":false},"excerpt":{"rendered":"<p>El empresario sampedrino pertenece a un grupo de motociclistas afectados por la problem\u00e1tica. El asesinato del empresario Blaquier puso el tema en agenda pero los damnificados hace mucho tiempo que vienen reclamando medidas preventivas. Mucho tiempo antes de que el empresario Andr\u00e9s Blaquier fuera asesinado en la panamericana los motociclistas propietarios de rodados de alta [&hellip;]<\/p>\n","protected":false},"author":4,"featured_media":111987,"comment_status":"closed","ping_status":"closed","sticky":false,"template":"","format":"standard","meta":{"om_disable_all_campaigns":false,"_jetpack_memberships_contains_paid_content":false,"footnotes":""},"categories":[50,101,2],"tags":[197,696,33,19],"class_list":["post-111986","post","type-post","status-publish","format-standard","has-post-thumbnail","hentry","category-destacadas","category-interes-general-locales","category-locales","tag-buenos-aires","tag-interes-general","tag-locales","tag-san-pedro"],"aioseo_notices":[],"gutentor_comment":0,"jetpack_featured_media_url":"https:\/\/eldiariodesanpedro.com.ar\/sitio\/wp-content\/uploads\/2022\/11\/0000021354-resized-1920x1080-1.jpg","jetpack_shortlink":"https:\/\/wp.me\/p6RhLt-t8e","jetpack_sharing_enabled":true,"_links":{"self":[{"href":"https:\/\/eldiariodesanpedro.com.ar\/sitio\/wp-json\/wp\/v2\/posts\/111986","targetHints":{"allow":["GET"]}}],"collection":[{"href":"https:\/\/eldiariodesanpedro.com.ar\/sitio\/wp-json\/wp\/v2\/posts"}],"about":[{"href":"https:\/\/eldiariodesanpedro.com.ar\/sitio\/wp-json\/wp\/v2\/types\/post"}],"author":[{"embeddable":true,"href":"https:\/\/eldiariodesanpedro.com.ar\/sitio\/wp-json\/wp\/v2\/users\/4"}],"replies":[{"embeddable":true,"href":"https:\/\/eldiariodesanpedro.com.ar\/sitio\/wp-json\/wp\/v2\/comments?post=111986"}],"version-history":[{"count":2,"href":"https:\/\/eldiariodesanpedro.com.ar\/sitio\/wp-json\/wp\/v2\/posts\/111986\/revisions"}],"predecessor-version":[{"id":111989,"href":"https:\/\/eldiariodesanpedro.com.ar\/sitio\/wp-json\/wp\/v2\/posts\/111986\/revisions\/111989"}],"wp:featuredmedia":[{"embeddable":true,"href":"https:\/\/eldiariodesanpedro.com.ar\/sitio\/wp-json\/wp\/v2\/media\/111987"}],"wp:attachment":[{"href":"https:\/\/eldiariodesanpedro.com.ar\/sitio\/wp-json\/wp\/v2\/media?parent=111986"}],"wp:term":[{"taxonomy":"category","embeddable":true,"href":"https:\/\/eldiariodesanpedro.com.ar\/sitio\/wp-json\/wp\/v2\/categories?post=111986"},{"taxonomy":"post_tag","embeddable":true,"href":"https:\/\/eldiariodesanpedro.com.ar\/sitio\/wp-json\/wp\/v2\/tags?post=111986"}],"curies":[{"name":"wp","href":"https:\/\/api.w.org\/{rel}","templated":true}]}}