{"id":111983,"date":"2022-11-01T23:27:42","date_gmt":"2022-11-02T02:27:42","guid":{"rendered":"https:\/\/eldiariodesanpedro.com.ar\/sitio\/?p=111983"},"modified":"2022-11-01T23:27:44","modified_gmt":"2022-11-02T02:27:44","slug":"edicto-de-sucesion-de-oscar-lorenzo-oggier","status":"publish","type":"post","link":"https:\/\/eldiariodesanpedro.com.ar\/sitio\/edicto-de-sucesion-de-oscar-lorenzo-oggier\/","title":{"rendered":"Edicto de Sucesi\u00f3n de Oscar Lorenzo Oggier"},"content":{"rendered":"<!-- VideographyWP Plugin Message: Automatic video embedding prevented by plugin options. -->\n\n<p>Juzgado de Paz de San Pedro, cita y emplaza por 30 d\u00edas a herederos y acreedores de <strong>Oscar Lorenzo Oggier<\/strong>.- San Pedro, 28 de Octubre de 2022.&nbsp;<\/p>\n\n\n\n<p>FACUNDO VELL\u00d3N<\/p>\n\n\n\n<p>ABOGADO SECRETARIO<br>(Publicaci\u00f3n V\u00e1lida por tres d\u00edas desde el 01 al 03 de noviembre de 2022)<br><a href=\"https:\/\/notificaciones.scba.gov.ar\/verificarnotificacion.aspx?codNotif=ZV4H0A\">https:\/\/notificaciones.scba.gov.ar\/verificarnotificacion.aspx?codNotif=ZV4H0A<\/a><\/p>\n","protected":false},"excerpt":{"rendered":"<p>Juzgado de Paz de San Pedro, cita y emplaza por 30 d\u00edas a herederos y acreedores de Oscar Lorenzo Oggier.- San Pedro, 28 de Octubre de 2022.&nbsp; FACUNDO VELL\u00d3N ABOGADO SECRETARIO(Publicaci\u00f3n V\u00e1lida por tres d\u00edas desde el 01 al 03 de noviembre de 2022)https:\/\/notificaciones.scba.gov.ar\/verificarnotificacion.aspx?codNotif=ZV4H0A<\/p>\n","protected":false},"author":4,"featured_media":102746,"comment_status":"closed","ping_status":"closed","sticky":false,"template":"","format":"standard","meta":{"om_disable_all_campaigns":false,"_jetpack_memberships_contains_paid_content":false,"footnotes":""},"categories":[676,677],"tags":[197,1121,3145,1355,33,19,1122],"class_list":["post-111983","post","type-post","status-publish","format-standard","has-post-thumbnail","hentry","category-edictos","category-edictos-sucesorios","tag-buenos-aires","tag-edicto","tag-edicto-de-sucesion-de-oscar-lorenzo-oggier","tag-judiciales","tag-locales","tag-san-pedro","tag-sucesion"],"aioseo_notices":[],"gutentor_comment":0,"jetpack_featured_media_url":"https:\/\/eldiariodesanpedro.com.ar\/sitio\/wp-content\/uploads\/2022\/01\/EDICTO.jpg","jetpack_shortlink":"https:\/\/wp.me\/p6RhLt-t8b","jetpack_sharing_enabled":true,"_links":{"self":[{"href":"https:\/\/eldiariodesanpedro.com.ar\/sitio\/wp-json\/wp\/v2\/posts\/111983","targetHints":{"allow":["GET"]}}],"collection":[{"href":"https:\/\/eldiariodesanpedro.com.ar\/sitio\/wp-json\/wp\/v2\/posts"}],"about":[{"href":"https:\/\/eldiariodesanpedro.com.ar\/sitio\/wp-json\/wp\/v2\/types\/post"}],"author":[{"embeddable":true,"href":"https:\/\/eldiariodesanpedro.com.ar\/sitio\/wp-json\/wp\/v2\/users\/4"}],"replies":[{"embeddable":true,"href":"https:\/\/eldiariodesanpedro.com.ar\/sitio\/wp-json\/wp\/v2\/comments?post=111983"}],"version-history":[{"count":1,"href":"https:\/\/eldiariodesanpedro.com.ar\/sitio\/wp-json\/wp\/v2\/posts\/111983\/revisions"}],"predecessor-version":[{"id":111984,"href":"https:\/\/eldiariodesanpedro.com.ar\/sitio\/wp-json\/wp\/v2\/posts\/111983\/revisions\/111984"}],"wp:featuredmedia":[{"embeddable":true,"href":"https:\/\/eldiariodesanpedro.com.ar\/sitio\/wp-json\/wp\/v2\/media\/102746"}],"wp:attachment":[{"href":"https:\/\/eldiariodesanpedro.com.ar\/sitio\/wp-json\/wp\/v2\/media?parent=111983"}],"wp:term":[{"taxonomy":"category","embeddable":true,"href":"https:\/\/eldiariodesanpedro.com.ar\/sitio\/wp-json\/wp\/v2\/categories?post=111983"},{"taxonomy":"post_tag","embeddable":true,"href":"https:\/\/eldiariodesanpedro.com.ar\/sitio\/wp-json\/wp\/v2\/tags?post=111983"}],"curies":[{"name":"wp","href":"https:\/\/api.w.org\/{rel}","templated":true}]}}