{"id":111970,"date":"2022-11-01T17:46:46","date_gmt":"2022-11-01T20:46:46","guid":{"rendered":"https:\/\/eldiariodesanpedro.com.ar\/sitio\/?p=111970"},"modified":"2022-11-01T17:46:47","modified_gmt":"2022-11-01T20:46:47","slug":"se-busca-a-un-mensajero-de-50-anos-identificado-como-jorge-fabian-bonda-que-se-encuentra-desaparecido","status":"publish","type":"post","link":"https:\/\/eldiariodesanpedro.com.ar\/sitio\/se-busca-a-un-mensajero-de-50-anos-identificado-como-jorge-fabian-bonda-que-se-encuentra-desaparecido\/","title":{"rendered":"Se busca a un mensajero de 50 a\u00f1os identificado como Jorge Fabian Bonda que se encuentra desaparecido"},"content":{"rendered":"<!-- VideographyWP Plugin Message: Automatic video embedding prevented by plugin options. -->\n\n<p>La \u00faltima vez que lo vieron fue el 13 de octubre pasado. Se retir\u00f3 de su vivienda y no regres\u00f3. Vest\u00eda una remera gris y un jogging azul. Mide 1,90 m y es de contextura robusta. La polic\u00eda difundi\u00f3 los datos para quien pueda colaborar para dar con su paradero.<\/p>\n\n\n\n<p>La polic\u00eda solicit\u00f3 colaboraci\u00f3n para dar con el paradero de un vecino de San Pedro identificado como Jorge Fabi\u00e1n Bonda, mensajero de 50 a\u00f1os, que permanece desaparecido desde el 13 de octubre pasado.<\/p>\n\n\n\n<p>Bonda se retir\u00f3 de su domicilio, en calle Caseros al 1800, y desde entonces no regres\u00f3 y nadie supo m\u00e1s de \u00e9l, por lo que la familia radic\u00f3 la denuncia correspondiente y la Justicia dispuso la difusi\u00f3n de sus datos y fotograf\u00eda en procura de hallarlo.<\/p>\n\n\n\n<p><a href=\"https:\/\/www.laopinionsemanario.com.ar\/secciones\/policiales\/\"><\/a><\/p>\n","protected":false},"excerpt":{"rendered":"<p>La \u00faltima vez que lo vieron fue el 13 de octubre pasado. Se retir\u00f3 de su vivienda y no regres\u00f3. Vest\u00eda una remera gris y un jogging azul. Mide 1,90 m y es de contextura robusta. La polic\u00eda difundi\u00f3 los datos para quien pueda colaborar para dar con su paradero. La polic\u00eda solicit\u00f3 colaboraci\u00f3n para [&hellip;]<\/p>\n","protected":false},"author":4,"featured_media":111971,"comment_status":"closed","ping_status":"closed","sticky":false,"template":"","format":"standard","meta":{"om_disable_all_campaigns":false,"_jetpack_memberships_contains_paid_content":false,"footnotes":""},"categories":[50,2,103],"tags":[197,696,33,19,3144],"class_list":["post-111970","post","type-post","status-publish","format-standard","has-post-thumbnail","hentry","category-destacadas","category-locales","category-policiales-locales","tag-buenos-aires","tag-interes-general","tag-locales","tag-san-pedro","tag-se-busca-a-un-mensajero-de-50-anos-identificado-como-jorge-fabian-bonda-que-se-encuentra-desaparecido"],"aioseo_notices":[],"gutentor_comment":0,"jetpack_featured_media_url":"https:\/\/eldiariodesanpedro.com.ar\/sitio\/wp-content\/uploads\/2022\/11\/medida.png","jetpack_shortlink":"https:\/\/wp.me\/p6RhLt-t7Y","jetpack_sharing_enabled":true,"_links":{"self":[{"href":"https:\/\/eldiariodesanpedro.com.ar\/sitio\/wp-json\/wp\/v2\/posts\/111970","targetHints":{"allow":["GET"]}}],"collection":[{"href":"https:\/\/eldiariodesanpedro.com.ar\/sitio\/wp-json\/wp\/v2\/posts"}],"about":[{"href":"https:\/\/eldiariodesanpedro.com.ar\/sitio\/wp-json\/wp\/v2\/types\/post"}],"author":[{"embeddable":true,"href":"https:\/\/eldiariodesanpedro.com.ar\/sitio\/wp-json\/wp\/v2\/users\/4"}],"replies":[{"embeddable":true,"href":"https:\/\/eldiariodesanpedro.com.ar\/sitio\/wp-json\/wp\/v2\/comments?post=111970"}],"version-history":[{"count":1,"href":"https:\/\/eldiariodesanpedro.com.ar\/sitio\/wp-json\/wp\/v2\/posts\/111970\/revisions"}],"predecessor-version":[{"id":111972,"href":"https:\/\/eldiariodesanpedro.com.ar\/sitio\/wp-json\/wp\/v2\/posts\/111970\/revisions\/111972"}],"wp:featuredmedia":[{"embeddable":true,"href":"https:\/\/eldiariodesanpedro.com.ar\/sitio\/wp-json\/wp\/v2\/media\/111971"}],"wp:attachment":[{"href":"https:\/\/eldiariodesanpedro.com.ar\/sitio\/wp-json\/wp\/v2\/media?parent=111970"}],"wp:term":[{"taxonomy":"category","embeddable":true,"href":"https:\/\/eldiariodesanpedro.com.ar\/sitio\/wp-json\/wp\/v2\/categories?post=111970"},{"taxonomy":"post_tag","embeddable":true,"href":"https:\/\/eldiariodesanpedro.com.ar\/sitio\/wp-json\/wp\/v2\/tags?post=111970"}],"curies":[{"name":"wp","href":"https:\/\/api.w.org\/{rel}","templated":true}]}}