{"id":111966,"date":"2022-11-01T17:32:58","date_gmt":"2022-11-01T20:32:58","guid":{"rendered":"https:\/\/eldiariodesanpedro.com.ar\/sitio\/?p=111966"},"modified":"2022-11-01T17:32:59","modified_gmt":"2022-11-01T20:32:59","slug":"finaliza-la-construccion-de-las-viviendas-del-plan-solidaridad-ii","status":"publish","type":"post","link":"https:\/\/eldiariodesanpedro.com.ar\/sitio\/finaliza-la-construccion-de-las-viviendas-del-plan-solidaridad-ii\/","title":{"rendered":"Finaliza la construcci\u00f3n de las viviendas del Plan Solidaridad II"},"content":{"rendered":"<!-- VideographyWP Plugin Message: Automatic video embedding prevented by plugin options. -->\n\n<p>La Secretar\u00eda de Obras P\u00fablicas de la Municipalidad de San Pedro informa que se ha completado en Santa Luc\u00eda, la construcci\u00f3n de las 4 viviendas restantes del Programa Solidaridad II, financiado por el Instituto de la Vivienda de la Provincia de Buenos Aires y destinado a vecinos con necesidades especiales de movilidad.<\/p>\n\n\n\n<p>Estas viviendas se suman a las tres para las cu\u00e1les se firmaron las actas de adjudicaci\u00f3n en agosto del 2021 y en breve se realizar\u00e1n los tr\u00e1mites para las entregas respectivas en la localidad. Al mismo tiempo desde el gobierno municipal a trav\u00e9s de las articulaciones que se realizan a nivel provincial y nacional contin\u00faa la gesti\u00f3n para que en los pr\u00f3ximos planes se contemplen nuevas unidades habitacionales de este tipo.<\/p>\n","protected":false},"excerpt":{"rendered":"<p>La Secretar\u00eda de Obras P\u00fablicas de la Municipalidad de San Pedro informa que se ha completado en Santa Luc\u00eda, la construcci\u00f3n de las 4 viviendas restantes del Programa Solidaridad II, financiado por el Instituto de la Vivienda de la Provincia de Buenos Aires y destinado a vecinos con necesidades especiales de movilidad. Estas viviendas se [&hellip;]<\/p>\n","protected":false},"author":4,"featured_media":111967,"comment_status":"closed","ping_status":"closed","sticky":false,"template":"","format":"standard","meta":{"om_disable_all_campaigns":false,"_jetpack_memberships_contains_paid_content":false,"footnotes":""},"categories":[50,101,2],"tags":[197,3143,696,33,19],"class_list":["post-111966","post","type-post","status-publish","format-standard","has-post-thumbnail","hentry","category-destacadas","category-interes-general-locales","category-locales","tag-buenos-aires","tag-finaliza-la-construccion-de-las-viviendas-del-plan-solidaridad-ii","tag-interes-general","tag-locales","tag-san-pedro"],"aioseo_notices":[],"gutentor_comment":0,"jetpack_featured_media_url":"https:\/\/eldiariodesanpedro.com.ar\/sitio\/wp-content\/uploads\/2022\/11\/WhatsApp-Image-2022-11-01-at-13.17.03.jpeg","jetpack_shortlink":"https:\/\/wp.me\/p6RhLt-t7U","jetpack_sharing_enabled":true,"_links":{"self":[{"href":"https:\/\/eldiariodesanpedro.com.ar\/sitio\/wp-json\/wp\/v2\/posts\/111966","targetHints":{"allow":["GET"]}}],"collection":[{"href":"https:\/\/eldiariodesanpedro.com.ar\/sitio\/wp-json\/wp\/v2\/posts"}],"about":[{"href":"https:\/\/eldiariodesanpedro.com.ar\/sitio\/wp-json\/wp\/v2\/types\/post"}],"author":[{"embeddable":true,"href":"https:\/\/eldiariodesanpedro.com.ar\/sitio\/wp-json\/wp\/v2\/users\/4"}],"replies":[{"embeddable":true,"href":"https:\/\/eldiariodesanpedro.com.ar\/sitio\/wp-json\/wp\/v2\/comments?post=111966"}],"version-history":[{"count":1,"href":"https:\/\/eldiariodesanpedro.com.ar\/sitio\/wp-json\/wp\/v2\/posts\/111966\/revisions"}],"predecessor-version":[{"id":111968,"href":"https:\/\/eldiariodesanpedro.com.ar\/sitio\/wp-json\/wp\/v2\/posts\/111966\/revisions\/111968"}],"wp:featuredmedia":[{"embeddable":true,"href":"https:\/\/eldiariodesanpedro.com.ar\/sitio\/wp-json\/wp\/v2\/media\/111967"}],"wp:attachment":[{"href":"https:\/\/eldiariodesanpedro.com.ar\/sitio\/wp-json\/wp\/v2\/media?parent=111966"}],"wp:term":[{"taxonomy":"category","embeddable":true,"href":"https:\/\/eldiariodesanpedro.com.ar\/sitio\/wp-json\/wp\/v2\/categories?post=111966"},{"taxonomy":"post_tag","embeddable":true,"href":"https:\/\/eldiariodesanpedro.com.ar\/sitio\/wp-json\/wp\/v2\/tags?post=111966"}],"curies":[{"name":"wp","href":"https:\/\/api.w.org\/{rel}","templated":true}]}}