{"id":111963,"date":"2022-11-01T17:16:34","date_gmt":"2022-11-01T20:16:34","guid":{"rendered":"https:\/\/eldiariodesanpedro.com.ar\/sitio\/?p=111963"},"modified":"2022-11-01T17:16:35","modified_gmt":"2022-11-01T20:16:35","slug":"ivan-groppo-es-el-nuevo-presidente-de-coopser","status":"publish","type":"post","link":"https:\/\/eldiariodesanpedro.com.ar\/sitio\/ivan-groppo-es-el-nuevo-presidente-de-coopser\/","title":{"rendered":"Ivan Groppo es el nuevo presidente de COOPSER"},"content":{"rendered":"<!-- VideographyWP Plugin Message: Automatic video embedding prevented by plugin options. -->\n\n<p>En la sede local del Sindicato de Luz y Fuerza Zona del Paran\u00e1, COOPSER, Cooperativa de Provisi\u00f3n de Servicios El\u00e9ctricos, P\u00fablicos y Sociales de San Pedro Limitada cumpli\u00f3 este lunes 31 de octubre con la Asamblea General Ordinaria convocada para tratar los puntos inclu\u00eddos en el Orden del D\u00eda.<\/p>\n\n\n\n<p>Con la participaci\u00f3n de delegados de todos los distritos se presentaron para su consideraci\u00f3n y tratamiento la Memoria, Estado de Situaci\u00f3n Patrimonial, Estado de Resultados, Estados Complementarios, Informe del S\u00edndico e Informe del Auditor, correspondientes al 78\u00ba Ejercicio Social cerrado el 30 de junio de 2022.<\/p>\n\n\n\n<p>La Asamblea fue presidida por Emilio Longueira acompa\u00f1ado por consejeros y miembros del equipo profesional de la Cooperativa.<\/p>\n\n\n\n<p>Durante el encuentro se repasaron los temas relacionados con las diferentes \u00e1reas en las que se viene trabajando en el \u00faltimo tiempo haciendo especial referencia a las condiciones generales econ\u00f3micas que repercuten en los insumos, las gestiones para contar con mayor respaldo desde los gobiernos provincial y nacional, el plan de inversiones con los avances para concretar la instalaci\u00f3n de la nueva estaci\u00f3n transformadora con el apoyo de la Municipalidad de San Pedro.<\/p>\n\n\n\n<p>Para la renovaci\u00f3n del Consejo de Administraci\u00f3n se present\u00f3 una sola lista y de esta manera el nuevo Consejo de Administraci\u00f3n ser\u00e1 presidido por Iv\u00e1n Groppo qui\u00e9n reemplaza a Emilio Longueira, y regresa al cargo.<\/p>\n\n\n\n<p>En este nuevo per\u00edodo estar\u00e1 acompa\u00f1ado por Ricardo Montesino como vicepresidente, Miguel Angel Madrid como Secretario y Lucas Larruburo como tesorero.&nbsp;&nbsp;Como vocales titulares integran el cuerpo Pablo Peralta, Sergio Vergara, Alberto Alves, Mat\u00edas Franco, Ariel Alvarez, Alberto Aguilera, Carlos Garc\u00eda y H\u00e9ctor Diaz. Vocales Suplentes, Miguel Angel Rivas, An\u00edbal Far\u00edas, Juan Ternovic, Eduardo Gil, Jorge Canat\u00e1 y Jorge Muga. El cargo de S\u00edndico Titular lo ocupa Angel Alvarez y el de S\u00edndico Suplente, Oscar Silva.<\/p>\n","protected":false},"excerpt":{"rendered":"<p>En la sede local del Sindicato de Luz y Fuerza Zona del Paran\u00e1, COOPSER, Cooperativa de Provisi\u00f3n de Servicios El\u00e9ctricos, P\u00fablicos y Sociales de San Pedro Limitada cumpli\u00f3 este lunes 31 de octubre con la Asamblea General Ordinaria convocada para tratar los puntos inclu\u00eddos en el Orden del D\u00eda. Con la participaci\u00f3n de delegados de [&hellip;]<\/p>\n","protected":false},"author":4,"featured_media":111964,"comment_status":"closed","ping_status":"closed","sticky":false,"template":"","format":"standard","meta":{"om_disable_all_campaigns":false,"_jetpack_memberships_contains_paid_content":false,"footnotes":""},"categories":[50,101,2],"tags":[197,696,3142,33,19],"class_list":["post-111963","post","type-post","status-publish","format-standard","has-post-thumbnail","hentry","category-destacadas","category-interes-general-locales","category-locales","tag-buenos-aires","tag-interes-general","tag-ivan-groppo-es-el-nuevo-presidente-de-coopser","tag-locales","tag-san-pedro"],"aioseo_notices":[],"gutentor_comment":0,"jetpack_featured_media_url":"https:\/\/eldiariodesanpedro.com.ar\/sitio\/wp-content\/uploads\/2022\/11\/IVAN-31102022.jpg","jetpack_shortlink":"https:\/\/wp.me\/p6RhLt-t7R","jetpack_sharing_enabled":true,"_links":{"self":[{"href":"https:\/\/eldiariodesanpedro.com.ar\/sitio\/wp-json\/wp\/v2\/posts\/111963","targetHints":{"allow":["GET"]}}],"collection":[{"href":"https:\/\/eldiariodesanpedro.com.ar\/sitio\/wp-json\/wp\/v2\/posts"}],"about":[{"href":"https:\/\/eldiariodesanpedro.com.ar\/sitio\/wp-json\/wp\/v2\/types\/post"}],"author":[{"embeddable":true,"href":"https:\/\/eldiariodesanpedro.com.ar\/sitio\/wp-json\/wp\/v2\/users\/4"}],"replies":[{"embeddable":true,"href":"https:\/\/eldiariodesanpedro.com.ar\/sitio\/wp-json\/wp\/v2\/comments?post=111963"}],"version-history":[{"count":1,"href":"https:\/\/eldiariodesanpedro.com.ar\/sitio\/wp-json\/wp\/v2\/posts\/111963\/revisions"}],"predecessor-version":[{"id":111965,"href":"https:\/\/eldiariodesanpedro.com.ar\/sitio\/wp-json\/wp\/v2\/posts\/111963\/revisions\/111965"}],"wp:featuredmedia":[{"embeddable":true,"href":"https:\/\/eldiariodesanpedro.com.ar\/sitio\/wp-json\/wp\/v2\/media\/111964"}],"wp:attachment":[{"href":"https:\/\/eldiariodesanpedro.com.ar\/sitio\/wp-json\/wp\/v2\/media?parent=111963"}],"wp:term":[{"taxonomy":"category","embeddable":true,"href":"https:\/\/eldiariodesanpedro.com.ar\/sitio\/wp-json\/wp\/v2\/categories?post=111963"},{"taxonomy":"post_tag","embeddable":true,"href":"https:\/\/eldiariodesanpedro.com.ar\/sitio\/wp-json\/wp\/v2\/tags?post=111963"}],"curies":[{"name":"wp","href":"https:\/\/api.w.org\/{rel}","templated":true}]}}