{"id":111954,"date":"2022-11-01T10:59:53","date_gmt":"2022-11-01T13:59:53","guid":{"rendered":"https:\/\/eldiariodesanpedro.com.ar\/sitio\/?p=111954"},"modified":"2022-11-01T10:59:54","modified_gmt":"2022-11-01T13:59:54","slug":"nueva-edicion-de-mercados-bonaerenses-2","status":"publish","type":"post","link":"https:\/\/eldiariodesanpedro.com.ar\/sitio\/nueva-edicion-de-mercados-bonaerenses-2\/","title":{"rendered":"Nueva edici\u00f3n de Mercados Bonaerenses"},"content":{"rendered":"<!-- VideographyWP Plugin Message: Automatic video embedding prevented by plugin options. -->\n\n<p>Este s\u00e1bado 5 de noviembre se desarrollar\u00e1 una nueva edici\u00f3n de Mercados Bonaerenses, la actividad que lleva a cabo el Ministerio de Desarrollo Agrario, junto a la Municipalidad de San Pedro, que es coordinada por la Secretar\u00eda de Desarrollo Econ\u00f3mico se realizar\u00e1 en la Plazoleta Fray Cayetano Rodr\u00edguez en el horario de 10 a 17.<\/p>\n\n\n\n<p>En el lugar se establecer\u00e1n puestos de verduras agroecol\u00f3gicas, pastas frescas, pescado, huevos, conservas, dulces artesanales, miel org\u00e1nica y otros productos con el objetivo de promover el desarrollo de canales alternativos de comercializaci\u00f3n, garantizar a los vecinos y las vecinas de San Pedro el acceso a una oferta variada de alimentos, impulsar la producci\u00f3n de nuestra ciudad y crear una red de productores y productoras a nivel local, regional y provincial.<\/p>\n","protected":false},"excerpt":{"rendered":"<p>Este s\u00e1bado 5 de noviembre se desarrollar\u00e1 una nueva edici\u00f3n de Mercados Bonaerenses, la actividad que lleva a cabo el Ministerio de Desarrollo Agrario, junto a la Municipalidad de San Pedro, que es coordinada por la Secretar\u00eda de Desarrollo Econ\u00f3mico se realizar\u00e1 en la Plazoleta Fray Cayetano Rodr\u00edguez en el horario de 10 a 17. [&hellip;]<\/p>\n","protected":false},"author":4,"featured_media":111955,"comment_status":"closed","ping_status":"closed","sticky":false,"template":"","format":"standard","meta":{"om_disable_all_campaigns":false,"_jetpack_memberships_contains_paid_content":false,"footnotes":""},"categories":[101,2],"tags":[197,696,33,19],"class_list":["post-111954","post","type-post","status-publish","format-standard","has-post-thumbnail","hentry","category-interes-general-locales","category-locales","tag-buenos-aires","tag-interes-general","tag-locales","tag-san-pedro"],"aioseo_notices":[],"gutentor_comment":0,"jetpack_featured_media_url":"https:\/\/eldiariodesanpedro.com.ar\/sitio\/wp-content\/uploads\/2022\/11\/mercados-bonaerenses-SP.jpg","jetpack_shortlink":"https:\/\/wp.me\/p6RhLt-t7I","jetpack_sharing_enabled":true,"_links":{"self":[{"href":"https:\/\/eldiariodesanpedro.com.ar\/sitio\/wp-json\/wp\/v2\/posts\/111954","targetHints":{"allow":["GET"]}}],"collection":[{"href":"https:\/\/eldiariodesanpedro.com.ar\/sitio\/wp-json\/wp\/v2\/posts"}],"about":[{"href":"https:\/\/eldiariodesanpedro.com.ar\/sitio\/wp-json\/wp\/v2\/types\/post"}],"author":[{"embeddable":true,"href":"https:\/\/eldiariodesanpedro.com.ar\/sitio\/wp-json\/wp\/v2\/users\/4"}],"replies":[{"embeddable":true,"href":"https:\/\/eldiariodesanpedro.com.ar\/sitio\/wp-json\/wp\/v2\/comments?post=111954"}],"version-history":[{"count":1,"href":"https:\/\/eldiariodesanpedro.com.ar\/sitio\/wp-json\/wp\/v2\/posts\/111954\/revisions"}],"predecessor-version":[{"id":111956,"href":"https:\/\/eldiariodesanpedro.com.ar\/sitio\/wp-json\/wp\/v2\/posts\/111954\/revisions\/111956"}],"wp:featuredmedia":[{"embeddable":true,"href":"https:\/\/eldiariodesanpedro.com.ar\/sitio\/wp-json\/wp\/v2\/media\/111955"}],"wp:attachment":[{"href":"https:\/\/eldiariodesanpedro.com.ar\/sitio\/wp-json\/wp\/v2\/media?parent=111954"}],"wp:term":[{"taxonomy":"category","embeddable":true,"href":"https:\/\/eldiariodesanpedro.com.ar\/sitio\/wp-json\/wp\/v2\/categories?post=111954"},{"taxonomy":"post_tag","embeddable":true,"href":"https:\/\/eldiariodesanpedro.com.ar\/sitio\/wp-json\/wp\/v2\/tags?post=111954"}],"curies":[{"name":"wp","href":"https:\/\/api.w.org\/{rel}","templated":true}]}}