{"id":111945,"date":"2022-11-01T10:48:34","date_gmt":"2022-11-01T13:48:34","guid":{"rendered":"https:\/\/eldiariodesanpedro.com.ar\/sitio\/?p=111945"},"modified":"2022-11-01T10:48:35","modified_gmt":"2022-11-01T13:48:35","slug":"jornada-de-alimentacion-saludable-en-el-centro-de-salud-mateo-sbert","status":"publish","type":"post","link":"https:\/\/eldiariodesanpedro.com.ar\/sitio\/jornada-de-alimentacion-saludable-en-el-centro-de-salud-mateo-sbert\/","title":{"rendered":"Jornada de alimentaci\u00f3n saludable en el Centro de Salud Mateo Sbert"},"content":{"rendered":"<!-- VideographyWP Plugin Message: Automatic video embedding prevented by plugin options. -->\n\n<p>El pr\u00f3ximo lunes 7 de noviembre desde las 9 hs. se desarrollar\u00e1 en el Centro de Salud Mateo Sbert, ubicado en Joaquin V. Gonz\u00e1lez 1250, una jornada de alimentaci\u00f3n saludable.<\/p>\n\n\n\n<p>Durante la actividad se realizar\u00e1n controles de peso, talla e \u00edndice de masa corporal, control de glucemia y presi\u00f3n arterial. Adem\u00e1s, en el marco de la campa\u00f1a nacional de vacunaci\u00f3n se aplicar\u00e1n vacunas contra sarampi\u00f3n, rub\u00e9ola, paperas y poliomielitis junto con las del calendario anual.<\/p>\n\n\n\n<figure class=\"wp-block-image size-full\"><img decoding=\"async\" width=\"483\" height=\"630\" data-attachment-id=\"111946\" data-permalink=\"https:\/\/eldiariodesanpedro.com.ar\/sitio\/jornada-de-alimentacion-saludable-en-el-centro-de-salud-mateo-sbert\/whatsapp-image-2022-10-31-at-12-03-52\/\" data-orig-file=\"https:\/\/eldiariodesanpedro.com.ar\/sitio\/wp-content\/uploads\/2022\/11\/WhatsApp-Image-2022-10-31-at-12.03.52.jpeg\" data-orig-size=\"483,630\" data-comments-opened=\"0\" data-image-meta=\"{&quot;aperture&quot;:&quot;0&quot;,&quot;credit&quot;:&quot;&quot;,&quot;camera&quot;:&quot;&quot;,&quot;caption&quot;:&quot;&quot;,&quot;created_timestamp&quot;:&quot;0&quot;,&quot;copyright&quot;:&quot;&quot;,&quot;focal_length&quot;:&quot;0&quot;,&quot;iso&quot;:&quot;0&quot;,&quot;shutter_speed&quot;:&quot;0&quot;,&quot;title&quot;:&quot;&quot;,&quot;orientation&quot;:&quot;0&quot;}\" data-image-title=\"WhatsApp-Image-2022-10-31-at-12.03.52\" data-image-description=\"\" data-image-caption=\"\" data-large-file=\"https:\/\/eldiariodesanpedro.com.ar\/sitio\/wp-content\/uploads\/2022\/11\/WhatsApp-Image-2022-10-31-at-12.03.52.jpeg\" data-src=\"https:\/\/eldiariodesanpedro.com.ar\/sitio\/wp-content\/uploads\/2022\/11\/WhatsApp-Image-2022-10-31-at-12.03.52.jpeg\" alt=\"\" class=\"wp-image-111946 lazyload\" data-srcset=\"https:\/\/eldiariodesanpedro.com.ar\/sitio\/wp-content\/uploads\/2022\/11\/WhatsApp-Image-2022-10-31-at-12.03.52.jpeg 483w, https:\/\/eldiariodesanpedro.com.ar\/sitio\/wp-content\/uploads\/2022\/11\/WhatsApp-Image-2022-10-31-at-12.03.52-230x300.jpeg 230w\" data-sizes=\"(max-width: 483px) 100vw, 483px\" src=\"data:image\/svg+xml;base64,PHN2ZyB3aWR0aD0iMSIgaGVpZ2h0PSIxIiB4bWxucz0iaHR0cDovL3d3dy53My5vcmcvMjAwMC9zdmciPjwvc3ZnPg==\" style=\"--smush-placeholder-width: 483px; --smush-placeholder-aspect-ratio: 483\/630;\" \/><\/figure>\n","protected":false},"excerpt":{"rendered":"<p>El pr\u00f3ximo lunes 7 de noviembre desde las 9 hs. se desarrollar\u00e1 en el Centro de Salud Mateo Sbert, ubicado en Joaquin V. Gonz\u00e1lez 1250, una jornada de alimentaci\u00f3n saludable. Durante la actividad se realizar\u00e1n controles de peso, talla e \u00edndice de masa corporal, control de glucemia y presi\u00f3n arterial. Adem\u00e1s, en el marco de [&hellip;]<\/p>\n","protected":false},"author":4,"featured_media":111947,"comment_status":"closed","ping_status":"closed","sticky":false,"template":"","format":"standard","meta":{"om_disable_all_campaigns":false,"_jetpack_memberships_contains_paid_content":false,"footnotes":""},"categories":[101,2],"tags":[197,696,33,19],"class_list":["post-111945","post","type-post","status-publish","format-standard","has-post-thumbnail","hentry","category-interes-general-locales","category-locales","tag-buenos-aires","tag-interes-general","tag-locales","tag-san-pedro"],"aioseo_notices":[],"gutentor_comment":0,"jetpack_featured_media_url":"https:\/\/eldiariodesanpedro.com.ar\/sitio\/wp-content\/uploads\/2022\/11\/I67SMCZOLRDAZOY2WL6FDDUBR4.jpg","jetpack_shortlink":"https:\/\/wp.me\/p6RhLt-t7z","jetpack_sharing_enabled":true,"_links":{"self":[{"href":"https:\/\/eldiariodesanpedro.com.ar\/sitio\/wp-json\/wp\/v2\/posts\/111945","targetHints":{"allow":["GET"]}}],"collection":[{"href":"https:\/\/eldiariodesanpedro.com.ar\/sitio\/wp-json\/wp\/v2\/posts"}],"about":[{"href":"https:\/\/eldiariodesanpedro.com.ar\/sitio\/wp-json\/wp\/v2\/types\/post"}],"author":[{"embeddable":true,"href":"https:\/\/eldiariodesanpedro.com.ar\/sitio\/wp-json\/wp\/v2\/users\/4"}],"replies":[{"embeddable":true,"href":"https:\/\/eldiariodesanpedro.com.ar\/sitio\/wp-json\/wp\/v2\/comments?post=111945"}],"version-history":[{"count":1,"href":"https:\/\/eldiariodesanpedro.com.ar\/sitio\/wp-json\/wp\/v2\/posts\/111945\/revisions"}],"predecessor-version":[{"id":111948,"href":"https:\/\/eldiariodesanpedro.com.ar\/sitio\/wp-json\/wp\/v2\/posts\/111945\/revisions\/111948"}],"wp:featuredmedia":[{"embeddable":true,"href":"https:\/\/eldiariodesanpedro.com.ar\/sitio\/wp-json\/wp\/v2\/media\/111947"}],"wp:attachment":[{"href":"https:\/\/eldiariodesanpedro.com.ar\/sitio\/wp-json\/wp\/v2\/media?parent=111945"}],"wp:term":[{"taxonomy":"category","embeddable":true,"href":"https:\/\/eldiariodesanpedro.com.ar\/sitio\/wp-json\/wp\/v2\/categories?post=111945"},{"taxonomy":"post_tag","embeddable":true,"href":"https:\/\/eldiariodesanpedro.com.ar\/sitio\/wp-json\/wp\/v2\/tags?post=111945"}],"curies":[{"name":"wp","href":"https:\/\/api.w.org\/{rel}","templated":true}]}}