{"id":111942,"date":"2022-11-01T10:41:59","date_gmt":"2022-11-01T13:41:59","guid":{"rendered":"https:\/\/eldiariodesanpedro.com.ar\/sitio\/?p=111942"},"modified":"2022-11-01T10:42:00","modified_gmt":"2022-11-01T13:42:00","slug":"caso-lillo-condenaron-a-48-anos-de-carcel-a-roberto-branto-ayala","status":"publish","type":"post","link":"https:\/\/eldiariodesanpedro.com.ar\/sitio\/caso-lillo-condenaron-a-48-anos-de-carcel-a-roberto-branto-ayala\/","title":{"rendered":"Caso Lillo: Condenaron a 48 a\u00f1os de c\u00e1rcel a Roberto Branto Ayala"},"content":{"rendered":"<!-- VideographyWP Plugin Message: Automatic video embedding prevented by plugin options. -->\n\n<p>Ya hab\u00eda sido hallado culpable por el jurado y en el mediod\u00eda del lunes el Tribunal le aplic\u00f3 una dura condena por el asesinato del polic\u00eda.<\/p>\n\n\n\n<p>Este lunes se conoci\u00f3 la condena que recibi\u00f3 Roberto Branto Ayala al haber sido hallado responsable del asesinato del polic\u00eda Nelson Lillo.<\/p>\n\n\n\n<p>El delincuente oriundo de Baradero deber\u00e1 purgar 48 a\u00f1os de prisi\u00f3n como parte de la unificaci\u00f3n de las causas en las que fue encontrado culpable.<\/p>\n\n\n\n<p>El jurado compuesto por ciudadanos ya lo hab\u00eda responsabilizado de los cuatro hechos pero ahora el Tribunal oficializ\u00f3 la pena que le cabr\u00e1 al acusado. Branto fue culpado como responsable m\u00e1ximo del homicidio, el robo calificado, el intentos de robo calificado y la portaci\u00f3n ilegal de arma de fuego.<\/p>\n\n\n\n<p>El hecho en el que muri\u00f3 Lillo se produjo en el mediod\u00eda del 25 de enero de 2018 y Branto Ayala, de frondosos antecedentes, est\u00e1 detenido desde el 27 de enero de este a\u00f1o luego de permanecer pr\u00f3fugo durante dos d\u00edas. Junto a Pablo Morel protagonizaron el asalto y robo a un cami\u00f3n repartidor oriundo de Baradero cuando se encontraba en un supermercado ubicado en Rivadavia y Oliveira Cesar el 25 de febrero.<\/p>\n\n\n\n<p>Mantuvieron un enfrentamiento armado con la polic\u00eda y como consecuencia de ese incidente resultaron muertos Morel y el polic\u00eda Nelson Lillo.<\/p>\n\n\n\n<p>Branto, herido, escap\u00f3 de la escena del crimen y pudo ser detenido dos d\u00edas despu\u00e9s en un camino rural del paraje Tablas cuando pretend\u00eda escapar en sentido a la Ruta 9.<\/p>\n\n\n\n<p>Lillo patrullaba la ciudad junto a su compa\u00f1era Laura Lencina cuando al llegar a la esquina de Rivadavia y Oliveira Cesar se encontraron con el asalto al cami\u00f3n repartidor perteneciente a una empresa de Baradero.<\/p>\n\n\n\n<p>Ambos polic\u00edas intervinieron sin dudarlo y se encontraron con una moto que intentaba huir, en ese momento uno de los delincuentes, se presume que fue Carlos Branto Ayala, abri\u00f3 fuego hiriendo a corta distancia a Nelson Lillo.<\/p>\n\n\n\n<p>La balacera continu\u00f3 y all\u00ed fue abatido otro delincuente, Pablo Morel, que era quien conduc\u00eda la moto y proven\u00eda de la ciudad de Baradero.<\/p>\n\n\n\n<p>Ayala, logr\u00f3 escapar herido por la calle Rivadavia en sentido a Arnaldo, mientras que Lillo qued\u00f3 tendido sobre el piso herido de bala. Fue trasladado a la guardia del Hospital pero a los pocos minutos muri\u00f3.<\/p>\n\n\n\n<p>El baraderense Branto Ayala permaneci\u00f3 pr\u00f3fugo durante dos d\u00edas hasta que fue capturado en la zona rural, en inmediaciones del paraje Tablas, cuando intentaba huir herido en sentido a la ruta 9.<\/p>\n\n\n\n<p>Mientras tanto se espera por un segundo juicio que es donde ser\u00e1 evaluada la situaci\u00f3n judicial de Marcos Bruzzone, el joven que para la fiscal\u00eda sac\u00f3 a Branto Ayala de la escena del crimen.<\/p>\n\n\n\n<p>Fuente: San Pedro Informa<\/p>\n","protected":false},"excerpt":{"rendered":"<p>Ya hab\u00eda sido hallado culpable por el jurado y en el mediod\u00eda del lunes el Tribunal le aplic\u00f3 una dura condena por el asesinato del polic\u00eda. Este lunes se conoci\u00f3 la condena que recibi\u00f3 Roberto Branto Ayala al haber sido hallado responsable del asesinato del polic\u00eda Nelson Lillo. El delincuente oriundo de Baradero deber\u00e1 purgar [&hellip;]<\/p>\n","protected":false},"author":4,"featured_media":111943,"comment_status":"closed","ping_status":"closed","sticky":false,"template":"","format":"standard","meta":{"om_disable_all_campaigns":false,"_jetpack_memberships_contains_paid_content":false,"footnotes":""},"categories":[50,2,103],"tags":[197,3140,33,95,19],"class_list":["post-111942","post","type-post","status-publish","format-standard","has-post-thumbnail","hentry","category-destacadas","category-locales","category-policiales-locales","tag-buenos-aires","tag-caso-lillo-condenaron-a-48-anos-de-carcel-a-roberto-branto-ayala","tag-locales","tag-policiales","tag-san-pedro"],"aioseo_notices":[],"gutentor_comment":0,"jetpack_featured_media_url":"https:\/\/eldiariodesanpedro.com.ar\/sitio\/wp-content\/uploads\/2022\/11\/0000021353-resized-1920x1080-1.jpg","jetpack_shortlink":"https:\/\/wp.me\/p6RhLt-t7w","jetpack_sharing_enabled":true,"_links":{"self":[{"href":"https:\/\/eldiariodesanpedro.com.ar\/sitio\/wp-json\/wp\/v2\/posts\/111942","targetHints":{"allow":["GET"]}}],"collection":[{"href":"https:\/\/eldiariodesanpedro.com.ar\/sitio\/wp-json\/wp\/v2\/posts"}],"about":[{"href":"https:\/\/eldiariodesanpedro.com.ar\/sitio\/wp-json\/wp\/v2\/types\/post"}],"author":[{"embeddable":true,"href":"https:\/\/eldiariodesanpedro.com.ar\/sitio\/wp-json\/wp\/v2\/users\/4"}],"replies":[{"embeddable":true,"href":"https:\/\/eldiariodesanpedro.com.ar\/sitio\/wp-json\/wp\/v2\/comments?post=111942"}],"version-history":[{"count":1,"href":"https:\/\/eldiariodesanpedro.com.ar\/sitio\/wp-json\/wp\/v2\/posts\/111942\/revisions"}],"predecessor-version":[{"id":111944,"href":"https:\/\/eldiariodesanpedro.com.ar\/sitio\/wp-json\/wp\/v2\/posts\/111942\/revisions\/111944"}],"wp:featuredmedia":[{"embeddable":true,"href":"https:\/\/eldiariodesanpedro.com.ar\/sitio\/wp-json\/wp\/v2\/media\/111943"}],"wp:attachment":[{"href":"https:\/\/eldiariodesanpedro.com.ar\/sitio\/wp-json\/wp\/v2\/media?parent=111942"}],"wp:term":[{"taxonomy":"category","embeddable":true,"href":"https:\/\/eldiariodesanpedro.com.ar\/sitio\/wp-json\/wp\/v2\/categories?post=111942"},{"taxonomy":"post_tag","embeddable":true,"href":"https:\/\/eldiariodesanpedro.com.ar\/sitio\/wp-json\/wp\/v2\/tags?post=111942"}],"curies":[{"name":"wp","href":"https:\/\/api.w.org\/{rel}","templated":true}]}}